{"id":10208,"date":"2025-11-05T11:53:54","date_gmt":"2025-11-05T10:53:54","guid":{"rendered":"https:\/\/www.erboristeriasalute.com\/news\/?p=10208"},"modified":"2025-11-05T11:53:56","modified_gmt":"2025-11-05T10:53:56","slug":"microbiota-vie-respiratorie","status":"publish","type":"post","link":"https:\/\/www.erboristeriasalute.com\/news\/microbiota-vie-respiratorie\/","title":{"rendered":"ANCHE LE VIE RESPIRATORIE HANNO IL LORO MICROBIOTA (E CI PROTEGGE DALLE INFEZIONI)"},"content":{"rendered":"\t\t<div data-elementor-type=\"wp-post\" data-elementor-id=\"10208\" class=\"elementor elementor-10208\">\n\t\t\t\t\t\t<section class=\"elementor-section elementor-top-section elementor-element elementor-element-668a524 elementor-section-boxed elementor-section-height-default elementor-section-height-default\" data-id=\"668a524\" data-element_type=\"section\" data-e-type=\"section\">\n\t\t\t\t\t\t<div class=\"elementor-container elementor-column-gap-default\">\n\t\t\t\t\t<div class=\"elementor-column elementor-col-100 elementor-top-column elementor-element elementor-element-6749b72\" data-id=\"6749b72\" data-element_type=\"column\" data-e-type=\"column\">\n\t\t\t<div class=\"elementor-widget-wrap elementor-element-populated\">\n\t\t\t\t\t\t<div class=\"elementor-element elementor-element-34cff0b elementor-widget elementor-widget-text-editor\" data-id=\"34cff0b\" data-element_type=\"widget\" data-e-type=\"widget\" data-widget_type=\"text-editor.default\">\n\t\t\t\t<div class=\"elementor-widget-container\">\n\t\t\t\t\t\t\t\t\t<p><em>Sapevi che l\u2019apparato respiratorio ospita un proprio microbiota? E non si tratta di batteri nocivi, ma di guardiani della nostra salute, che contribuiscono a proteggerci dalle infezioni.<\/em><\/p><p>Di microbiota si parla tantissimo in questi ultimi anni. Il pi\u00f9 famoso e meglio conosciuto, anche perch\u00e9 il pi\u00f9 abbondante, \u00e8 senza dubbio quello <a href=\"https:\/\/www.erboristeriasalute.com\/news\/composizione-microbiota-intestinale-eubiosi-disbiosi\/\" target=\"_blank\" rel=\"noopener\">intestinale<\/a>; ma, grazie ai progressi nelle tecniche di indagine microbiologica, gli studi pi\u00f9 recenti stanno svelando che anche organi un tempo ritenuti sterili ospitano un loro microbiota: ad esempio l\u2019<a href=\"https:\/\/www.erboristeriasalute.com\/news\/microbiota-endometriale\/\" target=\"_blank\" rel=\"noopener\">utero<\/a>. E anche le vie respiratorie.<\/p><p>Normalmente equipariamo la presenza di batteri nel naso, nella gola o nei polmoni a infezioni come il raffreddore, la tonsillite o la polmonite. Queste sono situazioni eccezionali: in condizioni normali nelle nostre vie respiratorie risiede una comunit\u00e0 di microrganismi (soprattutto batteri) che non solo non provocano danni, ma anzi salvaguardano la nostra salute. Iniziamo a conoscerli pi\u00f9 da vicino.<\/p><h2>Come \u00e8 fatto il microbiota delle vie respiratorie?<\/h2><p><strong>Il nostro sistema respiratorio si pu\u00f2 dividere in due parti: le vie aeree superiori <\/strong>(naso, seni nasali, faringe, laringe) <strong>e quelle inferiori<\/strong> (trachea, bronchi, bronchioli e alveoli polmonari). La superficie complessiva di tutti questi organi misura 70 m<sup>2<\/sup> (40 volte pi\u00f9 della pelle!), ed \u00e8 interamente popolata di microrganismi, con una composizione diversa nei diversi tratti.<\/p><h4>Vie respiratorie superiori<\/h4><p>Le <strong>vie aeree superiori<\/strong> sono la parte pi\u00f9 densamente popolata. Le <strong>narici<\/strong> ospitano un microbiota molto simile a <a href=\"https:\/\/www.erboristeriasalute.com\/news\/il-microbiota-cutaneo\/\" target=\"_blank\" rel=\"noopener\">quello della pelle<\/a>, in cui le specie pi\u00f9 abbondanti sono <em>Staphylococcus<\/em>, <em>Propionibacterium<\/em> e <em>Corynebacterium<\/em>. Addentrandosi nelle cavit\u00e0 nasali, a questi batteri tipicamente cutanei si sommano specie caratteristiche della <strong>rinofaringe<\/strong> (la parte pi\u00f9 profonda del naso) come <em>Dolosigranulum<\/em>, <em>Haemophilus<\/em> e <em>Streptococcus<\/em>. L\u2019<strong>orofaringe<\/strong>, cio\u00e8 la cavit\u00e0 che collega naso e gola, ospita un microbiota ancora diverso, composto da <em>Streptococcus<\/em>, <em>Neisseria<\/em>, <em>Rothia<\/em>, <em>Veillonella<\/em>, <em>Prevotella<\/em>, <em>Leptotrichia<\/em>. Queste differenze nella composizione del microbiota rispecchiano le differenze ambientali, poich\u00e9 ogni tratto \u00e8 composto da cellule differenti e ha caratteristiche fisico-chimiche (temperatura, umidit\u00e0, pH, concentrazione di ossigeno e di anidride carbonica) diverse.<\/p><p>Oltre ai batteri, le vie aeree superiori ospitano molti <strong>virus<\/strong> (anche potenzialmente patogeni, come quelli che causano raffreddori e sindromi influenzali) e una piccola quantit\u00e0 di <strong>funghi<\/strong> dei generi <em>Aspergillus<\/em>, <em>Penicillium<\/em>, <em>Candida<\/em> e <em>Alternaria<\/em>.<\/p><h4>Vie respiratorie inferiori<\/h4><p>Scendendo nella trachea e poi nei polmoni, <strong>la quantit\u00e0 di microrganismi si riduce<\/strong> gradualmente. I batteri che troviamo nei polmoni sono spesso \u201cvisitatori\u201d che arrivano dalle vie aeree superiori, in particolare dall\u2019orofaringe. Gli scienziati pensano che il microbiota dei polmoni sani non sia una comunit\u00e0 stabile e residente come quella delle vie respiratorie superiori, ma piuttosto un <strong>flusso continuo di ospiti temporanei provenienti dall\u2019alto<\/strong>, il cui equilibrio \u00e8 mantenuto da un costante processo di arrivo ed eliminazione. Anche se probabilmente esistono eccezioni, cio\u00e8 batteri che vivono stabilmente nei polmoni e che non ritroviamo nel tratto superiore, come il <em>Tropheryma whipplei<\/em>.<\/p><h2>Cosa fa per noi il microbiota delle vie respiratorie?<\/h2><p>La funzione principale di un microbiota respiratorio sano \u00e8 fornire quella che gli scienziati chiamano \u201cresistenza alla colonizzazione\u201d: funge cio\u00e8 da <strong>scudo contro la colonizzazione da parte di microrganismi estranei e potenzialmente patogeni<\/strong>.<\/p><p>Questa protezione avviene attraverso diversi meccanismi. Il pi\u00f9 semplice \u00e8 anche uno dei pi\u00f9 efficaci: la <strong>competizione per spazio e sostanze nutritive<\/strong>. L\u2019enorme numero di batteri residenti nelle vie respiratorie superiori, occupando tutto lo spazio e sfruttando tutte le risorse disponibili, rende molto difficile per un \u201cnuovo arrivato\u201d insediarsi e moltiplicarsi.<\/p><p>Ci sono poi alcuni batteri particolarmente degni di nota in quanto<strong> combattono attivamente gli intrusi<\/strong>: ad esempio <em>Dolosigranulum<\/em> e <em>Corynebacterium<\/em> contrastano lo pneumococco, mentre <em>Staphylococcus epidermidis<\/em>, uno stafilococco innocuo, \u00e8 molto abile nel combattere il suo \u201ccugino\u201d pi\u00f9 aggressivo <em>Staphylococcus aureus<\/em>.<\/p><p>Gli studi confermano che chi ospita quantit\u00e0 maggiori di <em>Dolosigranulum<\/em> e <em>Corynebacterium <\/em>nelle vie aeree superiori ha un <strong>rischio inferiore di contrarre infezioni respiratorie<\/strong>: non solo del naso e della gola, ma anche le ben pi\u00f9 temibili polmoniti. Perch\u00e9? Perch\u00e9 tutti i principali patogeni responsabili delle infezioni polmonari per prima cosa colonizzano in modo asintomatico la cavit\u00e0 nasale e la faringe, e poi da l\u00ec invadono i polmoni. Il microbiota delle vie respiratorie superiori, mantenendoli sotto controllo, ha quindi la funzione fondamentale di <strong>salvaguardare la salute dei polmoni<\/strong>.<\/p>\t\t\t\t\t\t\t\t<\/div>\n\t\t\t\t<\/div>\n\t\t\t\t\t<\/div>\n\t\t<\/div>\n\t\t\t\t\t<\/div>\n\t\t<\/section>\n\t\t\t\t<section class=\"elementor-section elementor-top-section elementor-element elementor-element-0e100a0 elementor-section-boxed elementor-section-height-default elementor-section-height-default\" data-id=\"0e100a0\" data-element_type=\"section\" data-e-type=\"section\">\n\t\t\t\t\t\t<div class=\"elementor-container elementor-column-gap-default\">\n\t\t\t\t\t<div class=\"elementor-column elementor-col-100 elementor-top-column elementor-element elementor-element-71e2ac8\" data-id=\"71e2ac8\" data-element_type=\"column\" data-e-type=\"column\">\n\t\t\t<div class=\"elementor-widget-wrap elementor-element-populated\">\n\t\t\t\t\t\t<div class=\"elementor-element elementor-element-a69f472 elementor-widget elementor-widget-image\" data-id=\"a69f472\" data-element_type=\"widget\" data-e-type=\"widget\" data-widget_type=\"image.default\">\n\t\t\t\t<div class=\"elementor-widget-container\">\n\t\t\t\t\t\t\t\t\t\t\t\t\t\t\t<img fetchpriority=\"high\" decoding=\"async\" width=\"750\" height=\"450\" src=\"https:\/\/www.erboristeriasalute.com\/news\/wp-content\/uploads\/2025\/11\/microbiota-vie-respiratorie.jpg\" class=\"attachment-large size-large wp-image-10210\" alt=\"microbiota vie respiratorie\" srcset=\"https:\/\/www.erboristeriasalute.com\/news\/wp-content\/uploads\/2025\/11\/microbiota-vie-respiratorie.jpg 750w, https:\/\/www.erboristeriasalute.com\/news\/wp-content\/uploads\/2025\/11\/microbiota-vie-respiratorie-300x180.jpg 300w\" sizes=\"(max-width: 750px) 100vw, 750px\" \/>\t\t\t\t\t\t\t\t\t\t\t\t\t\t\t<\/div>\n\t\t\t\t<\/div>\n\t\t\t\t\t<\/div>\n\t\t<\/div>\n\t\t\t\t\t<\/div>\n\t\t<\/section>\n\t\t\t\t<section class=\"elementor-section elementor-top-section elementor-element elementor-element-f7e8ba9 elementor-section-boxed elementor-section-height-default elementor-section-height-default\" data-id=\"f7e8ba9\" data-element_type=\"section\" data-e-type=\"section\">\n\t\t\t\t\t\t<div class=\"elementor-container elementor-column-gap-default\">\n\t\t\t\t\t<div class=\"elementor-column elementor-col-100 elementor-top-column elementor-element elementor-element-804d6aa\" data-id=\"804d6aa\" data-element_type=\"column\" data-e-type=\"column\">\n\t\t\t<div class=\"elementor-widget-wrap elementor-element-populated\">\n\t\t\t\t\t\t<div class=\"elementor-element elementor-element-fc7670f elementor-widget elementor-widget-text-editor\" data-id=\"fc7670f\" data-element_type=\"widget\" data-e-type=\"widget\" data-widget_type=\"text-editor.default\">\n\t\t\t\t<div class=\"elementor-widget-container\">\n\t\t\t\t\t\t\t\t\t<p>Un secondo ruolo del microbiota delle vie respiratorie \u00e8 quello di <strong>modellare le difese immunitarie locali<\/strong>. I batteri, infatti, sono in dialogo costante con il sistema immunitario: da un lato, questa interazione continua mantiene le nostre cellule immunitarie sempre all\u2019erta e <strong>pronte a reagire a una vera minaccia<\/strong>, dall\u2019altro insegna loro a <strong>non reagire in modo esagerato<\/strong>, evitando cos\u00ec infiammazioni inutili o eccessivi \u201cdanni collaterali\u201d ai tessuti nel momento in cui devono combattere un nemico. In pratica il microbiota aiuta a calibrare la risposta immunitaria, mantenendola in un <strong>corretto equilibrio<\/strong>.<\/p><p>Si \u00e8 visto, per esempio, che batteri come <em>Veillonella<\/em> e <em>Prevotella<\/em> attivano le difese immunitarie a livello polmonare, e la loro abbondanza \u00e8 associata a <strong>esiti migliori nei pazienti affetti da polmonite<\/strong>. Ma il microbiota ci aiuta a prevenire e contrastare anche le <strong>infezioni virali<\/strong>, come dimostra l\u2019osservazione che il rischio di contrarre l\u2019influenza cambia a seconda della composizione del microbiota naso-faringeo.<\/p><h2>Prendersi cura del microbiota respiratorio<\/h2><p>Ma <strong>da cosa dipende il fatto che il microbiota delle vie respiratorie sia pi\u00f9 o meno in salute<\/strong>, e quindi pi\u00f9 o meno efficiente nel proteggerci?<\/p><p>Un ruolo lo gioca anzitutto il nostro <strong>patrimonio genetico<\/strong>, in particolare i geni collegati al sistema immunitario. Piccole differenze nel modo in cui funzionano le nostre difese, infatti, possono influire sul tipo di equilibrio che si instaura con i microrganismi commensali. Gli studi hanno rivelato che la genetica influenza soprattutto il microbiota dei polmoni, mentre ha un effetto minore su quello di naso e gola.<\/p><p>Un\u2019altra parte della risposta sta nella nostra <strong>primissima infanzia<\/strong>. Il microbiota infatti comincia a svilupparsi subito dopo la nascita, quando il neonato viene investito da un\u2019ondata di microbi provenienti dalla madre e dall\u2019ambiente circostante, e si stabilizza nel giro di qualche anno. I <strong>fattori che modulano la sua composizione durante questo periodo iniziale<\/strong> hanno quindi un\u2019influenza particolarmente importante e duratura.<\/p><p>Quali sono questi fattori? In modo simile a quel che accade per il microbiota intestinale, anche quello respiratorio \u00e8 influenzato positivamente dal <strong>parto naturale<\/strong> e dall\u2019<strong>allattamento al seno<\/strong>, mentre gli <strong>antibiotici<\/strong> lo perturbano e aumentano il rischio di successive infezioni. Un altro importante fattore di disturbo del microbiota infantile sono le <strong>infezioni respiratorie virali<\/strong>, che inducono disbiosi nella comunit\u00e0 batterica. Alcuni dati indicano inoltre che l\u2019esposizione al <strong>fumo di sigaretta<\/strong> e la frequentazione dell\u2019<strong>asilo nido <\/strong>aumentino i livelli di pneumococco (patogeno responsabile della polmonite) nel microbiota, mentre la <strong>vaccinazione antipneumococcica<\/strong>, pur riducendo drasticamente i livelli di questo batterio, favorisca la colonizzazione da parte di un altro patogeno, <em>Staphylococcus aureus<\/em>.<\/p><p>Anche se il microbiota degli adulti \u00e8 pi\u00f9 stabile di quello dei bambini, ci sono comunque <strong>fattori in grado di influenzarlo per tutta la durata della vita<\/strong>. Ecco i principali:<\/p><p><strong>Antibiotici<\/strong>. Alterano il microbiota respiratorio, spesso riducendone la biodiversit\u00e0 e favorendo la disbiosi.<\/p><p><strong>Inquinamento atmosferico<\/strong>. Anch\u2019esso riduce la biodiversit\u00e0 del microbiota, e aumenta l\u2019abbondanza di batteri e funghi potenzialmente patogeni.<\/p><p><strong>Fumo di sigaretta<\/strong>. Modifica significativamente il microbiota orofaringeo, riducendone la biodiversit\u00e0 e arricchendolo di patogeni associati a malattie respiratorie (e anche parodontali LINK). Sorprendentemente, il fumo ha un effetto maggiore sul microbiota delle alte vie respiratorie che su quello polmonare.<\/p><p><strong>Contatto con i bambini<\/strong>. Il contatto regolare con i bambini aumenta l\u2019abbondanza di batteri potenzialmente patogeni negli adulti, riflettendo uno scambio microbico.<\/p><h2>Prospettive future<\/h2><p>Il microbiota delle vie respiratorie, come abbiamo visto, \u00e8 un partner vitale per la nostra salute. Agisce come una prima linea di difesa, un guardiano invisibile che ci protegge dalle infezioni e dialoga costantemente con il nostro sistema immunitario.<\/p><p>Queste nuove conoscenze promettono di portare <strong>grandi cambiamenti nel modo in cui affrontiamo le malattie respiratorie<\/strong>. I ricercatori stanno gi\u00e0 studiando, per esempio, lo sviluppo di probiotici specifici per le vie aeree, come spray nasali contenenti batteri benefici. La strada \u00e8 ancora lunga, ma in futuro la terapia delle infezioni respiratorie potrebbe consistere non solo nel combattere i nemici, ma anche nel nutrire e rafforzare i nostri pi\u00f9 antichi e fidati alleati.<\/p>\t\t\t\t\t\t\t\t<\/div>\n\t\t\t\t<\/div>\n\t\t\t\t\t<\/div>\n\t\t<\/div>\n\t\t\t\t\t<\/div>\n\t\t<\/section>\n\t\t\t\t<section class=\"elementor-section elementor-top-section elementor-element elementor-element-45d5832c elementor-section-boxed elementor-section-height-default elementor-section-height-default\" data-id=\"45d5832c\" data-element_type=\"section\" data-e-type=\"section\">\n\t\t\t\t\t\t<div class=\"elementor-container elementor-column-gap-default\">\n\t\t\t\t\t<div class=\"elementor-column elementor-col-100 elementor-top-column elementor-element elementor-element-62973fd4\" data-id=\"62973fd4\" data-element_type=\"column\" data-e-type=\"column\">\n\t\t\t<div class=\"elementor-widget-wrap elementor-element-populated\">\n\t\t\t\t\t\t<section class=\"elementor-section elementor-inner-section elementor-element elementor-element-25b9ffd7 elementor-section-boxed elementor-section-height-default elementor-section-height-default\" data-id=\"25b9ffd7\" data-element_type=\"section\" data-e-type=\"section\">\n\t\t\t\t\t\t<div class=\"elementor-container elementor-column-gap-default\">\n\t\t\t\t\t<div class=\"elementor-column elementor-col-100 elementor-inner-column elementor-element elementor-element-6d4de2c4\" data-id=\"6d4de2c4\" data-element_type=\"column\" data-e-type=\"column\">\n\t\t\t<div class=\"elementor-widget-wrap elementor-element-populated\">\n\t\t\t\t\t\t<div class=\"elementor-element elementor-element-2ada795 elementor-widget elementor-widget-text-editor\" data-id=\"2ada795\" data-element_type=\"widget\" data-e-type=\"widget\" data-widget_type=\"text-editor.default\">\n\t\t\t\t<div class=\"elementor-widget-container\">\n\t\t\t\t\t\t\t\t\t<h2 style=\"text-align: center;\"><span style=\"color: #333399;\">\u00c8 arrivato il momento di pensare ai malanni di stagione!<\/span><\/h2><h2 style=\"text-align: center;\"><span style=\"color: #333399;\">Prova il nostro <a href=\"https:\/\/www.erboristeriasalute.com\/prodotto\/pacchetto-inverno\/\" target=\"_blank\" rel=\"noopener\">PACCHETTO INVERNO<\/a>!<\/span><\/h2>\t\t\t\t\t\t\t\t<\/div>\n\t\t\t\t<\/div>\n\t\t\t\t\t<\/div>\n\t\t<\/div>\n\t\t\t\t\t<\/div>\n\t\t<\/section>\n\t\t\t\t<div class=\"elementor-element elementor-element-443ca931 elementor-widget elementor-widget-image\" data-id=\"443ca931\" data-element_type=\"widget\" data-e-type=\"widget\" data-widget_type=\"image.default\">\n\t\t\t\t<div class=\"elementor-widget-container\">\n\t\t\t\t\t\t\t\t\t\t\t\t\t\t\t\t<a href=\"https:\/\/www.erboristeriasalute.com\/prodotto\/c-fast-masticabile\/\" target=\"_blank\">\n\t\t\t\t\t\t\t<img decoding=\"async\" src=\"https:\/\/www.erboristeriasalute.com\/news\/wp-content\/uploads\/elementor\/thumbs\/Pacchetto-inverno-24-ita-re977fnad77fxk8bbjnk7ju4acvstwgm9w8y60wzhi.jpg\" title=\"Pacchetto-inverno-24-ita\" alt=\"Pacchetto-inverno-24-ita\" loading=\"lazy\" \/>\t\t\t\t\t\t\t\t<\/a>\n\t\t\t\t\t\t\t\t\t\t\t\t\t\t\t<\/div>\n\t\t\t\t<\/div>\n\t\t\t\t<div class=\"elementor-element elementor-element-5722b69b elementor-widget elementor-widget-text-editor\" data-id=\"5722b69b\" data-element_type=\"widget\" data-e-type=\"widget\" data-widget_type=\"text-editor.default\">\n\t\t\t\t<div class=\"elementor-widget-container\">\n\t\t\t\t\t\t\t\t\t<p><strong>Abbiamo pensato proprio a tutto:<\/strong> sia a rinforzare le difese immunitarie (il nostro primo strumento contro i malanni invernali), che a intervenire subito contro i sintomi dei disturbi pi\u00f9 comuni nelle stagioni fredde (tosse, raffreddore, mal di gola, influenza\u2026)<\/p><h4><strong>Ecco nel dettaglio la nostra strategia per un INVERNO sereno e in salute in modo naturale:<\/strong><\/h4><ul><li><strong><a href=\"https:\/\/www.erboristeriasalute.com\/prodotto\/fito-sostegno-immuno\/\" target=\"_blank\" rel=\"noopener\">FITOSOSTEGNO IMMUNO<\/a>:\u00a0<\/strong>come prevenzione e sostegno delle\u00a0difese immunitarie. Assumere 1 compressa prima di colazione per 40 giorni.<\/li><li><strong><a href=\"https:\/\/www.erboristeriasalute.com\/prodotto\/propoli-spray-balsamico\/\" target=\"_blank\" rel=\"noopener\">PROPOLI SPRAY BALSAMICO<\/a>:\u00a0<\/strong>da utilizzare al bisogno ai primissimi sintomi di gola irritata, ma anche a scopo preventivo, quando si \u00e8 esposti al freddo. Si consigliano 3 erogazioni per 3 volte al giorno con durata di 6 giorni consecutivi.<\/li><li><strong><a href=\"https:\/\/www.erboristeriasalute.com\/prodotto\/propol-inf\/\" target=\"_blank\" rel=\"noopener\">PROPOL-INF<\/a>:\u00a0<\/strong>da assumere nei primissimi sintomi di mal di gola, raffreddore, influenza e tosse.<\/li><li><strong><a href=\"https:\/\/www.erboristeriasalute.com\/prodotto\/altea-composta-stick\/\" target=\"_blank\" rel=\"noopener\">ALTEA COMPOSTA STIK<\/a>:\u00a0<\/strong>come rimedio per la tosse.<\/li><\/ul><p>Scopri i nostri migliori prodotti, pensati sia per un\u2019azione preventiva che per contrastare i sintomi dei tipici malanni invernali in modo naturale.<br \/><strong>Acquistando l&#8217;intero <a href=\"https:\/\/www.erboristeriasalute.com\/prodotto\/pacchetto-inverno\/\" target=\"_blank\" rel=\"noopener\">PACCHETTO<\/a> avrai uno SCONTO ECCEZIONALE!<br \/>APPROFITTANE!<\/strong><\/p>\t\t\t\t\t\t\t\t<\/div>\n\t\t\t\t<\/div>\n\t\t\t\t\t<\/div>\n\t\t<\/div>\n\t\t\t\t\t<\/div>\n\t\t<\/section>\n\t\t\t\t<section class=\"elementor-section elementor-top-section elementor-element elementor-element-a2e2c28 elementor-section-boxed elementor-section-height-default elementor-section-height-default\" data-id=\"a2e2c28\" data-element_type=\"section\" data-e-type=\"section\">\n\t\t\t\t\t\t<div class=\"elementor-container elementor-column-gap-default\">\n\t\t\t\t\t<div class=\"elementor-column elementor-col-100 elementor-top-column elementor-element elementor-element-3d11c34\" data-id=\"3d11c34\" data-element_type=\"column\" data-e-type=\"column\">\n\t\t\t<div class=\"elementor-widget-wrap elementor-element-populated\">\n\t\t\t\t\t\t<div class=\"elementor-element elementor-element-d6453dd elementor-widget elementor-widget-text-editor\" data-id=\"d6453dd\" data-element_type=\"widget\" data-e-type=\"widget\" data-widget_type=\"text-editor.default\">\n\t\t\t\t<div class=\"elementor-widget-container\">\n\t\t\t\t\t\t\t\t\t<p>Fonti scientifiche:<\/p><p>Man, W. H., de Steenhuijsen Piters, W. A., &amp; Bogaert, D. (2017). The microbiota of the respiratory tract: gatekeeper to respiratory health.\u00a0<em>Nature Reviews Microbiology<\/em>,\u00a0<em>15<\/em>(5), 259-270. <a href=\"https:\/\/doi.org\/10.1038\/nrmicro.2017.14\" target=\"_blank\" rel=\"noopener\">https:\/\/doi.org\/10.1038\/nrmicro.2017.14<\/a><\/p><p>Drigot, Z. G., &amp; Clark, S. E. (2024). Insights into the role of the respiratory tract microbiome in defense against bacterial pneumonia.\u00a0<em>Current opinion in microbiology<\/em>,\u00a0<em>77<\/em>, 102428. <a href=\"https:\/\/doi.org\/10.1016\/j.mib.2024.102428\" target=\"_blank\" rel=\"noopener\">https:\/\/doi.org\/10.1016\/j.mib.2024.102428<\/a><\/p><p>Tsang, T. K., Lee, K. H., Foxman, B., Balmaseda, A., Gresh, L., Sanchez, N., &#8230; &amp; Gordon, A. (2020). Association between the respiratory microbiome and susceptibility to influenza virus infection.\u00a0<em>Clinical Infectious Diseases<\/em>,\u00a0<em>71<\/em>(5), 1195-1203. <a href=\"https:\/\/doi.org\/10.1093\/cid\/ciz968\" target=\"_blank\" rel=\"noopener\">https:\/\/doi.org\/10.1093\/cid\/ciz968<\/a><\/p><p>Greenberg, D., Givon-Lavi, N., Broides, A., Blancovich, I., Peled, N., &amp; Dagan, R. (2006). The contribution of smoking and exposure to tobacco smoke to Streptococcus pneumoniae and Haemophilus influenzae carriage in children and their mothers.\u00a0<em>Clinical Infectious Diseases<\/em>,\u00a0<em>42<\/em>(7), 897-903. <a href=\"https:\/\/doi.org\/10.1086\/500935\" target=\"_blank\" rel=\"noopener\">https:\/\/doi.org\/10.1086\/500935<\/a><\/p><p>Bogaert, D., van Belkum, A., Sluijter, M., Luijendijk, A., de Groot, R., R\u00fcmke, H. C., &#8230; &amp; Hermans, P. W. M. (2004). Colonisation by Streptococcus pneumoniae and Staphylococcus aureus in healthy children.\u00a0<em>The Lancet<\/em>,\u00a0<em>363<\/em>(9424), 1871-1872. <a href=\"https:\/\/doi.org\/10.1016\/S0140-6736(04)16357-5\" target=\"_blank\" rel=\"noopener\">https:\/\/doi.org\/10.1016\/S0140-6736(04)16357-5<\/a><\/p><p>Spijkerman, J., Prevaes, S. M., van Gils, E. J., Veenhoven, R. H., Bruin, J. P., Bogaert, D., &#8230; &amp; Sanders, E. A. (2012). Long-term effects of pneumococcal conjugate vaccine on nasopharyngeal carriage of S. pneumoniae, S. aureus, H. influenzae and M. catarrhalis.\u00a0<em>PloS one<\/em>,\u00a0<em>7<\/em>(6), e39730. <a href=\"https:\/\/doi.org\/10.1371\/journal.pone.0039730\" target=\"_blank\" rel=\"noopener\">https:\/\/doi.org\/10.1371\/journal.pone.0039730<\/a><\/p>\t\t\t\t\t\t\t\t<\/div>\n\t\t\t\t<\/div>\n\t\t\t\t\t<\/div>\n\t\t<\/div>\n\t\t\t\t\t<\/div>\n\t\t<\/section>\n\t\t\t\t<section class=\"elementor-section elementor-top-section elementor-element elementor-element-63c9deff elementor-section-boxed elementor-section-height-default elementor-section-height-default\" data-id=\"63c9deff\" data-element_type=\"section\" data-e-type=\"section\">\n\t\t\t\t\t\t<div class=\"elementor-container elementor-column-gap-default\">\n\t\t\t\t\t<div class=\"elementor-column elementor-col-100 elementor-top-column elementor-element elementor-element-6026cba2\" data-id=\"6026cba2\" data-element_type=\"column\" data-e-type=\"column\">\n\t\t\t<div class=\"elementor-widget-wrap elementor-element-populated\">\n\t\t\t\t\t\t<div class=\"elementor-element elementor-element-217d4943 elementor-widget elementor-widget-text-editor\" data-id=\"217d4943\" data-element_type=\"widget\" data-e-type=\"widget\" data-widget_type=\"text-editor.default\">\n\t\t\t\t<div class=\"elementor-widget-container\">\n\t\t\t\t\t\t\t\t\t<p><span style=\"color: #0000ff;\"><strong><em>Ti \u00e8 piaciuto questo articolo? Allora fallo leggere anche ai tuoi amici!<br \/>Condividilo sui social e metti un \u201cmi piace\u201d al nostro profilo!<\/em><\/strong><\/span><\/p>\t\t\t\t\t\t\t\t<\/div>\n\t\t\t\t<\/div>\n\t\t\t\t\t<\/div>\n\t\t<\/div>\n\t\t\t\t\t<\/div>\n\t\t<\/section>\n\t\t\t\t<\/div>\n\t\t","protected":false},"excerpt":{"rendered":"<p>Sapevi che l\u2019apparato respiratorio ospita un proprio microbiota? E non si tratta di batteri nocivi, ma di guardiani della nostra salute, che contribuiscono a proteggerci dalle infezioni. Di microbiota si parla tantissimo in questi ultimi<\/p>\n","protected":false},"author":3,"featured_media":10210,"comment_status":"closed","ping_status":"closed","sticky":false,"template":"","format":"standard","meta":{"footnotes":""},"categories":[1],"tags":[327,314,45,236,5,333,512,126],"class_list":["post-10208","post","type-post","status-publish","format-standard","has-post-thumbnail","hentry","category-salute","tag-inverno","tag-malanni","tag-malanni-di-stagione","tag-malanni-invernali","tag-malanni-stagionali","tag-microbiota","tag-pacchetto-inverno","tag-vie-respiratorie"],"_links":{"self":[{"href":"https:\/\/www.erboristeriasalute.com\/news\/wp-json\/wp\/v2\/posts\/10208","targetHints":{"allow":["GET"]}}],"collection":[{"href":"https:\/\/www.erboristeriasalute.com\/news\/wp-json\/wp\/v2\/posts"}],"about":[{"href":"https:\/\/www.erboristeriasalute.com\/news\/wp-json\/wp\/v2\/types\/post"}],"author":[{"embeddable":true,"href":"https:\/\/www.erboristeriasalute.com\/news\/wp-json\/wp\/v2\/users\/3"}],"replies":[{"embeddable":true,"href":"https:\/\/www.erboristeriasalute.com\/news\/wp-json\/wp\/v2\/comments?post=10208"}],"version-history":[{"count":4,"href":"https:\/\/www.erboristeriasalute.com\/news\/wp-json\/wp\/v2\/posts\/10208\/revisions"}],"predecessor-version":[{"id":10217,"href":"https:\/\/www.erboristeriasalute.com\/news\/wp-json\/wp\/v2\/posts\/10208\/revisions\/10217"}],"wp:featuredmedia":[{"embeddable":true,"href":"https:\/\/www.erboristeriasalute.com\/news\/wp-json\/wp\/v2\/media\/10210"}],"wp:attachment":[{"href":"https:\/\/www.erboristeriasalute.com\/news\/wp-json\/wp\/v2\/media?parent=10208"}],"wp:term":[{"taxonomy":"category","embeddable":true,"href":"https:\/\/www.erboristeriasalute.com\/news\/wp-json\/wp\/v2\/categories?post=10208"},{"taxonomy":"post_tag","embeddable":true,"href":"https:\/\/www.erboristeriasalute.com\/news\/wp-json\/wp\/v2\/tags?post=10208"}],"curies":[{"name":"wp","href":"https:\/\/api.w.org\/{rel}","templated":true}]}}