{"id":106,"date":"2017-12-20T15:54:11","date_gmt":"2017-12-20T14:54:11","guid":{"rendered":"https:\/\/erboristeriasalute.com\/news\/?p=106"},"modified":"2022-10-06T17:14:23","modified_gmt":"2022-10-06T15:14:23","slug":"clima-freddo-difendi-la-tua-pelle","status":"publish","type":"post","link":"https:\/\/www.erboristeriasalute.com\/news\/clima-freddo-difendi-la-tua-pelle\/","title":{"rendered":"CLIMA FREDDO, DIFENDI LA TUA PELLE"},"content":{"rendered":"\t\t<div data-elementor-type=\"wp-post\" data-elementor-id=\"106\" class=\"elementor elementor-106\">\n\t\t\t\t\t\t<section class=\"elementor-section elementor-top-section elementor-element elementor-element-9ce2904 elementor-section-boxed elementor-section-height-default elementor-section-height-default\" data-id=\"9ce2904\" data-element_type=\"section\" data-e-type=\"section\">\n\t\t\t\t\t\t<div class=\"elementor-container elementor-column-gap-default\">\n\t\t\t\t\t<div class=\"elementor-column elementor-col-100 elementor-top-column elementor-element elementor-element-9a14239\" data-id=\"9a14239\" data-element_type=\"column\" data-e-type=\"column\">\n\t\t\t<div class=\"elementor-widget-wrap elementor-element-populated\">\n\t\t\t\t\t\t<div class=\"elementor-element elementor-element-049b3a0 elementor-widget elementor-widget-text-editor\" data-id=\"049b3a0\" data-element_type=\"widget\" data-e-type=\"widget\" data-widget_type=\"text-editor.default\">\n\t\t\t\t<div class=\"elementor-widget-container\">\n\t\t\t\t\t\t\t\t\t<p><span style=\"font-size: 1rem;\">Le basse temperature, tipiche dei mesi pi\u00f9 freddi, mettono a dura prova la nostra pelle che tende ad apparire pi\u00f9 spenta e rovinata. Se vuoi mantenere un aspetto luminoso e curare la pelle anche in inverno, \u00e8 necessario attuare una maggiore cura e adottare alcuni accorgimenti, soprattutto se si trascorre del tempo all&#8217;aria aperta.<br \/><\/span><span style=\"font-size: 1rem;\"><br \/>L&#8217;esposizione prolungata alle basse temperature, infatti, pu\u00f2 dar luogo a diverse problematiche.<br \/><\/span><span style=\"font-size: 1rem;\">VEDIAMO ALLORA ALCUNI CONSIGLI PER DIFENDERE LA NOSTRA PELLE DAL FREDDO:<br \/><\/span><span style=\"font-size: 1rem;\"><br \/><strong>1) ALIMENTAZIONE<\/strong><br \/><\/span><span style=\"font-size: 1rem;\">E&#8217; scontato? Forse, ma non bisogna mai scordarsi che l\u2019alimentazione ha un ruolo importantissimo per la nostra salute e ovviamente anche nel processo di idratazione e cura della nostra pelle. Tra gli alimenti migliori per questo scopo, possiamo facilmente trovare, nella stagione invernale, noci, legumi, melograno, agrumi, ecc.<br \/><\/span><span style=\"font-size: 1rem;\"><br \/><strong>2) BERE ACQUA IN ABBONDANZA<\/strong><br \/><\/span><span style=\"font-size: 1rem;\">Altrettanto scontato forse, ma allo stesso livello di importanza! La pelle, quando \u00e8 secca, corre maggiori rischi di irritarsi o screpolarsi al freddo. La regola base, come in molte altre occasioni, \u00e8 quindi: bere molto! In inverno se ne sente meno l&#8217;esigenza, visto le temperature pi\u00f9 rigide, ma ricordiamoci che vanno bene anche le bevande calde, come t\u00e8 e tisane.<br \/><\/span><span style=\"font-size: 1rem;\"><br \/><strong>3) ATTENZIONE AL DETERGENTE<\/strong><br \/><\/span><span style=\"font-size: 1rem;\">Per il bene della nostra pelle, bisogna fare attenzione ai detergenti utilizzati. Quelli troppo aggressivi infatti, contribuiscono a privare la pelle del proprio strato lipidico di difesa naturale. Meglio utilizzare un sapone naturale e privo di profumazioni sintetiche che giover\u00e0 alla nostra pelle con delicatezza.<br \/><\/span><span style=\"font-size: 1rem;\"><br \/><strong>4) SCEGLIERE LA GIUSTA CREMA<\/strong><br \/><\/span><span style=\"font-size: 1rem;\">Nelle giornate pi\u00f9 fredde bisognerebbe ricordarsi di nutrire la pelle anche dall&#8217;esterno, sia al mattino prima di uscire di casa che alla sera. Il consiglio \u00e8 di utilizzare creme per il viso e per il corpo naturali, che svolgano un&#8217;azione nutriente e idratante.<br \/><\/span><span style=\"font-size: 1rem;\"><br \/><strong>5) ATTENZIONE AI RAGGI SOLARI<\/strong><br \/><\/span><span style=\"font-size: 1rem;\">Ebbene si, il sole pu\u00f2 scottare la pelle anche quando fa freddo! Ecco perch\u00e8 \u00e8 necessario sfatare il mito che la crema solare non si debba usare solo in estate! Soprattutto in caso di vacanze in montagna, \u00e8 bene ricordarsi di proteggere la pelle dai raggi solari, utilizzando una crema adatta alla propria carnagione.<\/span><\/p>\t\t\t\t\t\t\t\t<\/div>\n\t\t\t\t<\/div>\n\t\t\t\t\t<\/div>\n\t\t<\/div>\n\t\t\t\t\t<\/div>\n\t\t<\/section>\n\t\t\t\t<section class=\"elementor-section elementor-top-section elementor-element elementor-element-11870d6 elementor-section-boxed elementor-section-height-default elementor-section-height-default\" data-id=\"11870d6\" data-element_type=\"section\" data-e-type=\"section\">\n\t\t\t\t\t\t<div class=\"elementor-container elementor-column-gap-default\">\n\t\t\t\t\t<div class=\"elementor-column elementor-col-100 elementor-top-column elementor-element elementor-element-2995cdd\" data-id=\"2995cdd\" data-element_type=\"column\" data-e-type=\"column\">\n\t\t\t<div class=\"elementor-widget-wrap elementor-element-populated\">\n\t\t\t\t\t\t<div class=\"elementor-element elementor-element-39f12c9 elementor-widget elementor-widget-text-editor\" data-id=\"39f12c9\" data-element_type=\"widget\" data-e-type=\"widget\" data-widget_type=\"text-editor.default\">\n\t\t\t\t<div class=\"elementor-widget-container\">\n\t\t\t\t\t\t\t\t\t<h5>Seguici sui nostri SOCIAL!<\/h5><p>Approfondimenti, offerte speciali, notizie dal mondo naturale e tanto altro!<br \/> Clicca su &#8220;<strong>MI PIACE<\/strong>&#8221; per essere sempre aggiornato sulle nostre iniziative!<\/p>\t\t\t\t\t\t\t\t<\/div>\n\t\t\t\t<\/div>\n\t\t\t\t\t<\/div>\n\t\t<\/div>\n\t\t\t\t\t<\/div>\n\t\t<\/section>\n\t\t\t\t<section class=\"elementor-section elementor-top-section elementor-element elementor-element-012e59a elementor-section-boxed elementor-section-height-default elementor-section-height-default\" data-id=\"012e59a\" data-element_type=\"section\" data-e-type=\"section\">\n\t\t\t\t\t\t<div class=\"elementor-container elementor-column-gap-default\">\n\t\t\t\t\t<div class=\"elementor-column elementor-col-100 elementor-top-column elementor-element elementor-element-4cdb304\" data-id=\"4cdb304\" data-element_type=\"column\" data-e-type=\"column\">\n\t\t\t<div class=\"elementor-widget-wrap elementor-element-populated\">\n\t\t\t\t\t\t<div class=\"elementor-element elementor-element-7fa1082 elementor-shape-rounded elementor-grid-0 e-grid-align-center elementor-widget elementor-widget-social-icons\" data-id=\"7fa1082\" data-element_type=\"widget\" data-e-type=\"widget\" data-widget_type=\"social-icons.default\">\n\t\t\t\t<div class=\"elementor-widget-container\">\n\t\t\t\t\t\t\t<div class=\"elementor-social-icons-wrapper elementor-grid\" role=\"list\">\n\t\t\t\t\t\t\t<span class=\"elementor-grid-item\" role=\"listitem\">\n\t\t\t\t\t<a class=\"elementor-icon elementor-social-icon elementor-social-icon-facebook elementor-repeater-item-51175dc\" href=\"https:\/\/www.facebook.com\/NutraLabs-471237786352640\/\" target=\"_blank\" rel=\"noopener\">\n\t\t\t\t\t\t<span class=\"elementor-screen-only\">Facebook<\/span>\n\t\t\t\t\t\t\t\t\t\t\t\t\t<i class=\"fa fa-facebook\" aria-hidden=\"true\"><\/i>\n\t\t\t\t\t\t\t\t\t\t\t<\/a>\n\t\t\t\t<\/span>\n\t\t\t\t\t\t\t<span class=\"elementor-grid-item\" role=\"listitem\">\n\t\t\t\t\t<a class=\"elementor-icon elementor-social-icon elementor-social-icon-instagram elementor-repeater-item-51639a2\" href=\"https:\/\/www.instagram.com\/nutralabs\/\" target=\"_blank\" rel=\"noopener\">\n\t\t\t\t\t\t<span class=\"elementor-screen-only\">Instagram<\/span>\n\t\t\t\t\t\t\t\t\t\t\t\t\t<i class=\"fa fa-instagram\" aria-hidden=\"true\"><\/i>\n\t\t\t\t\t\t\t\t\t\t\t<\/a>\n\t\t\t\t<\/span>\n\t\t\t\t\t<\/div>\n\t\t\t\t\t\t<\/div>\n\t\t\t\t<\/div>\n\t\t\t\t\t<\/div>\n\t\t<\/div>\n\t\t\t\t\t<\/div>\n\t\t<\/section>\n\t\t\t\t<\/div>\n\t\t","protected":false},"excerpt":{"rendered":"<p>Le basse temperature, tipiche dei mesi pi\u00f9 freddi, mettono a dura prova la nostra pelle che tende ad apparire pi\u00f9 spenta e rovinata. Se vuoi mantenere un aspetto luminoso e curare la pelle anche in<\/p>\n","protected":false},"author":1,"featured_media":0,"comment_status":"open","ping_status":"closed","sticky":false,"template":"","format":"standard","meta":{"footnotes":""},"categories":[3],"tags":[21,18,20,19],"class_list":["post-106","post","type-post","status-publish","format-standard","hentry","category-bellezza","tag-benessere-pelle","tag-pelle","tag-rassodare","tag-tonificare"],"_links":{"self":[{"href":"https:\/\/www.erboristeriasalute.com\/news\/wp-json\/wp\/v2\/posts\/106","targetHints":{"allow":["GET"]}}],"collection":[{"href":"https:\/\/www.erboristeriasalute.com\/news\/wp-json\/wp\/v2\/posts"}],"about":[{"href":"https:\/\/www.erboristeriasalute.com\/news\/wp-json\/wp\/v2\/types\/post"}],"author":[{"embeddable":true,"href":"https:\/\/www.erboristeriasalute.com\/news\/wp-json\/wp\/v2\/users\/1"}],"replies":[{"embeddable":true,"href":"https:\/\/www.erboristeriasalute.com\/news\/wp-json\/wp\/v2\/comments?post=106"}],"version-history":[{"count":0,"href":"https:\/\/www.erboristeriasalute.com\/news\/wp-json\/wp\/v2\/posts\/106\/revisions"}],"wp:attachment":[{"href":"https:\/\/www.erboristeriasalute.com\/news\/wp-json\/wp\/v2\/media?parent=106"}],"wp:term":[{"taxonomy":"category","embeddable":true,"href":"https:\/\/www.erboristeriasalute.com\/news\/wp-json\/wp\/v2\/categories?post=106"},{"taxonomy":"post_tag","embeddable":true,"href":"https:\/\/www.erboristeriasalute.com\/news\/wp-json\/wp\/v2\/tags?post=106"}],"curies":[{"name":"wp","href":"https:\/\/api.w.org\/{rel}","templated":true}]}}