{"id":1104,"date":"2018-07-19T09:50:46","date_gmt":"2018-07-19T07:50:46","guid":{"rendered":"https:\/\/erboristeriasalute.com\/news\/?p=1104"},"modified":"2022-10-06T17:13:42","modified_gmt":"2022-10-06T15:13:42","slug":"il-jet-lag-ti-preoccupa-ecco-come-fare","status":"publish","type":"post","link":"https:\/\/www.erboristeriasalute.com\/news\/il-jet-lag-ti-preoccupa-ecco-come-fare\/","title":{"rendered":"IL JET LAG TI PREOCCUPA? ECCO COME FARE!"},"content":{"rendered":"\t\t<div data-elementor-type=\"wp-post\" data-elementor-id=\"1104\" class=\"elementor elementor-1104 elementor-bc-flex-widget\">\n\t\t\t\t\t\t<section class=\"elementor-section elementor-top-section elementor-element elementor-element-eba877a elementor-section-boxed elementor-section-height-default elementor-section-height-default\" data-id=\"eba877a\" data-element_type=\"section\" data-e-type=\"section\">\n\t\t\t\t\t\t<div class=\"elementor-container elementor-column-gap-default\">\n\t\t\t\t\t<div class=\"elementor-column elementor-col-100 elementor-top-column elementor-element elementor-element-8ab4116\" data-id=\"8ab4116\" data-element_type=\"column\" data-e-type=\"column\">\n\t\t\t<div class=\"elementor-widget-wrap elementor-element-populated\">\n\t\t\t\t\t\t<div class=\"elementor-element elementor-element-c2f14f3 elementor-widget elementor-widget-text-editor\" data-id=\"c2f14f3\" data-element_type=\"widget\" data-e-type=\"widget\" data-widget_type=\"text-editor.default\">\n\t\t\t\t<div class=\"elementor-widget-container\">\n\t\t\t\t\t\t\t\t\t<p>Durante o subito dopo le vacanze, molte persone si ritroveranno ad avere a che fare con il famoso jet lag. <br \/>Stanchezza, colpi di sonno improvvisi, mal di testa e malessere generale\u2026 ecco i sintomi pi\u00f9 comuni dovuti ai cambiamenti d\u2019orario tra il paese di partenza e quello di destinazione.<br \/><strong>Vediamo qualche trucco per combattere questo \u201cmale del viaggiatore\u201d<\/strong><\/p><p><span style=\"color: #333399;\"><strong>1 \u2013 MANTIENI UNA ROUTINE.<\/strong><\/span><br \/>E\u2019 buona norma iniziare ad abituarsi al fuso orario d&#8217;arrivo alcuni giorni prima di partire, adeguando poco per volta i propri orari a quelli della meta di destinazione. <br \/>Capita per\u00f2, soprattutto a chi viaggia per lavoro, di dover partire solo per pochi giorni e di dover quindi ritornare ai ritmi di provenienza dopo pochissimo tempo. In tal caso, il consiglio \u00e8 quello di non fare cambiamenti nei propri ritmi mantenendo quelli del luogo d&#8217;origine. Questo potrebbe voler dire pranzare alle 10 del mattino e andare a dormire alle 3 del pomeriggio\u2026 ma cos\u00ec facendo sar\u00e0 pi\u00f9 facile contrastare il jet lag.<\/p><p><strong><span style=\"color: #333399;\">2 &#8211; CONCEDITI UN PISOLINO.<\/span><\/strong><br \/>Se avverti un forte bisogno di dormire, fallo senza troppi indugi. Un breve sonnellino pu\u00f2 aiutare.<br \/>L&#8217;importante \u00e8 non esagerare con la durata, per evitare lo stordimento che ne potrebbe derivare. Spesso 15-20 minuti sono sufficienti per sentirsi rigenerati .<\/p><p><span style=\"color: #333399;\"><strong>3 \u2013 FAI UNA PASSEGGIATA ALL\u2019APERTO.<\/strong><\/span><br \/>Un moderato esercizio fisico, pu\u00f2 rivelarsi un toccasana contro i sintomi del jet lag.<br \/>Sembra un paradosso, ma quando la stanchezza prende il sopravvento, pu\u00f2 essere pi\u00f9 utile uscire piuttosto che buttarsi a letto. Uscendo si \u00e8 anche pi\u00f9 esposti alla luce solare, e ci si abitua pi\u00f9 facilmente al fuso orario locale.<\/p><p><strong><span style=\"color: #333399;\">4 \u2013 IMPARA A RISPETTARTI.<\/span><\/strong><br \/>Uno scombinamento degli orari pu\u00f2 rendere pi\u00f9 nervosi ed irrascibili. Siate gentili nei vostri riguardi: \u00e8 normale e legittimo essere stanchi. Continuare a ripetersi: &#8220;non ce la posso fare\u201d o \u201cperch\u00e9 non riesco a dormire??\u201d , non far\u00e0 che aumentare stress e frustrazione. <br \/>Accettare il fatto che \u00e8 normale sentirsi un po\u2019 sottosopra aiuter\u00e0 a riprendersi pi\u00f9 velocemente.<\/p><p><span style=\"color: #333399;\"><strong>5 \u2013 RICORDATI DI BERE SPESSO.<\/strong><\/span> <br \/>Un corpo disidratato ha pi\u00f9 difficolt\u00e0 ad affrontare situazioni di stress come, appunto, il cambio di fuso orario, perch\u00e9 avverte i sintomi amplificati. Soprattutto dopo e durante un viaggio in aereo, \u00e8 necessario bere molta acqua a causa del clima molto secco tipico del mezzo di trasporto. Allo stesso tempo \u00e8 bene evitare o limitare al massimo il consumo di caff\u00e8 e di alcolici, che possono interferire con l\u2019adattamento al nuovo orario.<\/p>\t\t\t\t\t\t\t\t<\/div>\n\t\t\t\t<\/div>\n\t\t\t\t\t<\/div>\n\t\t<\/div>\n\t\t\t\t\t<\/div>\n\t\t<\/section>\n\t\t\t\t<section class=\"elementor-section elementor-top-section elementor-element elementor-element-236244d8 elementor-section-boxed elementor-section-height-default elementor-section-height-default\" data-id=\"236244d8\" data-element_type=\"section\" data-e-type=\"section\">\n\t\t\t\t\t\t<div class=\"elementor-container elementor-column-gap-default\">\n\t\t\t\t\t<div class=\"elementor-column elementor-col-100 elementor-top-column elementor-element elementor-element-20657a80\" data-id=\"20657a80\" data-element_type=\"column\" data-e-type=\"column\">\n\t\t\t<div class=\"elementor-widget-wrap elementor-element-populated\">\n\t\t\t\t\t\t<div class=\"elementor-element elementor-element-33efd53d elementor-widget elementor-widget-text-editor\" data-id=\"33efd53d\" data-element_type=\"widget\" data-e-type=\"widget\" data-widget_type=\"text-editor.default\">\n\t\t\t\t<div class=\"elementor-widget-container\">\n\t\t\t\t\t\t\t\t\t<h5>Seguici sui nostri SOCIAL!<\/h5><p>Approfondimenti, offerte speciali, notizie dal mondo naturale e tanto altro!<br \/> Clicca su &#8220;<strong>MI PIACE<\/strong>&#8221; per essere sempre aggiornato sulle nostre iniziative!<\/p>\t\t\t\t\t\t\t\t<\/div>\n\t\t\t\t<\/div>\n\t\t\t\t\t<\/div>\n\t\t<\/div>\n\t\t\t\t\t<\/div>\n\t\t<\/section>\n\t\t\t\t<section class=\"elementor-section elementor-top-section elementor-element elementor-element-70bfa77b elementor-section-boxed elementor-section-height-default elementor-section-height-default\" data-id=\"70bfa77b\" data-element_type=\"section\" data-e-type=\"section\">\n\t\t\t\t\t\t<div class=\"elementor-container elementor-column-gap-default\">\n\t\t\t\t\t<div class=\"elementor-column elementor-col-100 elementor-top-column elementor-element elementor-element-53b89678\" data-id=\"53b89678\" data-element_type=\"column\" data-e-type=\"column\">\n\t\t\t<div class=\"elementor-widget-wrap elementor-element-populated\">\n\t\t\t\t\t\t<div class=\"elementor-element elementor-element-50ef2c8c elementor-shape-rounded elementor-grid-0 e-grid-align-center elementor-widget elementor-widget-social-icons\" data-id=\"50ef2c8c\" data-element_type=\"widget\" data-e-type=\"widget\" data-widget_type=\"social-icons.default\">\n\t\t\t\t<div class=\"elementor-widget-container\">\n\t\t\t\t\t\t\t<div class=\"elementor-social-icons-wrapper elementor-grid\" role=\"list\">\n\t\t\t\t\t\t\t<span class=\"elementor-grid-item\" role=\"listitem\">\n\t\t\t\t\t<a class=\"elementor-icon elementor-social-icon elementor-social-icon-facebook elementor-repeater-item-51175dc\" href=\"https:\/\/www.facebook.com\/NutraLabs-471237786352640\/\" target=\"_blank\" rel=\"noopener\">\n\t\t\t\t\t\t<span class=\"elementor-screen-only\">Facebook<\/span>\n\t\t\t\t\t\t\t\t\t\t\t\t\t<i class=\"fa fa-facebook\" aria-hidden=\"true\"><\/i>\n\t\t\t\t\t\t\t\t\t\t\t<\/a>\n\t\t\t\t<\/span>\n\t\t\t\t\t\t\t<span class=\"elementor-grid-item\" role=\"listitem\">\n\t\t\t\t\t<a class=\"elementor-icon elementor-social-icon elementor-social-icon-instagram elementor-repeater-item-51639a2\" href=\"https:\/\/www.instagram.com\/nutralabs\/\" target=\"_blank\" rel=\"noopener\">\n\t\t\t\t\t\t<span class=\"elementor-screen-only\">Instagram<\/span>\n\t\t\t\t\t\t\t\t\t\t\t\t\t<i class=\"fa fa-instagram\" aria-hidden=\"true\"><\/i>\n\t\t\t\t\t\t\t\t\t\t\t<\/a>\n\t\t\t\t<\/span>\n\t\t\t\t\t<\/div>\n\t\t\t\t\t\t<\/div>\n\t\t\t\t<\/div>\n\t\t\t\t\t<\/div>\n\t\t<\/div>\n\t\t\t\t\t<\/div>\n\t\t<\/section>\n\t\t\t\t<\/div>\n\t\t","protected":false},"excerpt":{"rendered":"<p>Durante o subito dopo le vacanze, molte persone si ritroveranno ad avere a che fare con il famoso jet lag. Stanchezza, colpi di sonno improvvisi, mal di testa e malessere generale\u2026 ecco i sintomi pi\u00f9<\/p>\n","protected":false},"author":1,"featured_media":0,"comment_status":"open","ping_status":"closed","sticky":false,"template":"","format":"standard","meta":{"footnotes":""},"categories":[1,46],"tags":[183,114,147,59],"class_list":["post-1104","post","type-post","status-publish","format-standard","hentry","category-salute","category-psicologia","tag-jet-lag","tag-stanchezza","tag-stanchezza-mentale","tag-stress"],"_links":{"self":[{"href":"https:\/\/www.erboristeriasalute.com\/news\/wp-json\/wp\/v2\/posts\/1104","targetHints":{"allow":["GET"]}}],"collection":[{"href":"https:\/\/www.erboristeriasalute.com\/news\/wp-json\/wp\/v2\/posts"}],"about":[{"href":"https:\/\/www.erboristeriasalute.com\/news\/wp-json\/wp\/v2\/types\/post"}],"author":[{"embeddable":true,"href":"https:\/\/www.erboristeriasalute.com\/news\/wp-json\/wp\/v2\/users\/1"}],"replies":[{"embeddable":true,"href":"https:\/\/www.erboristeriasalute.com\/news\/wp-json\/wp\/v2\/comments?post=1104"}],"version-history":[{"count":0,"href":"https:\/\/www.erboristeriasalute.com\/news\/wp-json\/wp\/v2\/posts\/1104\/revisions"}],"wp:attachment":[{"href":"https:\/\/www.erboristeriasalute.com\/news\/wp-json\/wp\/v2\/media?parent=1104"}],"wp:term":[{"taxonomy":"category","embeddable":true,"href":"https:\/\/www.erboristeriasalute.com\/news\/wp-json\/wp\/v2\/categories?post=1104"},{"taxonomy":"post_tag","embeddable":true,"href":"https:\/\/www.erboristeriasalute.com\/news\/wp-json\/wp\/v2\/tags?post=1104"}],"curies":[{"name":"wp","href":"https:\/\/api.w.org\/{rel}","templated":true}]}}