{"id":1505,"date":"2019-01-30T12:01:50","date_gmt":"2019-01-30T11:01:50","guid":{"rendered":"https:\/\/erboristeriasalute.com\/news\/?p=1505"},"modified":"2022-10-06T17:11:33","modified_gmt":"2022-10-06T15:11:33","slug":"quanto-credi-in-te-stesso","status":"publish","type":"post","link":"https:\/\/www.erboristeriasalute.com\/news\/quanto-credi-in-te-stesso\/","title":{"rendered":"QUANTO CREDI IN TE STESSO?"},"content":{"rendered":"\t\t<div data-elementor-type=\"wp-post\" data-elementor-id=\"1505\" class=\"elementor elementor-1505\">\n\t\t\t\t\t\t<section class=\"elementor-section elementor-top-section elementor-element elementor-element-9f10a07 elementor-section-boxed elementor-section-height-default elementor-section-height-default\" data-id=\"9f10a07\" data-element_type=\"section\" data-e-type=\"section\">\n\t\t\t\t\t\t<div class=\"elementor-container elementor-column-gap-default\">\n\t\t\t\t\t<div class=\"elementor-column elementor-col-100 elementor-top-column elementor-element elementor-element-529e6f2\" data-id=\"529e6f2\" data-element_type=\"column\" data-e-type=\"column\">\n\t\t\t<div class=\"elementor-widget-wrap elementor-element-populated\">\n\t\t\t\t\t\t<div class=\"elementor-element elementor-element-2b65ebc elementor-widget elementor-widget-text-editor\" data-id=\"2b65ebc\" data-element_type=\"widget\" data-e-type=\"widget\" data-widget_type=\"text-editor.default\">\n\t\t\t\t<div class=\"elementor-widget-container\">\n\t\t\t\t\t\t\t\t\t<p><strong>Apprezzarsi e credere in s\u00e9 stessi \u00e8 importante!<\/strong><br \/>Ognuno di noi possiede un\u2019immagine di s\u00e8, costruitasi negli anni, risultato dell\u2019integrazione tra i risultati delle nostre esperienze e le aspettative che di questi avevamo.<br \/>L\u2019opinione che abbiamo di noi stessi \u00e8 anche frutto dei messaggi che ci arrivano dall\u2019esterno: se dai genitori, dagli insegnanti e dagli amici arrivano sempre messaggi di perfezionismo, cominceremo a pretendere molto da noi stessi e, se non raggiungiamo il massimo, si abbassa la nostra autostima.<br \/>Oltre alle <strong>aspettative irrealistiche<\/strong>, esistono altre circostanze che ci portano ad avere un basso livello di autostima: <strong>pensieri negativi sul proprio conto<\/strong> ( \u201csono brutto\u201d, \u201caltri sono meglio di me\u201d\u2026), <strong>bassa tolleranza alla frustrazione, scarsa aspirazione al successo<\/strong>, ecc.<br \/>La stima delle altre persone nei nostri confronti ha grande importanza: se cerchiamo continuamente l\u2019approvazione degli altri e questa ci viene a mancare, sar\u00e0 pi\u00f9 difficile trovare motivazione e aspirazioni, e cos\u00ec, l\u2019autostima si riduce.<br \/>Il nostro apprezzarci o meno poi, influenza i nostri comportamenti, le nostre relazioni affettive e la nostra efficienza sul lavoro.<br \/><strong>Con un\u2019alta autostima si riesce meglio a combattere lo stress<\/strong>, facendoci toccare meno dal comportamento troppo critico di un collega o di un superiore, ad esempio.<br \/>E se poi sorge un problema, riusciamo ad affrontarlo con meno difficolt\u00e0.<br \/>Al lavoro l\u2019autostima d\u00e0 il coraggio di confrontarsi con gli altri , di affrontare i cambiamenti e aiuta a raggiungere i propri obiettivi.<br \/>Mancanza di autostima, invece, rende apatici e toglie motivazione di crescita: si diventa pessimisti, si \u00e8 pi\u00f9 critici nei propri confronti ed \u00e8 pi\u00f9 probabile confermare le aspettative negative nei confronti della vita.<br \/><br \/><span style=\"color: #333399;\"><strong>UNA BASSA AUTOSTIMA SI PUO\u2019 \u201cRIPARARE\u201d!<\/strong><\/span><br \/>Bisogna ricordare che si pu\u00f2 imparare ad avere stima di s\u00e9! Basta modificare alcuni comportamenti ed alcuni modi di pensare, <strong>lavorando anche sul proprio dialogo interiore.<\/strong><br \/>E\u2019 utile iniziare a prendersi cura di s\u00e9 stessi e dei propri bisogni, <strong>concedendosi ogni tanto dei vizi<\/strong>: un sonnellino, un bagno rilassante, un buon pasto, ecc.<br \/>E\u2019 importante essere s\u00e9 stessi e vivere la propria vita come si vuole, non come gli altri si aspettano.<br \/>Ci\u00f2 non significa che l\u2019apprezzamento esterno non sia utile; esso va sempre ricercato: viviamo in mezzo agli altri e non \u00e8 giusto ignorare il loro giudizio, ma <strong>BISOGNA CREDERE IN SE\u2019 STESSI PER PRIMI SE VOGLIAMO CHE ANCHE GLI ALTRI LO FACCIANO!<\/strong><br \/>E\u2019 necessario riconoscere i propri diritti , esprimere le proprie opinioni, riconoscere le proprie qualit\u00e0, aspettarsi il successo, ma allo stesso tempo accettare i propri limiti.<br \/><strong>MAI FUGGIRE ALLE SITUAZIONI CHE CI PRESENTA LA VITA.. AFFRONTIAMOLE!<\/strong><br \/>Diventiamo coraggiosi, siamo padroni delle situazioni, non vittime!<br \/>Diventeremo persone pi\u00f9 sicure e riusciremo a sentirci meglio con noi stessi <br \/>e con gli altri.<\/p>\t\t\t\t\t\t\t\t<\/div>\n\t\t\t\t<\/div>\n\t\t\t\t\t<\/div>\n\t\t<\/div>\n\t\t\t\t\t<\/div>\n\t\t<\/section>\n\t\t\t\t<section class=\"elementor-section elementor-top-section elementor-element elementor-element-44069cb9 elementor-section-boxed elementor-section-height-default elementor-section-height-default\" data-id=\"44069cb9\" data-element_type=\"section\" data-e-type=\"section\">\n\t\t\t\t\t\t<div class=\"elementor-container elementor-column-gap-default\">\n\t\t\t\t\t<div class=\"elementor-column elementor-col-100 elementor-top-column elementor-element elementor-element-7de9ed50\" data-id=\"7de9ed50\" data-element_type=\"column\" data-e-type=\"column\">\n\t\t\t<div class=\"elementor-widget-wrap elementor-element-populated\">\n\t\t\t\t\t\t<div class=\"elementor-element elementor-element-7a5b000a elementor-widget elementor-widget-text-editor\" data-id=\"7a5b000a\" data-element_type=\"widget\" data-e-type=\"widget\" data-widget_type=\"text-editor.default\">\n\t\t\t\t<div class=\"elementor-widget-container\">\n\t\t\t\t\t\t\t\t\t<p><span style=\"color: #0000ff;\"><strong><em>Ti \u00e8 piaciuto questo articolo? Allora fallo leggere anche ai tuoi amici!<br \/>Condividilo sui social e metti un \u201cmi piace\u201d al nostro profilo!<\/em><\/strong><\/span><\/p>\t\t\t\t\t\t\t\t<\/div>\n\t\t\t\t<\/div>\n\t\t\t\t\t<\/div>\n\t\t<\/div>\n\t\t\t\t\t<\/div>\n\t\t<\/section>\n\t\t\t\t<\/div>\n\t\t","protected":false},"excerpt":{"rendered":"<p>Apprezzarsi e credere in s\u00e9 stessi \u00e8 importante! Ognuno di noi possiede un\u2019immagine di s\u00e8, costruitasi negli anni, risultato dell\u2019integrazione tra i risultati delle nostre esperienze e le aspettative che di questi avevamo. L\u2019opinione che<\/p>\n","protected":false},"author":1,"featured_media":4991,"comment_status":"open","ping_status":"closed","sticky":false,"template":"","format":"standard","meta":{"footnotes":""},"categories":[46,1],"tags":[255,130,110],"class_list":["post-1505","post","type-post","status-publish","format-standard","has-post-thumbnail","hentry","category-psicologia","category-salute","tag-autostima","tag-benessere-psicologico","tag-psicologia"],"_links":{"self":[{"href":"https:\/\/www.erboristeriasalute.com\/news\/wp-json\/wp\/v2\/posts\/1505","targetHints":{"allow":["GET"]}}],"collection":[{"href":"https:\/\/www.erboristeriasalute.com\/news\/wp-json\/wp\/v2\/posts"}],"about":[{"href":"https:\/\/www.erboristeriasalute.com\/news\/wp-json\/wp\/v2\/types\/post"}],"author":[{"embeddable":true,"href":"https:\/\/www.erboristeriasalute.com\/news\/wp-json\/wp\/v2\/users\/1"}],"replies":[{"embeddable":true,"href":"https:\/\/www.erboristeriasalute.com\/news\/wp-json\/wp\/v2\/comments?post=1505"}],"version-history":[{"count":0,"href":"https:\/\/www.erboristeriasalute.com\/news\/wp-json\/wp\/v2\/posts\/1505\/revisions"}],"wp:featuredmedia":[{"embeddable":true,"href":"https:\/\/www.erboristeriasalute.com\/news\/wp-json\/wp\/v2\/media\/4991"}],"wp:attachment":[{"href":"https:\/\/www.erboristeriasalute.com\/news\/wp-json\/wp\/v2\/media?parent=1505"}],"wp:term":[{"taxonomy":"category","embeddable":true,"href":"https:\/\/www.erboristeriasalute.com\/news\/wp-json\/wp\/v2\/categories?post=1505"},{"taxonomy":"post_tag","embeddable":true,"href":"https:\/\/www.erboristeriasalute.com\/news\/wp-json\/wp\/v2\/tags?post=1505"}],"curies":[{"name":"wp","href":"https:\/\/api.w.org\/{rel}","templated":true}]}}