{"id":1635,"date":"2019-03-19T12:06:10","date_gmt":"2019-03-19T11:06:10","guid":{"rendered":"https:\/\/erboristeriasalute.com\/news\/?p=1635"},"modified":"2022-10-06T17:11:24","modified_gmt":"2022-10-06T15:11:24","slug":"essere-creativi-come-allenare-la-fantasia","status":"publish","type":"post","link":"https:\/\/www.erboristeriasalute.com\/news\/essere-creativi-come-allenare-la-fantasia\/","title":{"rendered":"ESSERE CREATIVI: COME ALLENARE LA FANTASIA"},"content":{"rendered":"\t\t<div data-elementor-type=\"wp-post\" data-elementor-id=\"1635\" class=\"elementor elementor-1635\">\n\t\t\t\t\t\t<section class=\"elementor-section elementor-top-section elementor-element elementor-element-a016a48 elementor-section-boxed elementor-section-height-default elementor-section-height-default\" data-id=\"a016a48\" data-element_type=\"section\" data-e-type=\"section\">\n\t\t\t\t\t\t<div class=\"elementor-container elementor-column-gap-default\">\n\t\t\t\t\t<div class=\"elementor-column elementor-col-100 elementor-top-column elementor-element elementor-element-81bbd1b\" data-id=\"81bbd1b\" data-element_type=\"column\" data-e-type=\"column\">\n\t\t\t<div class=\"elementor-widget-wrap elementor-element-populated\">\n\t\t\t\t\t\t<div class=\"elementor-element elementor-element-8a03a15 elementor-widget elementor-widget-text-editor\" data-id=\"8a03a15\" data-element_type=\"widget\" data-e-type=\"widget\" data-widget_type=\"text-editor.default\">\n\t\t\t\t<div class=\"elementor-widget-container\">\n\t\t\t\t\t\t\t\t\t<p><em><strong>La creativit\u00e0 \u00e8 una qualit\u00e0 che risiede dentro ogni persona, \u00e8 come una sorgente d\u2019acqua inesauribile. <br \/>E\u2019 espressione di energia e allo stesso tempo ne \u00e8 fonte.<\/strong> <\/em><br \/><br \/>Essa alberga nell\u2019inconscio e per questo motivo non a tutti \u00e8 accessibile nello stesso modo. <br \/>E\u2019 l\u2019origine delle idee nuove e della risoluzione di problemi; \u00e8 ci\u00f2 che si pensa e si fa di originale. <br \/><strong>Creare \u00e8 un modo per costruire la propria individualit\u00e0.<\/strong> <br \/>Nel momento creativo siamo noi in contatto con le nostre dimensioni inconsce. <br \/>Il pensiero occidentale ha, da sempre, conferito un&#8217;importanza fondamentale alla dimensione dell&#8217;intelligenza, considerandola un elemento centrale per valutare il livello cognitivo degli individui, insieme alla creativit\u00e0.<br \/><br \/><strong>Chiunque pu\u00f2 essere creativo!<\/strong><br \/><br \/>Nell&#8217;ambito della razionalit\u00e0 l&#8217;atteggiamento \u00e8 spesso direttivo: noi sorvegliamo l&#8217;andamento del nostro pensiero, lo teniamo su certi binari. Quando ci collochiamo sul piano della creativit\u00e0, invece, lasciamo che siano le idee a presentarsi. <br \/>La creativit\u00e0 rappresenta il carattere saliente del comportamento umano, particolarmente evidente in alcuni individui capaci di riconoscere, tra pensieri e idee gi\u00e0 esistenti, nuove connessioni che portano ad innovazioni e a cambiamenti. <br \/><br \/>&#8220;Nuovo&#8221; e &#8220;utile&#8221; sono infatti le parole chiave che radicano l&#8217;attivit\u00e0 creativa : si tratta di un superamento delle regole esistenti (il nuovo) che istituisce una ulteriore regola condivisa (l&#8217;utile). Creare qualcosa di nuovo e uscire da schemi comportamentali e di pensiero tradizionali.<br \/>La creativit\u00e0, oggi, si pone come obiettivo nell\u2019educazione, essendo essa stessa necessaria soprattutto nel campo sociale, dove comincia ad emergere la domanda di una nuova formazione umana, prima che professionale, che punta sulle qualit\u00e0 delle risorse degli individui, al fine di migliorare le prestazioni e i rapporti sociali.<br \/>Molti giovani che sono occupati in lavori tecnici e scientifici si rivelano abilissimi nell&#8217;impiego delle tecniche studiate, ma finiscono per smarrirsi quando devono risolvere problemi che vanno fuori dagli schemi appresi.<\/p><p><span style=\"color: #333399;\"><strong>EDUCHIAMO ALLA CREATIVITA\u2019!<\/strong><\/span><br \/>E\u2019 proprio dovuta a questa difficolt\u00e0, l\u2019importanza di una formazione educativa indirizzata a sviluppare oltre alle capacit\u00e0 logico-cognitive, anche importanti abilit\u00e0 creative e innovative.<br \/>Il soggetto quando si trova davanti ad un problema deve essere flessibile, unendo il pensiero logico a quello immaginativo e meno meccanico.<br \/>L&#8217;uso di entrambi i pensieri risulta essere necessario per il pieno sviluppo delle capacit\u00e0 del soggetto e per il suo adattamento nella societ\u00e0. <br \/><strong>Utilizzare il solo pensiero razionale \u00e8 limitante.<\/strong><br \/>Purtroppo capita che le metodologie educative vengano finalizzate al perfezionamento di tale dimensione a scapito, spesso, della dimensione creativa.<br \/>La creativit\u00e0 deve essere vista come un metodo per l&#8217;affermazione della persona, per questo \u00e8 di fondamentale importanza.<\/p><p><strong>Esercitiamoci allora ad essere creativi!<\/strong><br \/>&#8211; Sperimentare un nuovo piatto in cucina<br \/>&#8211; Fare un disegno<br \/>&#8211; Scrivere una poesia<br \/>&#8211; Comporre una canzone<\/p><p><strong>Via libera alla fantasia!<\/strong><\/p>\t\t\t\t\t\t\t\t<\/div>\n\t\t\t\t<\/div>\n\t\t\t\t\t<\/div>\n\t\t<\/div>\n\t\t\t\t\t<\/div>\n\t\t<\/section>\n\t\t\t\t<section class=\"elementor-section elementor-top-section elementor-element elementor-element-7508e8a0 elementor-section-boxed elementor-section-height-default elementor-section-height-default\" data-id=\"7508e8a0\" data-element_type=\"section\" data-e-type=\"section\">\n\t\t\t\t\t\t<div class=\"elementor-container elementor-column-gap-default\">\n\t\t\t\t\t<div class=\"elementor-column elementor-col-100 elementor-top-column elementor-element elementor-element-3c44d793\" data-id=\"3c44d793\" data-element_type=\"column\" data-e-type=\"column\">\n\t\t\t<div class=\"elementor-widget-wrap elementor-element-populated\">\n\t\t\t\t\t\t<div class=\"elementor-element elementor-element-1c1280d4 elementor-widget elementor-widget-text-editor\" data-id=\"1c1280d4\" data-element_type=\"widget\" data-e-type=\"widget\" data-widget_type=\"text-editor.default\">\n\t\t\t\t<div class=\"elementor-widget-container\">\n\t\t\t\t\t\t\t\t\t<p><span style=\"color: #0000ff;\"><strong><em>Ti \u00e8 piaciuto questo articolo? Allora fallo leggere anche ai tuoi amici!<br \/>Condividilo sui social e metti un \u201cmi piace\u201d al nostro profilo!<\/em><\/strong><\/span><\/p>\t\t\t\t\t\t\t\t<\/div>\n\t\t\t\t<\/div>\n\t\t\t\t\t<\/div>\n\t\t<\/div>\n\t\t\t\t\t<\/div>\n\t\t<\/section>\n\t\t\t\t<\/div>\n\t\t","protected":false},"excerpt":{"rendered":"<p>La creativit\u00e0 \u00e8 una qualit\u00e0 che risiede dentro ogni persona, \u00e8 come una sorgente d\u2019acqua inesauribile. E\u2019 espressione di energia e allo stesso tempo ne \u00e8 fonte. Essa alberga nell\u2019inconscio e per questo motivo non<\/p>\n","protected":false},"author":1,"featured_media":5822,"comment_status":"open","ping_status":"closed","sticky":false,"template":"","format":"standard","meta":{"footnotes":""},"categories":[46,1],"tags":[130,270,271,110],"class_list":["post-1635","post","type-post","status-publish","format-standard","has-post-thumbnail","hentry","category-psicologia","category-salute","tag-benessere-psicologico","tag-creativita","tag-fantasia","tag-psicologia"],"_links":{"self":[{"href":"https:\/\/www.erboristeriasalute.com\/news\/wp-json\/wp\/v2\/posts\/1635","targetHints":{"allow":["GET"]}}],"collection":[{"href":"https:\/\/www.erboristeriasalute.com\/news\/wp-json\/wp\/v2\/posts"}],"about":[{"href":"https:\/\/www.erboristeriasalute.com\/news\/wp-json\/wp\/v2\/types\/post"}],"author":[{"embeddable":true,"href":"https:\/\/www.erboristeriasalute.com\/news\/wp-json\/wp\/v2\/users\/1"}],"replies":[{"embeddable":true,"href":"https:\/\/www.erboristeriasalute.com\/news\/wp-json\/wp\/v2\/comments?post=1635"}],"version-history":[{"count":0,"href":"https:\/\/www.erboristeriasalute.com\/news\/wp-json\/wp\/v2\/posts\/1635\/revisions"}],"wp:featuredmedia":[{"embeddable":true,"href":"https:\/\/www.erboristeriasalute.com\/news\/wp-json\/wp\/v2\/media\/5822"}],"wp:attachment":[{"href":"https:\/\/www.erboristeriasalute.com\/news\/wp-json\/wp\/v2\/media?parent=1635"}],"wp:term":[{"taxonomy":"category","embeddable":true,"href":"https:\/\/www.erboristeriasalute.com\/news\/wp-json\/wp\/v2\/categories?post=1635"},{"taxonomy":"post_tag","embeddable":true,"href":"https:\/\/www.erboristeriasalute.com\/news\/wp-json\/wp\/v2\/tags?post=1635"}],"curies":[{"name":"wp","href":"https:\/\/api.w.org\/{rel}","templated":true}]}}