{"id":1707,"date":"2019-05-06T09:38:40","date_gmt":"2019-05-06T07:38:40","guid":{"rendered":"https:\/\/erboristeriasalute.com\/news\/?p=1707"},"modified":"2022-10-06T17:11:20","modified_gmt":"2022-10-06T15:11:20","slug":"fragole-curiosita-e-consigli","status":"publish","type":"post","link":"https:\/\/www.erboristeriasalute.com\/news\/fragole-curiosita-e-consigli\/","title":{"rendered":"FRAGOLE: CURIOSITA&#8217; E CONSIGLI"},"content":{"rendered":"\t\t<div data-elementor-type=\"wp-post\" data-elementor-id=\"1707\" class=\"elementor elementor-1707\">\n\t\t\t\t\t\t<section class=\"elementor-section elementor-top-section elementor-element elementor-element-94c6afe elementor-section-boxed elementor-section-height-default elementor-section-height-default\" data-id=\"94c6afe\" data-element_type=\"section\" data-e-type=\"section\">\n\t\t\t\t\t\t<div class=\"elementor-container elementor-column-gap-default\">\n\t\t\t\t\t<div class=\"elementor-column elementor-col-100 elementor-top-column elementor-element elementor-element-0310f8d\" data-id=\"0310f8d\" data-element_type=\"column\" data-e-type=\"column\">\n\t\t\t<div class=\"elementor-widget-wrap elementor-element-populated\">\n\t\t\t\t\t\t<div class=\"elementor-element elementor-element-517c658 elementor-widget elementor-widget-text-editor\" data-id=\"517c658\" data-element_type=\"widget\" data-e-type=\"widget\" data-widget_type=\"text-editor.default\">\n\t\t\t\t<div class=\"elementor-widget-container\">\n\t\t\t\t\t\t\t\t\t<p>A chi non \u00e8 capitato, in questo periodo, di farsi attirare dai colori e dal profumo delle prime fragole sui banchi della frutta?<br \/>E allora lasciamoci tentare, perch\u00e9 la fragola, oltre ad essere appetitosa \u00e8 anche ricca di ottime propriet\u00e0!<br \/>Si tratta di un frutto che gode di azione <strong>dissetante, rinfrescante, diuretica, antiurica e depurativa<\/strong>. E&#8217; inoltre ideale per i sofferenti di reumatismi ed ipertensione: stimola, infatti, la produzione degli ormoni che rafforzano il sistema nervoso. <br \/>Inoltre, essendo <strong>ricca di vitamina C<\/strong>, rafforza le difese naturali dell&#8217;organismo!<\/p>\t\t\t\t\t\t\t\t<\/div>\n\t\t\t\t<\/div>\n\t\t\t\t\t<\/div>\n\t\t<\/div>\n\t\t\t\t\t<\/div>\n\t\t<\/section>\n\t\t\t\t<section class=\"elementor-section elementor-top-section elementor-element elementor-element-75adf93 elementor-section-boxed elementor-section-height-default elementor-section-height-default\" data-id=\"75adf93\" data-element_type=\"section\" data-e-type=\"section\">\n\t\t\t\t\t\t<div class=\"elementor-container elementor-column-gap-default\">\n\t\t\t\t\t<div class=\"elementor-column elementor-col-100 elementor-top-column elementor-element elementor-element-8998a4c\" data-id=\"8998a4c\" data-element_type=\"column\" data-e-type=\"column\">\n\t\t\t<div class=\"elementor-widget-wrap elementor-element-populated\">\n\t\t\t\t\t\t<div class=\"elementor-element elementor-element-9649d8d elementor-widget elementor-widget-text-editor\" data-id=\"9649d8d\" data-element_type=\"widget\" data-e-type=\"widget\" data-widget_type=\"text-editor.default\">\n\t\t\t\t<div class=\"elementor-widget-container\">\n\t\t\t\t\t\t\t\t\t<p><span style=\"color: #d9166d;\"><strong>Qualche consiglio per la scelta delle fragole migliori.<\/strong><\/span><br \/>Innanzitutto bisogna controllare che sia <strong>soda<\/strong> e che il colore sia <strong>rosso uniforme<\/strong>. <br \/>Nel caso presenti parti bianche o verde chiaro, significa che la fragola \u00e8 ancora acerba; al contrario se il colore \u00e8 rosso scuro, significa che il frutto va consumato in breve tempo o tenderebbe a marcire per l\u2019eccessiva maturazione. <br \/>Se viene acquistata in vaschetta, controllare che non ce ne siano di ammaccate o ammuffite perch\u00e9 nel giro di poco la muffa si pu\u00f2 estendere a tutta la confezione. <br \/>Una volta acquistate vanno lasciate nel cestino di acquisto, in modo che circoli l\u2019aria e messe in frigorifero, nello spazio meno freddo, per non oltre 3 giorni.<br \/>Infine controllare che il picciolo sia ancora attaccato al frutto.<\/p><p><strong><span style=\"color: #d9166d;\">Alleate di bellezza!<\/span><\/strong><br \/>Non mancano le applicazioni di questo frutto nella cosmesi: la polpa \u00e8 utilizzata per preparare maschere ad azione rassodante per pelli rugose, mentre il succo, oltre a lenire le scottature solari, viene usato come ingrediente di composti ad azione schiarente, emolliente e rivitalizzante.<\/p>\t\t\t\t\t\t\t\t<\/div>\n\t\t\t\t<\/div>\n\t\t\t\t\t<\/div>\n\t\t<\/div>\n\t\t\t\t\t<\/div>\n\t\t<\/section>\n\t\t\t\t<section class=\"elementor-section elementor-top-section elementor-element elementor-element-693e87f elementor-section-boxed elementor-section-height-default elementor-section-height-default\" data-id=\"693e87f\" data-element_type=\"section\" data-e-type=\"section\">\n\t\t\t\t\t\t<div class=\"elementor-container elementor-column-gap-default\">\n\t\t\t\t\t<div class=\"elementor-column elementor-col-66 elementor-top-column elementor-element elementor-element-c8fd014\" data-id=\"c8fd014\" data-element_type=\"column\" data-e-type=\"column\">\n\t\t\t<div class=\"elementor-widget-wrap elementor-element-populated\">\n\t\t\t\t\t\t<div class=\"elementor-element elementor-element-48652ad elementor-widget elementor-widget-text-editor\" data-id=\"48652ad\" data-element_type=\"widget\" data-e-type=\"widget\" data-widget_type=\"text-editor.default\">\n\t\t\t\t<div class=\"elementor-widget-container\">\n\t\t\t\t\t\t\t\t\t<p><strong>Una ricetta fresca e semplice:<\/strong><br \/><span style=\"color: #d9166d;\"><strong>TORTA FREDDA ALLO YOGURT E FRAGOLE<\/strong><\/span><\/p><p>Iniziate col preparare la base della torta, riducendo in polvere 200 gr di biscotti secchi; questi saranno da unire a 2 cucchiai di zucchero di canna e 80 gr di burro fuso. Foderate una teglia con carta da forno versatevi all\u2019interno il composto ottenuto. Livellatelo bene con un cucchiaio e mettetelo in frigo per 30 minuti.<\/p>\t\t\t\t\t\t\t\t<\/div>\n\t\t\t\t<\/div>\n\t\t\t\t\t<\/div>\n\t\t<\/div>\n\t\t\t\t<div class=\"elementor-column elementor-col-33 elementor-top-column elementor-element elementor-element-58fb04e\" data-id=\"58fb04e\" data-element_type=\"column\" data-e-type=\"column\">\n\t\t\t<div class=\"elementor-widget-wrap elementor-element-populated\">\n\t\t\t\t\t\t<div class=\"elementor-element elementor-element-b56ba9d elementor-widget elementor-widget-image\" data-id=\"b56ba9d\" data-element_type=\"widget\" data-e-type=\"widget\" data-widget_type=\"image.default\">\n\t\t\t\t<div class=\"elementor-widget-container\">\n\t\t\t\t\t\t\t\t\t\t\t\t\t\t\t<img fetchpriority=\"high\" decoding=\"async\" width=\"200\" height=\"300\" src=\"https:\/\/www.erboristeriasalute.com\/news\/wp-content\/uploads\/2019\/05\/torta-fragole.jpg\" class=\"attachment-full size-full wp-image-5909\" alt=\"torta di fragole\" \/>\t\t\t\t\t\t\t\t\t\t\t\t\t\t\t<\/div>\n\t\t\t\t<\/div>\n\t\t\t\t\t<\/div>\n\t\t<\/div>\n\t\t\t\t\t<\/div>\n\t\t<\/section>\n\t\t\t\t<section class=\"elementor-section elementor-top-section elementor-element elementor-element-d178853 elementor-section-boxed elementor-section-height-default elementor-section-height-default\" data-id=\"d178853\" data-element_type=\"section\" data-e-type=\"section\">\n\t\t\t\t\t\t<div class=\"elementor-container elementor-column-gap-default\">\n\t\t\t\t\t<div class=\"elementor-column elementor-col-100 elementor-top-column elementor-element elementor-element-e50260f\" data-id=\"e50260f\" data-element_type=\"column\" data-e-type=\"column\">\n\t\t\t<div class=\"elementor-widget-wrap elementor-element-populated\">\n\t\t\t\t\t\t<div class=\"elementor-element elementor-element-9a9e855 elementor-widget elementor-widget-text-editor\" data-id=\"9a9e855\" data-element_type=\"widget\" data-e-type=\"widget\" data-widget_type=\"text-editor.default\">\n\t\t\t\t<div class=\"elementor-widget-container\">\n\t\t\t\t\t\t\t\t\t<p>Montate a neve ferma 300 gr di panna fresca, versatela in una ciotola e unite delicatamente 700 gr di yogurt alla fragola, mescolando dal basso verso l&#8217;alto. Infine unite il composto di latte e colla di pesce. Estraete dal frigo lo stampo con la base di biscotto ed aggiungete la crema di yogurt.<br \/> Rimettete il tutto in frigo per almeno 3 ore.<br \/>Dopo di ch\u00e8 potrete guarnire la torta con delle fragole, a vostro piacimento.<\/p>\t\t\t\t\t\t\t\t<\/div>\n\t\t\t\t<\/div>\n\t\t\t\t\t<\/div>\n\t\t<\/div>\n\t\t\t\t\t<\/div>\n\t\t<\/section>\n\t\t\t\t<section class=\"elementor-section elementor-top-section elementor-element elementor-element-58d81cf5 elementor-section-boxed elementor-section-height-default elementor-section-height-default\" data-id=\"58d81cf5\" data-element_type=\"section\" data-e-type=\"section\">\n\t\t\t\t\t\t<div class=\"elementor-container elementor-column-gap-default\">\n\t\t\t\t\t<div class=\"elementor-column elementor-col-100 elementor-top-column elementor-element elementor-element-87c14d1\" data-id=\"87c14d1\" data-element_type=\"column\" data-e-type=\"column\">\n\t\t\t<div class=\"elementor-widget-wrap elementor-element-populated\">\n\t\t\t\t\t\t<div class=\"elementor-element elementor-element-6ae31bad elementor-widget elementor-widget-text-editor\" data-id=\"6ae31bad\" data-element_type=\"widget\" data-e-type=\"widget\" data-widget_type=\"text-editor.default\">\n\t\t\t\t<div class=\"elementor-widget-container\">\n\t\t\t\t\t\t\t\t\t<p><span style=\"color: #0000ff;\"><strong><em>Ti \u00e8 piaciuto questo articolo? Allora fallo leggere anche ai tuoi amici!<br \/>Condividilo sui social e metti un \u201cmi piace\u201d al nostro profilo!<\/em><\/strong><\/span><\/p>\t\t\t\t\t\t\t\t<\/div>\n\t\t\t\t<\/div>\n\t\t\t\t\t<\/div>\n\t\t<\/div>\n\t\t\t\t\t<\/div>\n\t\t<\/section>\n\t\t\t\t<\/div>\n\t\t","protected":false},"excerpt":{"rendered":"<p>A chi non \u00e8 capitato, in questo periodo, di farsi attirare dai colori e dal profumo delle prime fragole sui banchi della frutta? E allora lasciamoci tentare, perch\u00e9 la fragola, oltre ad essere appetitosa \u00e8<\/p>\n","protected":false},"author":1,"featured_media":5907,"comment_status":"open","ping_status":"closed","sticky":false,"template":"","format":"standard","meta":{"footnotes":""},"categories":[22,1],"tags":[25,274,275,49],"class_list":["post-1707","post","type-post","status-publish","format-standard","has-post-thumbnail","hentry","category-alimentazione","category-salute","tag-alimentazione","tag-fragola","tag-frutta-di-stagione","tag-salute"],"_links":{"self":[{"href":"https:\/\/www.erboristeriasalute.com\/news\/wp-json\/wp\/v2\/posts\/1707","targetHints":{"allow":["GET"]}}],"collection":[{"href":"https:\/\/www.erboristeriasalute.com\/news\/wp-json\/wp\/v2\/posts"}],"about":[{"href":"https:\/\/www.erboristeriasalute.com\/news\/wp-json\/wp\/v2\/types\/post"}],"author":[{"embeddable":true,"href":"https:\/\/www.erboristeriasalute.com\/news\/wp-json\/wp\/v2\/users\/1"}],"replies":[{"embeddable":true,"href":"https:\/\/www.erboristeriasalute.com\/news\/wp-json\/wp\/v2\/comments?post=1707"}],"version-history":[{"count":0,"href":"https:\/\/www.erboristeriasalute.com\/news\/wp-json\/wp\/v2\/posts\/1707\/revisions"}],"wp:featuredmedia":[{"embeddable":true,"href":"https:\/\/www.erboristeriasalute.com\/news\/wp-json\/wp\/v2\/media\/5907"}],"wp:attachment":[{"href":"https:\/\/www.erboristeriasalute.com\/news\/wp-json\/wp\/v2\/media?parent=1707"}],"wp:term":[{"taxonomy":"category","embeddable":true,"href":"https:\/\/www.erboristeriasalute.com\/news\/wp-json\/wp\/v2\/categories?post=1707"},{"taxonomy":"post_tag","embeddable":true,"href":"https:\/\/www.erboristeriasalute.com\/news\/wp-json\/wp\/v2\/tags?post=1707"}],"curies":[{"name":"wp","href":"https:\/\/api.w.org\/{rel}","templated":true}]}}