{"id":1795,"date":"2019-06-11T11:53:13","date_gmt":"2019-06-11T09:53:13","guid":{"rendered":"https:\/\/erboristeriasalute.com\/news\/?p=1795"},"modified":"2022-10-06T17:11:15","modified_gmt":"2022-10-06T15:11:15","slug":"lentiggini-difetto-estetico-o-bella-particolarita","status":"publish","type":"post","link":"https:\/\/www.erboristeriasalute.com\/news\/lentiggini-difetto-estetico-o-bella-particolarita\/","title":{"rendered":"LENTIGGINI: DIFETTO ESTETICO O BELLA PARTICOLARITA\u2019?"},"content":{"rendered":"\t\t<div data-elementor-type=\"wp-post\" data-elementor-id=\"1795\" class=\"elementor elementor-1795 elementor-bc-flex-widget\">\n\t\t\t\t\t\t<section class=\"elementor-section elementor-top-section elementor-element elementor-element-a130631 elementor-section-boxed elementor-section-height-default elementor-section-height-default\" data-id=\"a130631\" data-element_type=\"section\" data-e-type=\"section\">\n\t\t\t\t\t\t<div class=\"elementor-container elementor-column-gap-default\">\n\t\t\t\t\t<div class=\"elementor-column elementor-col-100 elementor-top-column elementor-element elementor-element-3567c79\" data-id=\"3567c79\" data-element_type=\"column\" data-e-type=\"column\">\n\t\t\t<div class=\"elementor-widget-wrap elementor-element-populated\">\n\t\t\t\t\t\t<div class=\"elementor-element elementor-element-91a4f00 elementor-widget elementor-widget-text-editor\" data-id=\"91a4f00\" data-element_type=\"widget\" data-e-type=\"widget\" data-widget_type=\"text-editor.default\">\n\t\t\t\t<div class=\"elementor-widget-container\">\n\t\t\t\t\t\t\t\t\t<p>Le lentiggini sono macchioline di colore pi\u00f9 scuro rispetto alla tonalit\u00e0 della propria pelle, dalla forma pi\u00f9 o meno circolare e lisce al tatto, che compaiono soprattutto a chi ha la pelle molto chiara, e che sono distribuite su tutto il corpo.<br \/><span style=\"color: #333399;\"><strong><br \/>Quali sono le cause delle lentiggini?<\/strong><\/span><br \/>Nello specifico, le lentiggini derivano dall&#8217;aumento del numero di <strong>melanociti<\/strong> (cellule che producono la melanina) <br \/>Esse si presentano soprattutto in et\u00e0 infantile (dai 5 ai 15 anni), come una sorta di protezione dai raggi solari. Solitamente, poi, scompaiono nella pubert\u00e0, perch\u00e9 i melanociti diventano pi\u00f9 stabili e si riequilibria la produzione di melanina. <br \/>Anche le variazioni ormonali possono esserne una causa. Gli estrogeni infatti, favoriscono la sintesi cellulare, determinando cos\u00ec un aumento della produzione di melanina che si manifesta, appunto, sotto forma di lentiggine.<\/p>\t\t\t\t\t\t\t\t<\/div>\n\t\t\t\t<\/div>\n\t\t\t\t\t<\/div>\n\t\t<\/div>\n\t\t\t\t\t<\/div>\n\t\t<\/section>\n\t\t\t\t<section class=\"elementor-section elementor-top-section elementor-element elementor-element-e248a4b elementor-section-boxed elementor-section-height-default elementor-section-height-default\" data-id=\"e248a4b\" data-element_type=\"section\" data-e-type=\"section\">\n\t\t\t\t\t\t<div class=\"elementor-container elementor-column-gap-default\">\n\t\t\t\t\t<div class=\"elementor-column elementor-col-66 elementor-top-column elementor-element elementor-element-608df54\" data-id=\"608df54\" data-element_type=\"column\" data-e-type=\"column\">\n\t\t\t<div class=\"elementor-widget-wrap elementor-element-populated\">\n\t\t\t\t\t\t<div class=\"elementor-element elementor-element-dc1175c elementor-widget elementor-widget-text-editor\" data-id=\"dc1175c\" data-element_type=\"widget\" data-e-type=\"widget\" data-widget_type=\"text-editor.default\">\n\t\t\t\t<div class=\"elementor-widget-container\">\n\t\t\t\t\t\t\t\t\t<p>Le lentiggini solitamente aumentano di numero quando ci si espone al sole per lunghi periodi, perch\u00e8 i melanociti vengono attivati maggiormente dai raggi solari.<br \/>Per questo motivo, chi ha le lentiggini \u00e8 particolarmente soggetto a scottature, ed \u00e8 bene che usi una crema ad alta protezione.<br \/><strong>Le lentiggini non devono essere considerate una malattia della pelle<\/strong>: esse sono causate da un fattore genetico: si manifestano durante l&#8217;infanzia, variando spesso di quantit\u00e0 nel corso degli anni.<\/p>\t\t\t\t\t\t\t\t<\/div>\n\t\t\t\t<\/div>\n\t\t\t\t\t<\/div>\n\t\t<\/div>\n\t\t\t\t<div class=\"elementor-column elementor-col-33 elementor-top-column elementor-element elementor-element-df3966f\" data-id=\"df3966f\" data-element_type=\"column\" data-e-type=\"column\">\n\t\t\t<div class=\"elementor-widget-wrap elementor-element-populated\">\n\t\t\t\t\t\t<div class=\"elementor-element elementor-element-752f4a5 elementor-widget elementor-widget-image\" data-id=\"752f4a5\" data-element_type=\"widget\" data-e-type=\"widget\" data-widget_type=\"image.default\">\n\t\t\t\t<div class=\"elementor-widget-container\">\n\t\t\t\t\t\t\t\t\t\t\t\t\t\t\t<img decoding=\"async\" src=\"https:\/\/erboristeriasalute.com\/news\/wp-content\/uploads\/2019\/06\/lentiggini.jpg\" title=\"\" alt=\"\" loading=\"lazy\" \/>\t\t\t\t\t\t\t\t\t\t\t\t\t\t\t<\/div>\n\t\t\t\t<\/div>\n\t\t\t\t\t<\/div>\n\t\t<\/div>\n\t\t\t\t\t<\/div>\n\t\t<\/section>\n\t\t\t\t<section class=\"elementor-section elementor-top-section elementor-element elementor-element-ca856d9 elementor-section-boxed elementor-section-height-default elementor-section-height-default\" data-id=\"ca856d9\" data-element_type=\"section\" data-e-type=\"section\">\n\t\t\t\t\t\t<div class=\"elementor-container elementor-column-gap-default\">\n\t\t\t\t\t<div class=\"elementor-column elementor-col-100 elementor-top-column elementor-element elementor-element-a2f02f0\" data-id=\"a2f02f0\" data-element_type=\"column\" data-e-type=\"column\">\n\t\t\t<div class=\"elementor-widget-wrap elementor-element-populated\">\n\t\t\t\t\t\t<div class=\"elementor-element elementor-element-e56d011 elementor-widget elementor-widget-text-editor\" data-id=\"e56d011\" data-element_type=\"widget\" data-e-type=\"widget\" data-widget_type=\"text-editor.default\">\n\t\t\t\t<div class=\"elementor-widget-container\">\n\t\t\t\t\t\t\t\t\t<p><span style=\"color: #333399;\"><strong>Non confondiamo le lentiggini con le efelidi o le lentigo solari<\/strong><\/span><br \/>Generalmente si tende a pensare che si tratti di macchioline tutte uguali, in realt\u00e0 si tratta di cose diverse:<br \/><strong>Le efelidi<\/strong> sono di colore bruno chiaro e forma irregolare e sono localizzate prevalentemente sul viso (fronte, naso e zigomi) e sul d\u00e9collet\u00e9.<br \/>Esse sono molto sensibili all&#8217;esposizione solare, infatti aumentano durante la stagione estiva e si attenuano durante quella invernale.<br \/>Compaiono in et\u00e0 infantile e pi\u00f9 frequentemente nelle persone con capelli rossi o biondi. <br \/>Sono ereditarie e alla loro origine c&#8217;\u00e8 una disfunzione dei melanosomi che hanno forma allungata e contengono pi\u00f9 melanina di altri. Anche in questo caso non si tratta di una malattia della pelle, ma eventualmente di una particolarit\u00e0 di tipo estetico.<br \/>Per evitare che aumentino bisogna proteggere la pelle dal sole con filtri solari adeguati.<\/p><p>Anche <strong>le lentigo solari<\/strong> sono di forma irregolare e grandezza variabile e compaiono prevalentemente sulle aree pi\u00f9 esposte al sole. Al contrario di lentiggini ed efelidi, le lentigo solari compaiono in et\u00e0 adulta, ma anche in questo caso si parla di inestetismo estetico, non di malattia della pelle. <\/p>\t\t\t\t\t\t\t\t<\/div>\n\t\t\t\t<\/div>\n\t\t\t\t\t<\/div>\n\t\t<\/div>\n\t\t\t\t\t<\/div>\n\t\t<\/section>\n\t\t\t\t<section class=\"elementor-section elementor-top-section elementor-element elementor-element-66c9cf4e elementor-section-boxed elementor-section-height-default elementor-section-height-default\" data-id=\"66c9cf4e\" data-element_type=\"section\" data-e-type=\"section\">\n\t\t\t\t\t\t<div class=\"elementor-container elementor-column-gap-default\">\n\t\t\t\t\t<div class=\"elementor-column elementor-col-100 elementor-top-column elementor-element elementor-element-309be79c\" data-id=\"309be79c\" data-element_type=\"column\" data-e-type=\"column\">\n\t\t\t<div class=\"elementor-widget-wrap elementor-element-populated\">\n\t\t\t\t\t\t<div class=\"elementor-element elementor-element-2102ca66 elementor-widget elementor-widget-text-editor\" data-id=\"2102ca66\" data-element_type=\"widget\" data-e-type=\"widget\" data-widget_type=\"text-editor.default\">\n\t\t\t\t<div class=\"elementor-widget-container\">\n\t\t\t\t\t\t\t\t\t<h5>Seguici sui nostri SOCIAL!<\/h5><p>Approfondimenti, offerte speciali, notizie dal mondo naturale e tanto altro!<br \/> Clicca su &#8220;<strong>MI PIACE<\/strong>&#8221; per essere sempre aggiornato sulle nostre iniziative!<\/p>\t\t\t\t\t\t\t\t<\/div>\n\t\t\t\t<\/div>\n\t\t\t\t\t<\/div>\n\t\t<\/div>\n\t\t\t\t\t<\/div>\n\t\t<\/section>\n\t\t\t\t<section class=\"elementor-section elementor-top-section elementor-element elementor-element-81a5a88 elementor-section-boxed elementor-section-height-default elementor-section-height-default\" data-id=\"81a5a88\" data-element_type=\"section\" data-e-type=\"section\">\n\t\t\t\t\t\t<div class=\"elementor-container elementor-column-gap-default\">\n\t\t\t\t\t<div class=\"elementor-column elementor-col-100 elementor-top-column elementor-element elementor-element-66ad01e3\" data-id=\"66ad01e3\" data-element_type=\"column\" data-e-type=\"column\">\n\t\t\t<div class=\"elementor-widget-wrap elementor-element-populated\">\n\t\t\t\t\t\t<div class=\"elementor-element elementor-element-d5edede elementor-shape-rounded elementor-grid-0 e-grid-align-center elementor-widget elementor-widget-social-icons\" data-id=\"d5edede\" data-element_type=\"widget\" data-e-type=\"widget\" data-widget_type=\"social-icons.default\">\n\t\t\t\t<div class=\"elementor-widget-container\">\n\t\t\t\t\t\t\t<div class=\"elementor-social-icons-wrapper elementor-grid\" role=\"list\">\n\t\t\t\t\t\t\t<span class=\"elementor-grid-item\" role=\"listitem\">\n\t\t\t\t\t<a class=\"elementor-icon elementor-social-icon elementor-social-icon-facebook elementor-repeater-item-51175dc\" href=\"https:\/\/www.facebook.com\/NutraLabs-471237786352640\/\" target=\"_blank\" rel=\"noopener\">\n\t\t\t\t\t\t<span class=\"elementor-screen-only\">Facebook<\/span>\n\t\t\t\t\t\t\t\t\t\t\t\t\t<i class=\"fa fa-facebook\" aria-hidden=\"true\"><\/i>\n\t\t\t\t\t\t\t\t\t\t\t<\/a>\n\t\t\t\t<\/span>\n\t\t\t\t\t\t\t<span class=\"elementor-grid-item\" role=\"listitem\">\n\t\t\t\t\t<a class=\"elementor-icon elementor-social-icon elementor-social-icon-instagram elementor-repeater-item-51639a2\" href=\"https:\/\/www.instagram.com\/nutralabs\/\" target=\"_blank\" rel=\"noopener\">\n\t\t\t\t\t\t<span class=\"elementor-screen-only\">Instagram<\/span>\n\t\t\t\t\t\t\t\t\t\t\t\t\t<i class=\"fa fa-instagram\" aria-hidden=\"true\"><\/i>\n\t\t\t\t\t\t\t\t\t\t\t<\/a>\n\t\t\t\t<\/span>\n\t\t\t\t\t<\/div>\n\t\t\t\t\t\t<\/div>\n\t\t\t\t<\/div>\n\t\t\t\t\t<\/div>\n\t\t<\/div>\n\t\t\t\t\t<\/div>\n\t\t<\/section>\n\t\t\t\t<\/div>\n\t\t","protected":false},"excerpt":{"rendered":"<p>Le lentiggini sono macchioline di colore pi\u00f9 scuro rispetto alla tonalit\u00e0 della propria pelle, dalla forma pi\u00f9 o meno circolare e lisce al tatto, che compaiono soprattutto a chi ha la pelle molto chiara, e<\/p>\n","protected":false},"author":1,"featured_media":0,"comment_status":"open","ping_status":"closed","sticky":false,"template":"","format":"standard","meta":{"footnotes":""},"categories":[3,1],"tags":[21,285,18],"class_list":["post-1795","post","type-post","status-publish","format-standard","hentry","category-bellezza","category-salute","tag-benessere-pelle","tag-lentiggini","tag-pelle"],"_links":{"self":[{"href":"https:\/\/www.erboristeriasalute.com\/news\/wp-json\/wp\/v2\/posts\/1795","targetHints":{"allow":["GET"]}}],"collection":[{"href":"https:\/\/www.erboristeriasalute.com\/news\/wp-json\/wp\/v2\/posts"}],"about":[{"href":"https:\/\/www.erboristeriasalute.com\/news\/wp-json\/wp\/v2\/types\/post"}],"author":[{"embeddable":true,"href":"https:\/\/www.erboristeriasalute.com\/news\/wp-json\/wp\/v2\/users\/1"}],"replies":[{"embeddable":true,"href":"https:\/\/www.erboristeriasalute.com\/news\/wp-json\/wp\/v2\/comments?post=1795"}],"version-history":[{"count":0,"href":"https:\/\/www.erboristeriasalute.com\/news\/wp-json\/wp\/v2\/posts\/1795\/revisions"}],"wp:attachment":[{"href":"https:\/\/www.erboristeriasalute.com\/news\/wp-json\/wp\/v2\/media?parent=1795"}],"wp:term":[{"taxonomy":"category","embeddable":true,"href":"https:\/\/www.erboristeriasalute.com\/news\/wp-json\/wp\/v2\/categories?post=1795"},{"taxonomy":"post_tag","embeddable":true,"href":"https:\/\/www.erboristeriasalute.com\/news\/wp-json\/wp\/v2\/tags?post=1795"}],"curies":[{"name":"wp","href":"https:\/\/api.w.org\/{rel}","templated":true}]}}