{"id":1806,"date":"2019-06-14T10:32:29","date_gmt":"2019-06-14T08:32:29","guid":{"rendered":"https:\/\/erboristeriasalute.com\/news\/?p=1806"},"modified":"2022-10-06T17:11:14","modified_gmt":"2022-10-06T15:11:14","slug":"cucinare-con-le-erbacce-la-portulaca","status":"publish","type":"post","link":"https:\/\/www.erboristeriasalute.com\/news\/cucinare-con-le-erbacce-la-portulaca\/","title":{"rendered":"CUCINARE CON LE \u201cERBACCE\u201d: LA PORTULACA"},"content":{"rendered":"\t\t<div data-elementor-type=\"wp-post\" data-elementor-id=\"1806\" class=\"elementor elementor-1806\">\n\t\t\t\t\t\t<section class=\"elementor-section elementor-top-section elementor-element elementor-element-dc143a2 elementor-section-boxed elementor-section-height-default elementor-section-height-default\" data-id=\"dc143a2\" data-element_type=\"section\" data-e-type=\"section\">\n\t\t\t\t\t\t<div class=\"elementor-container elementor-column-gap-default\">\n\t\t\t\t\t<div class=\"elementor-column elementor-col-100 elementor-top-column elementor-element elementor-element-e58ff02\" data-id=\"e58ff02\" data-element_type=\"column\" data-e-type=\"column\">\n\t\t\t<div class=\"elementor-widget-wrap elementor-element-populated\">\n\t\t\t\t\t\t<div class=\"elementor-element elementor-element-286c362 elementor-widget elementor-widget-text-editor\" data-id=\"286c362\" data-element_type=\"widget\" data-e-type=\"widget\" data-widget_type=\"text-editor.default\">\n\t\t\t\t<div class=\"elementor-widget-container\">\n\t\t\t\t\t\t\t\t\t<p>Sapevi che molte delle erbe che crescono spontaneamente nei cortili, nei prati e nei boschi sono commestibili? <br \/>La pratica di uscire per raccogliere \u201cerbacce\u201d, portarle a casa e cucinarle, ben nota ai nostri bisnonni, si \u00e8 andata perdendo mano a mano che il nostro stile di vita \u00e8 diventato sempre pi\u00f9 urbano.<br \/>A volte abbiamo l&#8217;impressione che se qualcosa non si pu\u00f2 acquistare in un negozio non abbia valore&#8230; \u00c8 un peccato, perch\u00e9 <strong>le erbe spontanee potrebbero rappresentare una ricchezza per la nostra alimentazione.<\/strong> <br \/>Crescono senza l&#8217;aiuto di fitofarmaci e fertilizzanti chimici, maturano al sole, sono sempre di stagione, a chilometro zero e completamente gratuite! <br \/>Ricche di vitamine, sali minerali e fitocomposti, se le usiamo costantemente, anche in piccola quantit\u00e0, sono in grado di aumentare il valore nutrizionale dei nostri piatti.<\/p><p>Se ne abbiamo voglia, recuperare la tradizione di \u201candar per erbe\u201d \u00e8 semplice: basta scegliere una giornata di sole, munirsi di un cestino di vimini (meglio evitare i sacchetti, perch\u00e9 le erbe non respirano, si scaldano e di conseguenza si rovinano in fretta) e fare una passeggiata fuori citt\u00e0. Evitiamo di raccogliere ai lati delle strade, nelle zone inquinate.<br \/><br \/><em><strong>Se non siamo assolutamente certi del riconoscimento di un&#8217;erba, non raccogliamola: accanto alle specie commestibili, infatti, ce ne sono anche molte tossiche o velenose.<\/strong> <br \/><br \/><\/em>Una volta tornati a casa, prepariamo le erbe e consumiamole subito: al contrario delle variet\u00e0 coltivate, non sono state selezionate per durare giorni in frigorifero!<\/p><p>Moltissime erbe si raccolgono in primavera, quando spuntano le foglioline nuove; ma ogni stagione pu\u00f2 regalarci qualche cosa. Oggi infatti parliamo di un&#8217;erba tipicamente estiva, che puoi raccogliere proprio in questi giorni e per tutta l&#8217;estate.<\/p>\t\t\t\t\t\t\t\t<\/div>\n\t\t\t\t<\/div>\n\t\t\t\t\t<\/div>\n\t\t<\/div>\n\t\t\t\t\t<\/div>\n\t\t<\/section>\n\t\t\t\t<section class=\"elementor-section elementor-top-section elementor-element elementor-element-68000a2 elementor-section-boxed elementor-section-height-default elementor-section-height-default\" data-id=\"68000a2\" data-element_type=\"section\" data-e-type=\"section\">\n\t\t\t\t\t\t<div class=\"elementor-container elementor-column-gap-default\">\n\t\t\t\t\t<div class=\"elementor-column elementor-col-100 elementor-top-column elementor-element elementor-element-4df9f9e\" data-id=\"4df9f9e\" data-element_type=\"column\" data-e-type=\"column\">\n\t\t\t<div class=\"elementor-widget-wrap elementor-element-populated\">\n\t\t\t\t\t\t<div class=\"elementor-element elementor-element-85e86b4 elementor-widget elementor-widget-image\" data-id=\"85e86b4\" data-element_type=\"widget\" data-e-type=\"widget\" data-widget_type=\"image.default\">\n\t\t\t\t<div class=\"elementor-widget-container\">\n\t\t\t\t\t\t\t\t\t\t\t\t\t\t\t<img decoding=\"async\" src=\"https:\/\/erboristeriasalute.com\/news\/wp-content\/uploads\/2019\/06\/017-portulaca.jpg\" title=\"\" alt=\"\" loading=\"lazy\" \/>\t\t\t\t\t\t\t\t\t\t\t\t\t\t\t<\/div>\n\t\t\t\t<\/div>\n\t\t\t\t\t<\/div>\n\t\t<\/div>\n\t\t\t\t\t<\/div>\n\t\t<\/section>\n\t\t\t\t<section class=\"elementor-section elementor-top-section elementor-element elementor-element-6686ad4 elementor-section-boxed elementor-section-height-default elementor-section-height-default\" data-id=\"6686ad4\" data-element_type=\"section\" data-e-type=\"section\">\n\t\t\t\t\t\t<div class=\"elementor-container elementor-column-gap-default\">\n\t\t\t\t\t<div class=\"elementor-column elementor-col-100 elementor-top-column elementor-element elementor-element-b9bb26d\" data-id=\"b9bb26d\" data-element_type=\"column\" data-e-type=\"column\">\n\t\t\t<div class=\"elementor-widget-wrap elementor-element-populated\">\n\t\t\t\t\t\t<div class=\"elementor-element elementor-element-90e6c89 elementor-widget elementor-widget-text-editor\" data-id=\"90e6c89\" data-element_type=\"widget\" data-e-type=\"widget\" data-widget_type=\"text-editor.default\">\n\t\t\t\t<div class=\"elementor-widget-container\">\n\t\t\t\t\t\t\t\t\t<p><strong>Nome botanico:<\/strong> Portulaca oleracea<\/p><p><strong>Nomi comuni:<\/strong> portulaca, porcellana<\/p><p><strong>Descrizione:<\/strong> pianta annuale con fusti striscianti, carnosi, lisci, di colore rossastro; piccole foglie verde chiaro, carnose anch&#8217;esse, a forma di cuneo alla base, che poi si allargano e si arrotondano all&#8217;apice; fiori gialli minuscoli, che danno come frutto una capsula piena di piccoli semi neri. Ha un aspetto molto caratteristico: difficile sbagliarsi o confonderla con altre erbe!<\/p><p><strong>Habitat:<\/strong> orti, campi, terreni incolti, bordi di strade e sentieri, crepe dei selciati, anche in citt\u00e0. Cresce in pianura e in collina praticamente in tutta Italia.<\/p><p><strong>Cosa raccogliere:<\/strong> foglie e rametti teneri, cimette fiorite, semi.<\/p><p><strong>Quando raccogliere:<\/strong> da maggio a settembre.<\/p><p><strong>Propriet\u00e0:<\/strong> contiene vitamina C, vitamina B, beta-carotene, mucillagini, sali minerali, e soprattutto grassi omega-3, in particolare acido alfa-linolenico, di cui \u00e8 una ricca fonte sia nelle foglie che nei semi (una delle poche fonti vegetali).<\/p><p><strong>Utilizzo:<\/strong> \u00e8 una delle erbe commestibili pi\u00f9 conosciute e viene utilizzata da secoli, in special modo nella cucina greca. Le foglie hanno un sapore leggermente acidulo, talvolta salato, che diventa speziato con la maturit\u00e0 della foglia. Si pu\u00f2 consumare cruda (in questo modo sfrutteremo al massimo il contenuto di vitamina C e omega-3), in insalata o per addensare salse e pat\u00e9, grazie al suo contenuto di mucillagini; oppure cotta, saltata rapidamente con aglio e olio e poi utilizzata sui crostini o per arricchire sughi per la pasta. Foglie e fusti si possono mettere sott&#8217;aceto o sotto sale, come i capperi, e poi utilizzare tal quali o per valorizzare ripieni, polpette e minestre; si conservano in barattoli di vetro ben chiusi, al riparo dalla luce, per 7-8 mesi. I semi si possono aggiungere alle insalate o come guarnizione per pane o grissini.<\/p><p><strong>Ricette:<\/strong> visto che il caldo spesso toglie la voglia di passare tempo ai fornelli, ti proponiamo qualche idea per consumare l&#8217;erba porcellana in insalata.<\/p><p><span style=\"color: #333399;\"><strong>Variante 1:<\/strong> <\/span>portulaca, pesche a pezzetti, semi di girasole e di zucca; condire con olio extravergine di oliva, aceto balsamico e tabasco.<\/p><p><strong><span style=\"color: #333399;\">Variante 2:<\/span><\/strong> portulaca, rucola, formaggio feta a tocchetti, olive nere; condire con olio extravergine di oliva e limone.<\/p><p><span style=\"color: #333399;\"><strong>Variante 3:<\/strong><\/span> portulaca, rucola, formaggio feta a tocchetti, fichi tagliati a pezzatti, crostini di pane; condire con olio extravergine di oliva, pepe, miele.<\/p><p><strong>Non ci resta che augurarti buona raccolta&#8230; e buon appetito!<\/strong><\/p>\t\t\t\t\t\t\t\t<\/div>\n\t\t\t\t<\/div>\n\t\t\t\t\t<\/div>\n\t\t<\/div>\n\t\t\t\t\t<\/div>\n\t\t<\/section>\n\t\t\t\t<section class=\"elementor-section elementor-top-section elementor-element elementor-element-1780a81e elementor-section-boxed elementor-section-height-default elementor-section-height-default\" data-id=\"1780a81e\" data-element_type=\"section\" data-e-type=\"section\">\n\t\t\t\t\t\t<div class=\"elementor-container elementor-column-gap-default\">\n\t\t\t\t\t<div class=\"elementor-column elementor-col-100 elementor-top-column elementor-element elementor-element-421292e5\" data-id=\"421292e5\" data-element_type=\"column\" data-e-type=\"column\">\n\t\t\t<div class=\"elementor-widget-wrap elementor-element-populated\">\n\t\t\t\t\t\t<div class=\"elementor-element elementor-element-2c7602de elementor-widget elementor-widget-text-editor\" data-id=\"2c7602de\" data-element_type=\"widget\" data-e-type=\"widget\" data-widget_type=\"text-editor.default\">\n\t\t\t\t<div class=\"elementor-widget-container\">\n\t\t\t\t\t\t\t\t\t<h5>Seguici sui nostri SOCIAL!<\/h5><p>Approfondimenti, offerte speciali, notizie dal mondo naturale e tanto altro!<br \/> Clicca su &#8220;<strong>MI PIACE<\/strong>&#8221; per essere sempre aggiornato sulle nostre iniziative!<\/p>\t\t\t\t\t\t\t\t<\/div>\n\t\t\t\t<\/div>\n\t\t\t\t\t<\/div>\n\t\t<\/div>\n\t\t\t\t\t<\/div>\n\t\t<\/section>\n\t\t\t\t<section class=\"elementor-section elementor-top-section elementor-element elementor-element-76fa1806 elementor-section-boxed elementor-section-height-default elementor-section-height-default\" data-id=\"76fa1806\" data-element_type=\"section\" data-e-type=\"section\">\n\t\t\t\t\t\t<div class=\"elementor-container elementor-column-gap-default\">\n\t\t\t\t\t<div class=\"elementor-column elementor-col-100 elementor-top-column elementor-element elementor-element-78c1b444\" data-id=\"78c1b444\" data-element_type=\"column\" data-e-type=\"column\">\n\t\t\t<div class=\"elementor-widget-wrap elementor-element-populated\">\n\t\t\t\t\t\t<div class=\"elementor-element elementor-element-15a383e3 elementor-shape-rounded elementor-grid-0 e-grid-align-center elementor-widget elementor-widget-social-icons\" data-id=\"15a383e3\" data-element_type=\"widget\" data-e-type=\"widget\" data-widget_type=\"social-icons.default\">\n\t\t\t\t<div class=\"elementor-widget-container\">\n\t\t\t\t\t\t\t<div class=\"elementor-social-icons-wrapper elementor-grid\" role=\"list\">\n\t\t\t\t\t\t\t<span class=\"elementor-grid-item\" role=\"listitem\">\n\t\t\t\t\t<a class=\"elementor-icon elementor-social-icon elementor-social-icon-facebook elementor-repeater-item-51175dc\" href=\"https:\/\/www.facebook.com\/NutraLabs-471237786352640\/\" target=\"_blank\" rel=\"noopener\">\n\t\t\t\t\t\t<span class=\"elementor-screen-only\">Facebook<\/span>\n\t\t\t\t\t\t\t\t\t\t\t\t\t<i class=\"fa fa-facebook\" aria-hidden=\"true\"><\/i>\n\t\t\t\t\t\t\t\t\t\t\t<\/a>\n\t\t\t\t<\/span>\n\t\t\t\t\t\t\t<span class=\"elementor-grid-item\" role=\"listitem\">\n\t\t\t\t\t<a class=\"elementor-icon elementor-social-icon elementor-social-icon-instagram elementor-repeater-item-51639a2\" href=\"https:\/\/www.instagram.com\/nutralabs\/\" target=\"_blank\" rel=\"noopener\">\n\t\t\t\t\t\t<span class=\"elementor-screen-only\">Instagram<\/span>\n\t\t\t\t\t\t\t\t\t\t\t\t\t<i class=\"fa fa-instagram\" aria-hidden=\"true\"><\/i>\n\t\t\t\t\t\t\t\t\t\t\t<\/a>\n\t\t\t\t<\/span>\n\t\t\t\t\t<\/div>\n\t\t\t\t\t\t<\/div>\n\t\t\t\t<\/div>\n\t\t\t\t\t<\/div>\n\t\t<\/div>\n\t\t\t\t\t<\/div>\n\t\t<\/section>\n\t\t\t\t<\/div>\n\t\t","protected":false},"excerpt":{"rendered":"<p>Sapevi che molte delle erbe che crescono spontaneamente nei cortili, nei prati e nei boschi sono commestibili? La pratica di uscire per raccogliere \u201cerbacce\u201d, portarle a casa e cucinarle, ben nota ai nostri bisnonni, si<\/p>\n","protected":false},"author":1,"featured_media":0,"comment_status":"open","ping_status":"closed","sticky":false,"template":"","format":"standard","meta":{"footnotes":""},"categories":[22,1],"tags":[25,288,287],"class_list":["post-1806","post","type-post","status-publish","format-standard","hentry","category-alimentazione","category-salute","tag-alimentazione","tag-cibi-di-stagione","tag-erbe-spontanee"],"_links":{"self":[{"href":"https:\/\/www.erboristeriasalute.com\/news\/wp-json\/wp\/v2\/posts\/1806","targetHints":{"allow":["GET"]}}],"collection":[{"href":"https:\/\/www.erboristeriasalute.com\/news\/wp-json\/wp\/v2\/posts"}],"about":[{"href":"https:\/\/www.erboristeriasalute.com\/news\/wp-json\/wp\/v2\/types\/post"}],"author":[{"embeddable":true,"href":"https:\/\/www.erboristeriasalute.com\/news\/wp-json\/wp\/v2\/users\/1"}],"replies":[{"embeddable":true,"href":"https:\/\/www.erboristeriasalute.com\/news\/wp-json\/wp\/v2\/comments?post=1806"}],"version-history":[{"count":0,"href":"https:\/\/www.erboristeriasalute.com\/news\/wp-json\/wp\/v2\/posts\/1806\/revisions"}],"wp:attachment":[{"href":"https:\/\/www.erboristeriasalute.com\/news\/wp-json\/wp\/v2\/media?parent=1806"}],"wp:term":[{"taxonomy":"category","embeddable":true,"href":"https:\/\/www.erboristeriasalute.com\/news\/wp-json\/wp\/v2\/categories?post=1806"},{"taxonomy":"post_tag","embeddable":true,"href":"https:\/\/www.erboristeriasalute.com\/news\/wp-json\/wp\/v2\/tags?post=1806"}],"curies":[{"name":"wp","href":"https:\/\/api.w.org\/{rel}","templated":true}]}}