{"id":2066,"date":"2019-10-09T14:28:52","date_gmt":"2019-10-09T12:28:52","guid":{"rendered":"https:\/\/erboristeriasalute.com\/news\/?p=2066"},"modified":"2022-10-06T17:10:51","modified_gmt":"2022-10-06T15:10:51","slug":"limoni-verdi-o-gialli","status":"publish","type":"post","link":"https:\/\/www.erboristeriasalute.com\/news\/limoni-verdi-o-gialli\/","title":{"rendered":"LIMONI VERDI O GIALLI?"},"content":{"rendered":"\t\t<div data-elementor-type=\"wp-post\" data-elementor-id=\"2066\" class=\"elementor elementor-2066 elementor-bc-flex-widget\">\n\t\t\t\t\t\t<section class=\"elementor-section elementor-top-section elementor-element elementor-element-78f23d6 elementor-section-boxed elementor-section-height-default elementor-section-height-default\" data-id=\"78f23d6\" data-element_type=\"section\" data-e-type=\"section\">\n\t\t\t\t\t\t<div class=\"elementor-container elementor-column-gap-default\">\n\t\t\t\t\t<div class=\"elementor-column elementor-col-100 elementor-top-column elementor-element elementor-element-2396303\" data-id=\"2396303\" data-element_type=\"column\" data-e-type=\"column\">\n\t\t\t<div class=\"elementor-widget-wrap elementor-element-populated\">\n\t\t\t\t\t\t<div class=\"elementor-element elementor-element-c9a7372 elementor-widget elementor-widget-text-editor\" data-id=\"c9a7372\" data-element_type=\"widget\" data-e-type=\"widget\" data-widget_type=\"text-editor.default\">\n\t\t\t\t<div class=\"elementor-widget-container\">\n\t\t\t\t\t\t\t\t\t<p>\u201cChe brutti, saranno acerbi?\u201d: <br \/>forse \u00e8 capitato anche a te di pensare qualcosa di simile davanti ai piccoli limoni verdi che si trovano durante l&#8217;estate sui banchi del supermercato. <br \/>In effetti i consumatori italiani non amano molto questa variet\u00e0, e preferiscono i limoni gialli: che in estate, per\u00f2, arrivano letteralmente dall&#8217;altra parte del mondo, cio\u00e8 dal Sud Africa (dopo 13.000 km di viaggio) e dall&#8217;Argentina (11.000 km di viaggio).<\/p><p>I limoni verdi invece sono un prodotto tutto italiano, siciliano per la precisione; e il verde non indica che sono acerbi ma \u00e8 il colore tipico di questa variet\u00e0, denominata appunto \u201c<strong>verdelli<\/strong>\u201d. Si tratta degli unici limoni italiani che maturano in estate; normalmente il limone \u00e8 un frutto invernale, e questo \u00e8 il motivo per cui durante l&#8217;estate li importiamo dall&#8217;emisfero australe.<\/p><p>I verdelli sono il frutto della terza fioritura del limone \u201cfemminello\u201d di Siracusa, variet\u00e0 considerata tra le pi\u00f9 pregiate d&#8217;Italia. Questo albero fiorisce tre volte all&#8217;anno, producendo altrettante raccolte di frutti che hanno ognuna caratteristiche diverse: la prima fioritura d\u00e0 origine al limone \u201cprimofiore\u201d, il pi\u00f9 comune, che si raccoglie da ottobre a marzo; la seconda fioritura produce il \u201cbianchetto\u201d, che troveremo in commercio da marzo a giugno (ma le quantit\u00e0 prodotte sono scarse); la terza fioritura ci regala appunto, da aprile a settembre, il verdello.<\/p><p>Lungi dall&#8217;essere un frutto di scarsa qualit\u00e0, il verdello ha ottime caratteristiche organolettiche: molto profumato, molto succoso, poco acido; la buccia, sottile, \u00e8 ricca di ghiandole oleifere che producono un olio essenziale di ottima qualit\u00e0, ricercato dalle pi\u00f9 importanti case di profumi e di cosmesi del mondo. <br \/>Ma allora vale la pena di importare dall&#8217;altro capo del mondo gli agrumi simbolo del sud Italia? <br \/>A voi la risposta.<br \/> Intanto con gli ultimi verdelli dell&#8217;anno possiamo fare dei profumatissimi biscotti seguendo la ricetta che segue.<\/p><p><span style=\"color: #333399;\"><strong>LA RICETTA: BISCOTTI AL LIMONE VERDELLO<br \/><\/strong><\/span><strong>Ingredienti:<\/strong><br \/>300 g farina 00<br \/>100 g burro<br \/>90 g zucchero<br \/>1 uovo<br \/>30 ml latte<br \/>2 cucchiaini di lievito per dolci<br \/>1 limone verdello (scorza grattugiata e succo)<\/p><p><strong>Preparazione:<\/strong><br \/>Impastare tutti gli ingredienti e lasciar raffreddare la sfoglia in frigorifero per 10 minuti, avvolta in pellicola trasparente. Con l&#8217;impasto formare una ventina di palline, infornare a 180\u00b0 e cuocere per circa 15 minuti.<br \/>Buon appetito!<\/p>\t\t\t\t\t\t\t\t<\/div>\n\t\t\t\t<\/div>\n\t\t\t\t\t<\/div>\n\t\t<\/div>\n\t\t\t\t\t<\/div>\n\t\t<\/section>\n\t\t\t\t<section class=\"elementor-section elementor-top-section elementor-element elementor-element-54fe40ff elementor-section-boxed elementor-section-height-default elementor-section-height-default\" data-id=\"54fe40ff\" data-element_type=\"section\" data-e-type=\"section\">\n\t\t\t\t\t\t<div class=\"elementor-container elementor-column-gap-default\">\n\t\t\t\t\t<div class=\"elementor-column elementor-col-100 elementor-top-column elementor-element elementor-element-76b27b3\" data-id=\"76b27b3\" data-element_type=\"column\" data-e-type=\"column\">\n\t\t\t<div class=\"elementor-widget-wrap elementor-element-populated\">\n\t\t\t\t\t\t<div class=\"elementor-element elementor-element-5a8de525 elementor-widget elementor-widget-text-editor\" data-id=\"5a8de525\" data-element_type=\"widget\" data-e-type=\"widget\" data-widget_type=\"text-editor.default\">\n\t\t\t\t<div class=\"elementor-widget-container\">\n\t\t\t\t\t\t\t\t\t<h5>Seguici sui nostri SOCIAL!<\/h5><p>Approfondimenti, offerte speciali, notizie dal mondo naturale e tanto altro!<br \/> Clicca su &#8220;<strong>MI PIACE<\/strong>&#8221; per essere sempre aggiornato sulle nostre iniziative!<\/p>\t\t\t\t\t\t\t\t<\/div>\n\t\t\t\t<\/div>\n\t\t\t\t\t<\/div>\n\t\t<\/div>\n\t\t\t\t\t<\/div>\n\t\t<\/section>\n\t\t\t\t<section class=\"elementor-section elementor-top-section elementor-element elementor-element-19f82303 elementor-section-boxed elementor-section-height-default elementor-section-height-default\" data-id=\"19f82303\" data-element_type=\"section\" data-e-type=\"section\">\n\t\t\t\t\t\t<div class=\"elementor-container elementor-column-gap-default\">\n\t\t\t\t\t<div class=\"elementor-column elementor-col-100 elementor-top-column elementor-element elementor-element-5fdd81ac\" data-id=\"5fdd81ac\" data-element_type=\"column\" data-e-type=\"column\">\n\t\t\t<div class=\"elementor-widget-wrap elementor-element-populated\">\n\t\t\t\t\t\t<div class=\"elementor-element elementor-element-570a13c7 elementor-shape-rounded elementor-grid-0 e-grid-align-center elementor-widget elementor-widget-social-icons\" data-id=\"570a13c7\" data-element_type=\"widget\" data-e-type=\"widget\" data-widget_type=\"social-icons.default\">\n\t\t\t\t<div class=\"elementor-widget-container\">\n\t\t\t\t\t\t\t<div class=\"elementor-social-icons-wrapper elementor-grid\" role=\"list\">\n\t\t\t\t\t\t\t<span class=\"elementor-grid-item\" role=\"listitem\">\n\t\t\t\t\t<a class=\"elementor-icon elementor-social-icon elementor-social-icon-facebook elementor-repeater-item-51175dc\" href=\"https:\/\/www.facebook.com\/NutraLabs-471237786352640\/\" target=\"_blank\" rel=\"noopener\">\n\t\t\t\t\t\t<span class=\"elementor-screen-only\">Facebook<\/span>\n\t\t\t\t\t\t\t\t\t\t\t\t\t<i class=\"fa fa-facebook\" aria-hidden=\"true\"><\/i>\n\t\t\t\t\t\t\t\t\t\t\t<\/a>\n\t\t\t\t<\/span>\n\t\t\t\t\t\t\t<span class=\"elementor-grid-item\" role=\"listitem\">\n\t\t\t\t\t<a class=\"elementor-icon elementor-social-icon elementor-social-icon-instagram elementor-repeater-item-51639a2\" href=\"https:\/\/www.instagram.com\/nutralabs\/\" target=\"_blank\" rel=\"noopener\">\n\t\t\t\t\t\t<span class=\"elementor-screen-only\">Instagram<\/span>\n\t\t\t\t\t\t\t\t\t\t\t\t\t<i class=\"fa fa-instagram\" aria-hidden=\"true\"><\/i>\n\t\t\t\t\t\t\t\t\t\t\t<\/a>\n\t\t\t\t<\/span>\n\t\t\t\t\t<\/div>\n\t\t\t\t\t\t<\/div>\n\t\t\t\t<\/div>\n\t\t\t\t\t<\/div>\n\t\t<\/div>\n\t\t\t\t\t<\/div>\n\t\t<\/section>\n\t\t\t\t<\/div>\n\t\t","protected":false},"excerpt":{"rendered":"<p>\u201cChe brutti, saranno acerbi?\u201d: forse \u00e8 capitato anche a te di pensare qualcosa di simile davanti ai piccoli limoni verdi che si trovano durante l&#8217;estate sui banchi del supermercato. In effetti i consumatori italiani non<\/p>\n","protected":false},"author":1,"featured_media":0,"comment_status":"open","ping_status":"closed","sticky":false,"template":"","format":"standard","meta":{"footnotes":""},"categories":[1,22],"tags":[25,313,49],"class_list":["post-2066","post","type-post","status-publish","format-standard","hentry","category-salute","category-alimentazione","tag-alimentazione","tag-limone","tag-salute"],"_links":{"self":[{"href":"https:\/\/www.erboristeriasalute.com\/news\/wp-json\/wp\/v2\/posts\/2066","targetHints":{"allow":["GET"]}}],"collection":[{"href":"https:\/\/www.erboristeriasalute.com\/news\/wp-json\/wp\/v2\/posts"}],"about":[{"href":"https:\/\/www.erboristeriasalute.com\/news\/wp-json\/wp\/v2\/types\/post"}],"author":[{"embeddable":true,"href":"https:\/\/www.erboristeriasalute.com\/news\/wp-json\/wp\/v2\/users\/1"}],"replies":[{"embeddable":true,"href":"https:\/\/www.erboristeriasalute.com\/news\/wp-json\/wp\/v2\/comments?post=2066"}],"version-history":[{"count":0,"href":"https:\/\/www.erboristeriasalute.com\/news\/wp-json\/wp\/v2\/posts\/2066\/revisions"}],"wp:attachment":[{"href":"https:\/\/www.erboristeriasalute.com\/news\/wp-json\/wp\/v2\/media?parent=2066"}],"wp:term":[{"taxonomy":"category","embeddable":true,"href":"https:\/\/www.erboristeriasalute.com\/news\/wp-json\/wp\/v2\/categories?post=2066"},{"taxonomy":"post_tag","embeddable":true,"href":"https:\/\/www.erboristeriasalute.com\/news\/wp-json\/wp\/v2\/tags?post=2066"}],"curies":[{"name":"wp","href":"https:\/\/api.w.org\/{rel}","templated":true}]}}