{"id":2136,"date":"2019-11-05T14:09:36","date_gmt":"2019-11-05T13:09:36","guid":{"rendered":"https:\/\/erboristeriasalute.com\/news\/?p=2136"},"modified":"2022-10-06T17:10:45","modified_gmt":"2022-10-06T15:10:45","slug":"mal-di-testa-nel-weekend","status":"publish","type":"post","link":"https:\/\/www.erboristeriasalute.com\/news\/mal-di-testa-nel-weekend\/","title":{"rendered":"MAL DI TESTA NEL WEEKEND"},"content":{"rendered":"\t\t<div data-elementor-type=\"wp-post\" data-elementor-id=\"2136\" class=\"elementor elementor-2136 elementor-bc-flex-widget\">\n\t\t\t\t\t\t<section class=\"elementor-section elementor-top-section elementor-element elementor-element-c9a1575 elementor-section-boxed elementor-section-height-default elementor-section-height-default\" data-id=\"c9a1575\" data-element_type=\"section\" data-e-type=\"section\">\n\t\t\t\t\t\t<div class=\"elementor-container elementor-column-gap-default\">\n\t\t\t\t\t<div class=\"elementor-column elementor-col-100 elementor-top-column elementor-element elementor-element-323a074\" data-id=\"323a074\" data-element_type=\"column\" data-e-type=\"column\">\n\t\t\t<div class=\"elementor-widget-wrap elementor-element-populated\">\n\t\t\t\t\t\t<div class=\"elementor-element elementor-element-c2c2a87 elementor-widget elementor-widget-text-editor\" data-id=\"c2c2a87\" data-element_type=\"widget\" data-e-type=\"widget\" data-widget_type=\"text-editor.default\">\n\t\t\t\t<div class=\"elementor-widget-container\">\n\t\t\t\t\t\t\t\t\t<p>Arriva il weekend ci si prepara a staccare la spina e si fanno progetti, ma pu\u00f2 capitare che il tanto atteso riposo venga disturbato da un fastidioso mal di testa.<br \/>E\u2019 un disturbo abbastanza comune, che si presenta proprio quando si vorrebbe dedicare un po\u2019 di tempo alla famiglia e a s\u00e8 stessi. Per chi soffre di cefalea da week-end l\u2019arrivo della pausa settimanale pu\u00f2 essere l\u2019inizio di un vero calvario, che impedisce di godere meritati momenti di riposo e svago.<\/p><p>Alla base del mal di testa da week-end abbiamo lo <strong>stress<\/strong> che \u00e8 ormai parte integrante della nostro stile di vita e di cui dovremmo cercare di liberarci il prima possibile. <br \/>A cadere vittima di questo problema sono le persone che lavorano a pieno regime tutta la settimana e nei giorni dedicati al riposo non riescono a \u201cstaccare la spina\u201d.<\/p><p>Questo tipo di mal di testa si presenta in genere come una <strong>cervicale<\/strong>, con nausea e un&#8217;insopportabile pressione alle tempie e fa la sua comparsa il primo giorno in cui si sta a casa, per poi scomparire la mattina di luned\u00ec, quando \u00e8 il momento di tornare al lavoro; il dolore non si avverte per tutta la settimana, fino a ripresentarsi con puntualit\u00e0 il week-end successivo. <br \/>In genere non \u00e8 un male che passa dopo un solo antinfiammatorio.<\/p><p>L\u2019idea generale \u00e8 che a provocare questo tipo di cefalea sia soprattutto il cambiamento di ritmi e abitudini associato al fine settimana.<br \/>Esso infatti compare nel momento in cui cambiano i ritmi biologici dell\u2019individuo, modificando di conseguenza il comportamento abituale e l\u2019umore.<br \/>Chi lavora \u00e8 abituato ad alzarsi al mattino sempre alla stessa ora, a fare colazione e pranzo a orari ben precisi, che vengono solitamente rispettati 5 giorni su 7.<br \/><strong>Il cervello e l\u2019organismo si regolano su un determinato ritmo di vita, al quale si adattano.<\/strong><br \/>Se, durante il weekend, questi ritmi cambiano completamente, avviene un\u2019alterazione di alcuni ormoni che controllano i ritmi biologici, come l\u2019adrenalina e la serotonina; da qui la comparsa del mal di testa.<\/p><p>Ovviamente, per stare bene non \u00e8 necessario lavorare 7 giorni su 7 con ritmi frenetici, ma basta seguire alcune semplici regole.<br \/>Per prima cosa, non bisognerebbe modificare eccessivamente le proprie abitudini. <br \/>Per esempio, se si \u00e8 abituati ad andare a letto presto, \u00e8 bene non ritardare eccessivamente il momento del sonno e al mattino alzarsi ad un orario che si avvicina a quello abituale della settimana.<br \/>E\u2019 bene poi mantenere invariata l\u2019ora della colazione e del pranzo.<br \/>Quando si \u00e8 stanchi, non bisogna cercare di recuperare tutto il sonno perso durante il weekend, perch\u00e9 se non si \u00e8 abituati a dormire per periodi prolungati, questo potrebbe modificare il ritmo biologico dell\u2019organismo. <br \/>E\u2019 sottinteso che lo stress e il cambiamento dei ritmi biologici siano le cause scatenanti pi\u00f9 probabili, ma anche questo tipo di mal di testa non va sottovalutato. <br \/>Se, seguendo questi semplici suggerimenti, esso persiste per molte settimane, \u00e8 meglio consultare un esperto.<\/p>\t\t\t\t\t\t\t\t<\/div>\n\t\t\t\t<\/div>\n\t\t\t\t\t<\/div>\n\t\t<\/div>\n\t\t\t\t\t<\/div>\n\t\t<\/section>\n\t\t\t\t<section class=\"elementor-section elementor-top-section elementor-element elementor-element-7d8e4170 elementor-section-boxed elementor-section-height-default elementor-section-height-default\" data-id=\"7d8e4170\" data-element_type=\"section\" data-e-type=\"section\">\n\t\t\t\t\t\t<div class=\"elementor-container elementor-column-gap-default\">\n\t\t\t\t\t<div class=\"elementor-column elementor-col-100 elementor-top-column elementor-element elementor-element-10993494\" data-id=\"10993494\" data-element_type=\"column\" data-e-type=\"column\">\n\t\t\t<div class=\"elementor-widget-wrap elementor-element-populated\">\n\t\t\t\t\t\t<div class=\"elementor-element elementor-element-46675e02 elementor-widget elementor-widget-text-editor\" data-id=\"46675e02\" data-element_type=\"widget\" data-e-type=\"widget\" data-widget_type=\"text-editor.default\">\n\t\t\t\t<div class=\"elementor-widget-container\">\n\t\t\t\t\t\t\t\t\t<h5>Seguici sui nostri SOCIAL!<\/h5><p>Approfondimenti, offerte speciali, notizie dal mondo naturale e tanto altro!<br \/> Clicca su &#8220;<strong>MI PIACE<\/strong>&#8221; per essere sempre aggiornato sulle nostre iniziative!<\/p>\t\t\t\t\t\t\t\t<\/div>\n\t\t\t\t<\/div>\n\t\t\t\t\t<\/div>\n\t\t<\/div>\n\t\t\t\t\t<\/div>\n\t\t<\/section>\n\t\t\t\t<section class=\"elementor-section elementor-top-section elementor-element elementor-element-5a8333b4 elementor-section-boxed elementor-section-height-default elementor-section-height-default\" data-id=\"5a8333b4\" data-element_type=\"section\" data-e-type=\"section\">\n\t\t\t\t\t\t<div class=\"elementor-container elementor-column-gap-default\">\n\t\t\t\t\t<div class=\"elementor-column elementor-col-100 elementor-top-column elementor-element elementor-element-38008d2e\" data-id=\"38008d2e\" data-element_type=\"column\" data-e-type=\"column\">\n\t\t\t<div class=\"elementor-widget-wrap elementor-element-populated\">\n\t\t\t\t\t\t<div class=\"elementor-element elementor-element-1621fd33 elementor-shape-rounded elementor-grid-0 e-grid-align-center elementor-widget elementor-widget-social-icons\" data-id=\"1621fd33\" data-element_type=\"widget\" data-e-type=\"widget\" data-widget_type=\"social-icons.default\">\n\t\t\t\t<div class=\"elementor-widget-container\">\n\t\t\t\t\t\t\t<div class=\"elementor-social-icons-wrapper elementor-grid\" role=\"list\">\n\t\t\t\t\t\t\t<span class=\"elementor-grid-item\" role=\"listitem\">\n\t\t\t\t\t<a class=\"elementor-icon elementor-social-icon elementor-social-icon-facebook elementor-repeater-item-51175dc\" href=\"https:\/\/www.facebook.com\/NutraLabs-471237786352640\/\" target=\"_blank\" rel=\"noopener\">\n\t\t\t\t\t\t<span class=\"elementor-screen-only\">Facebook<\/span>\n\t\t\t\t\t\t\t\t\t\t\t\t\t<i class=\"fa fa-facebook\" aria-hidden=\"true\"><\/i>\n\t\t\t\t\t\t\t\t\t\t\t<\/a>\n\t\t\t\t<\/span>\n\t\t\t\t\t\t\t<span class=\"elementor-grid-item\" role=\"listitem\">\n\t\t\t\t\t<a class=\"elementor-icon elementor-social-icon elementor-social-icon-instagram elementor-repeater-item-51639a2\" href=\"https:\/\/www.instagram.com\/nutralabs\/\" target=\"_blank\" rel=\"noopener\">\n\t\t\t\t\t\t<span class=\"elementor-screen-only\">Instagram<\/span>\n\t\t\t\t\t\t\t\t\t\t\t\t\t<i class=\"fa fa-instagram\" aria-hidden=\"true\"><\/i>\n\t\t\t\t\t\t\t\t\t\t\t<\/a>\n\t\t\t\t<\/span>\n\t\t\t\t\t<\/div>\n\t\t\t\t\t\t<\/div>\n\t\t\t\t<\/div>\n\t\t\t\t\t<\/div>\n\t\t<\/div>\n\t\t\t\t\t<\/div>\n\t\t<\/section>\n\t\t\t\t<\/div>\n\t\t","protected":false},"excerpt":{"rendered":"<p>Arriva il weekend ci si prepara a staccare la spina e si fanno progetti, ma pu\u00f2 capitare che il tanto atteso riposo venga disturbato da un fastidioso mal di testa. E\u2019 un disturbo abbastanza comune,<\/p>\n","protected":false},"author":1,"featured_media":0,"comment_status":"open","ping_status":"closed","sticky":false,"template":"","format":"standard","meta":{"footnotes":""},"categories":[46,1],"tags":[248,105,247,59],"class_list":["post-2136","post","type-post","status-publish","format-standard","hentry","category-psicologia","category-salute","tag-cefalea","tag-cervicale","tag-mal-di-testa","tag-stress"],"_links":{"self":[{"href":"https:\/\/www.erboristeriasalute.com\/news\/wp-json\/wp\/v2\/posts\/2136","targetHints":{"allow":["GET"]}}],"collection":[{"href":"https:\/\/www.erboristeriasalute.com\/news\/wp-json\/wp\/v2\/posts"}],"about":[{"href":"https:\/\/www.erboristeriasalute.com\/news\/wp-json\/wp\/v2\/types\/post"}],"author":[{"embeddable":true,"href":"https:\/\/www.erboristeriasalute.com\/news\/wp-json\/wp\/v2\/users\/1"}],"replies":[{"embeddable":true,"href":"https:\/\/www.erboristeriasalute.com\/news\/wp-json\/wp\/v2\/comments?post=2136"}],"version-history":[{"count":0,"href":"https:\/\/www.erboristeriasalute.com\/news\/wp-json\/wp\/v2\/posts\/2136\/revisions"}],"wp:attachment":[{"href":"https:\/\/www.erboristeriasalute.com\/news\/wp-json\/wp\/v2\/media?parent=2136"}],"wp:term":[{"taxonomy":"category","embeddable":true,"href":"https:\/\/www.erboristeriasalute.com\/news\/wp-json\/wp\/v2\/categories?post=2136"},{"taxonomy":"post_tag","embeddable":true,"href":"https:\/\/www.erboristeriasalute.com\/news\/wp-json\/wp\/v2\/tags?post=2136"}],"curies":[{"name":"wp","href":"https:\/\/api.w.org\/{rel}","templated":true}]}}