{"id":2283,"date":"2020-01-27T15:34:19","date_gmt":"2020-01-27T14:34:19","guid":{"rendered":"https:\/\/erboristeriasalute.com\/news\/?p=2283"},"modified":"2022-10-06T17:10:33","modified_gmt":"2022-10-06T15:10:33","slug":"limportanza-della-prima-colazione","status":"publish","type":"post","link":"https:\/\/www.erboristeriasalute.com\/news\/limportanza-della-prima-colazione\/","title":{"rendered":"L&#8217;IMPORTANZA DELLA PRIMA COLAZIONE"},"content":{"rendered":"\t\t<div data-elementor-type=\"wp-post\" data-elementor-id=\"2283\" class=\"elementor elementor-2283 elementor-bc-flex-widget\">\n\t\t\t\t\t\t<section class=\"elementor-section elementor-top-section elementor-element elementor-element-df30c35 elementor-section-boxed elementor-section-height-default elementor-section-height-default\" data-id=\"df30c35\" data-element_type=\"section\" data-e-type=\"section\">\n\t\t\t\t\t\t<div class=\"elementor-container elementor-column-gap-default\">\n\t\t\t\t\t<div class=\"elementor-column elementor-col-100 elementor-top-column elementor-element elementor-element-b817fa0\" data-id=\"b817fa0\" data-element_type=\"column\" data-e-type=\"column\">\n\t\t\t<div class=\"elementor-widget-wrap elementor-element-populated\">\n\t\t\t\t\t\t<div class=\"elementor-element elementor-element-74074c2 elementor-widget elementor-widget-text-editor\" data-id=\"74074c2\" data-element_type=\"widget\" data-e-type=\"widget\" data-widget_type=\"text-editor.default\">\n\t\t\t\t<div class=\"elementor-widget-container\">\n\t\t\t\t\t\t\t\t\t<p>Alzi la mano chi al mattino si prende il tempo di consumare con calma, seduto a tavola, una prima colazione varia e abbondante. <br \/>Secondo i dati statistici si tratta solo di un terzo degli italiani: per tutti gli altri, fare colazione significa bere un caff\u00e8 o un cappuccino al bar, in piedi davanti al bancone. <br \/>E all&#8217;estero la situazione non \u00e8 migliore: studi svolti sia negli Stati Uniti che in Europa rivelano come in tutti i Paesi considerati il 10-30% dei bambini e degli adolescenti salta regolarmente la colazione, e che questa abitudine \u00e8 sempre pi\u00f9 frequente passando all&#8217;et\u00e0 adulta. <br \/>Si osserva inoltre una sempre maggiore tendenza a fare colazione fuori casa, frettolosamente e con alimenti di scarsa qualit\u00e0, complici l&#8217;abitudine, la fretta e la mancanza di appetito.<\/p><p>Eppure l&#8217;importanza della prima colazione \u00e8 ben nota, e gli studi che la confermano sono in continua crescita. Dopo il lungo digiuno notturno, la prima funzione della colazione \u00e8 <strong>fornire l&#8217;energia necessaria per affrontare la giornata.<\/strong> <br \/>L&#8217;effetto pi\u00f9 immediato di saltare la colazione \u00e8 infatti un peggioramento delle performance sia fisiche che mentali durante la mattinata: affaticabilit\u00e0, mancanza di concentrazione.<\/p><p>Ma non si tratta solo di questo. <br \/>Ben pi\u00f9 significativi sono gli <strong>effetti a lungo termine<\/strong> dell&#8217;abitudine a consumare oppure no la prima colazione. Il suo consumo regolare si associa infatti a una serie di effetti metabolici positivi:<br \/>\u2022 riduzione del colesterolo LDL (il colesterolo \u201ccattivo\u201d) e dei trigliceridi<br \/>\u2022 migliore metabolismo degli zuccheri: si osservano, in risposta ai pasti successivi, oscillazioni della glicemia pi\u00f9 ridotte<br \/>\u2022 riduzione dello stress ossidativo<\/p><p>Questo significa che chi fa colazione ha un <strong>rischio inferiore di sviluppare, nel tempo, malattie cardiovascolari e diabete<\/strong> rispetto a chi non la fa. <br \/>Inoltre la colazione aiuta a <strong>tenere sotto controllo il peso<\/strong>: \u00e8 stato osservato che chi consuma regolarmente la colazione \u00e8 meno predisposto a sovrappeso e obesit\u00e0, mentre al contrario gli adolescenti normopeso che saltano spesso la colazione avranno pi\u00f9 facilmente problemi di sovrappeso in et\u00e0 adulta.<\/p><p>Cosa intendiamo per\u00f2 per \u201cfare colazione\u201d? <br \/>Un caff\u00e8 o un cappuccino non bastano: per godere dei benefici che abbiamo appena descritto <strong>occorre che la colazione abbia alcune caratteristiche.<\/strong><\/p><p>Anzitutto dev&#8217;essere consumata <strong>entro mezz&#8217;ora dal risveglio<\/strong>: se aspettiamo pi\u00f9 a lungo, per il nostro organismo \u00e8 come se la saltassimo. Poi deve essere <strong>abbondante<\/strong>: secondo le linee guida italiane per una corretta alimentazione dovremmo assumere con la colazione almeno il 15-20% delle calorie giornaliere, ma possiamo arrivare anche al 45%, facendone davvero il pasto principale della giornata: meglio di pi\u00f9 che di meno. Una colazione cos\u00ec sostanziosa infatti stimola l&#8217;energia, la funzionalit\u00e0 intellettuale, il buon umore e persino il dimagrimento! <br \/>Perch\u00e9? <br \/>L&#8217;importanza della colazione sta nel fatto che fornisce il primo segnale di attivazione all&#8217;organismo: se non mangiamo, o mangiamo troppo poco, il nostro corpo penser\u00e0 che siamo in un&#8217;epoca di carestia e quindi si predisporr\u00e0 a risparmiare il pi\u00f9 possibile energia e ad accumulare scorte, rallentando il metabolismo.<\/p><p>Ma la colazione dev&#8217;essere anche <strong>completa<\/strong>. <br \/>Questo significa che dovrebbero essere presenti tutti i tipi di macronutrienti: carboidrati, proteine, grassi, fibre. Un pasto di questo genere ha un <strong>basso indice glicemico<\/strong>, cio\u00e8 rilascia zuccheri e energia in modo lento e graduale: saremo pi\u00f9 sazi pi\u00f9 a lungo, senza quei fastidiosi \u201ccali di zucchero\u201d e buchi allo stomaco tipici di quando consumiamo una colazione fortemente sbilanciata verso gli zuccheri semplici.<\/p>\t\t\t\t\t\t\t\t<\/div>\n\t\t\t\t<\/div>\n\t\t\t\t\t<\/div>\n\t\t<\/div>\n\t\t\t\t\t<\/div>\n\t\t<\/section>\n\t\t\t\t<section class=\"elementor-section elementor-top-section elementor-element elementor-element-7bb2fbf6 elementor-section-boxed elementor-section-height-default elementor-section-height-default\" data-id=\"7bb2fbf6\" data-element_type=\"section\" data-e-type=\"section\">\n\t\t\t\t\t\t<div class=\"elementor-container elementor-column-gap-default\">\n\t\t\t\t\t<div class=\"elementor-column elementor-col-100 elementor-top-column elementor-element elementor-element-d95bbd1\" data-id=\"d95bbd1\" data-element_type=\"column\" data-e-type=\"column\">\n\t\t\t<div class=\"elementor-widget-wrap elementor-element-populated\">\n\t\t\t\t\t\t<div class=\"elementor-element elementor-element-36a10226 elementor-widget elementor-widget-text-editor\" data-id=\"36a10226\" data-element_type=\"widget\" data-e-type=\"widget\" data-widget_type=\"text-editor.default\">\n\t\t\t\t<div class=\"elementor-widget-container\">\n\t\t\t\t\t\t\t\t\t<h5>Seguici sui nostri SOCIAL!<\/h5><p>Approfondimenti, offerte speciali, notizie dal mondo naturale e tanto altro!<br \/> Clicca su &#8220;<strong>MI PIACE<\/strong>&#8221; per essere sempre aggiornato sulle nostre iniziative!<\/p>\t\t\t\t\t\t\t\t<\/div>\n\t\t\t\t<\/div>\n\t\t\t\t\t<\/div>\n\t\t<\/div>\n\t\t\t\t\t<\/div>\n\t\t<\/section>\n\t\t\t\t<section class=\"elementor-section elementor-top-section elementor-element elementor-element-4e0718c7 elementor-section-boxed elementor-section-height-default elementor-section-height-default\" data-id=\"4e0718c7\" data-element_type=\"section\" data-e-type=\"section\">\n\t\t\t\t\t\t<div class=\"elementor-container elementor-column-gap-default\">\n\t\t\t\t\t<div class=\"elementor-column elementor-col-100 elementor-top-column elementor-element elementor-element-6baa4ab6\" data-id=\"6baa4ab6\" data-element_type=\"column\" data-e-type=\"column\">\n\t\t\t<div class=\"elementor-widget-wrap elementor-element-populated\">\n\t\t\t\t\t\t<div class=\"elementor-element elementor-element-2b1a7f84 elementor-shape-rounded elementor-grid-0 e-grid-align-center elementor-widget elementor-widget-social-icons\" data-id=\"2b1a7f84\" data-element_type=\"widget\" data-e-type=\"widget\" data-widget_type=\"social-icons.default\">\n\t\t\t\t<div class=\"elementor-widget-container\">\n\t\t\t\t\t\t\t<div class=\"elementor-social-icons-wrapper elementor-grid\" role=\"list\">\n\t\t\t\t\t\t\t<span class=\"elementor-grid-item\" role=\"listitem\">\n\t\t\t\t\t<a class=\"elementor-icon elementor-social-icon elementor-social-icon-facebook elementor-repeater-item-51175dc\" href=\"https:\/\/www.facebook.com\/NutraLabs-471237786352640\/\" target=\"_blank\" rel=\"noopener\">\n\t\t\t\t\t\t<span class=\"elementor-screen-only\">Facebook<\/span>\n\t\t\t\t\t\t\t\t\t\t\t\t\t<i class=\"fa fa-facebook\" aria-hidden=\"true\"><\/i>\n\t\t\t\t\t\t\t\t\t\t\t<\/a>\n\t\t\t\t<\/span>\n\t\t\t\t\t\t\t<span class=\"elementor-grid-item\" role=\"listitem\">\n\t\t\t\t\t<a class=\"elementor-icon elementor-social-icon elementor-social-icon-instagram elementor-repeater-item-51639a2\" href=\"https:\/\/www.instagram.com\/nutralabs\/\" target=\"_blank\" rel=\"noopener\">\n\t\t\t\t\t\t<span class=\"elementor-screen-only\">Instagram<\/span>\n\t\t\t\t\t\t\t\t\t\t\t\t\t<i class=\"fa fa-instagram\" aria-hidden=\"true\"><\/i>\n\t\t\t\t\t\t\t\t\t\t\t<\/a>\n\t\t\t\t<\/span>\n\t\t\t\t\t<\/div>\n\t\t\t\t\t\t<\/div>\n\t\t\t\t<\/div>\n\t\t\t\t\t<\/div>\n\t\t<\/div>\n\t\t\t\t\t<\/div>\n\t\t<\/section>\n\t\t\t\t<\/div>\n\t\t","protected":false},"excerpt":{"rendered":"<p>Alzi la mano chi al mattino si prende il tempo di consumare con calma, seduto a tavola, una prima colazione varia e abbondante. Secondo i dati statistici si tratta solo di un terzo degli italiani:<\/p>\n","protected":false},"author":1,"featured_media":0,"comment_status":"open","ping_status":"closed","sticky":false,"template":"","format":"standard","meta":{"footnotes":""},"categories":[22,1],"tags":[25,68,49],"class_list":["post-2283","post","type-post","status-publish","format-standard","hentry","category-alimentazione","category-salute","tag-alimentazione","tag-colazione","tag-salute"],"_links":{"self":[{"href":"https:\/\/www.erboristeriasalute.com\/news\/wp-json\/wp\/v2\/posts\/2283","targetHints":{"allow":["GET"]}}],"collection":[{"href":"https:\/\/www.erboristeriasalute.com\/news\/wp-json\/wp\/v2\/posts"}],"about":[{"href":"https:\/\/www.erboristeriasalute.com\/news\/wp-json\/wp\/v2\/types\/post"}],"author":[{"embeddable":true,"href":"https:\/\/www.erboristeriasalute.com\/news\/wp-json\/wp\/v2\/users\/1"}],"replies":[{"embeddable":true,"href":"https:\/\/www.erboristeriasalute.com\/news\/wp-json\/wp\/v2\/comments?post=2283"}],"version-history":[{"count":0,"href":"https:\/\/www.erboristeriasalute.com\/news\/wp-json\/wp\/v2\/posts\/2283\/revisions"}],"wp:attachment":[{"href":"https:\/\/www.erboristeriasalute.com\/news\/wp-json\/wp\/v2\/media?parent=2283"}],"wp:term":[{"taxonomy":"category","embeddable":true,"href":"https:\/\/www.erboristeriasalute.com\/news\/wp-json\/wp\/v2\/categories?post=2283"},{"taxonomy":"post_tag","embeddable":true,"href":"https:\/\/www.erboristeriasalute.com\/news\/wp-json\/wp\/v2\/tags?post=2283"}],"curies":[{"name":"wp","href":"https:\/\/api.w.org\/{rel}","templated":true}]}}