{"id":2601,"date":"2020-03-27T14:25:10","date_gmt":"2020-03-27T13:25:10","guid":{"rendered":"https:\/\/erboristeriasalute.com\/news\/?p=2601"},"modified":"2022-10-06T17:09:46","modified_gmt":"2022-10-06T15:09:46","slug":"capelli-e-post-parto","status":"publish","type":"post","link":"https:\/\/www.erboristeriasalute.com\/news\/capelli-e-post-parto\/","title":{"rendered":"CAPELLI E POST-PARTO"},"content":{"rendered":"\t\t<div data-elementor-type=\"wp-post\" data-elementor-id=\"2601\" class=\"elementor elementor-2601 elementor-bc-flex-widget\">\n\t\t\t\t\t\t<section class=\"elementor-section elementor-top-section elementor-element elementor-element-8a5f9fa elementor-section-boxed elementor-section-height-default elementor-section-height-default\" data-id=\"8a5f9fa\" data-element_type=\"section\" data-e-type=\"section\">\n\t\t\t\t\t\t<div class=\"elementor-container elementor-column-gap-default\">\n\t\t\t\t\t<div class=\"elementor-column elementor-col-100 elementor-top-column elementor-element elementor-element-9d3a5c8\" data-id=\"9d3a5c8\" data-element_type=\"column\" data-e-type=\"column\">\n\t\t\t<div class=\"elementor-widget-wrap elementor-element-populated\">\n\t\t\t\t\t\t<div class=\"elementor-element elementor-element-124f7a0 elementor-widget elementor-widget-text-editor\" data-id=\"124f7a0\" data-element_type=\"widget\" data-e-type=\"widget\" data-widget_type=\"text-editor.default\">\n\t\t\t\t<div class=\"elementor-widget-container\">\n\t\t\t\t\t\t\t\t\t<p>Durante la gravidanza ti sei rallegrata perch\u00e9 i tuoi capelli non erano mai stati cos\u00ec belli, folti e luminosi. Ma dopo aver partorito, come se non bastassero tutte le fatiche della maternit\u00e0, ecco che all&#8217;improvviso i capelli cominciano a cadere in quantit\u00e0 preoccupante!<\/p><p>Se \u00e8 successo anche a te, sei in buona compagnia: <strong>nel post-parto la maggior parte delle donne assiste a una repentina perdita di capelli<\/strong>, che raggiunge il massimo dopo due\/cinque mesi e si arresta entro sei mesi, al massimo un anno. Si tratta di <strong>un fenomeno fisiologico<\/strong>, fino a un certo punto, ma che se eccessivo potrebbe essere un campanello di allarme che qualcosa non va: perch\u00e9 la salute dei capelli riflette la salute dell&#8217;organismo nel suo complesso.<\/p><p>Ma vediamo cosa succede ai capelli durante e dopo la gravidanza, e quando \u00e8 il caso di preoccuparsi.<\/p><p><span style=\"color: #333399;\"><strong>Il ciclo di vita dei capelli<\/strong><\/span><br \/>Il ciclo vitale dei capelli \u00e8 diviso in tre fasi:<\/p><ul><li><span style=\"color: #000000;\">Crescita (<strong>anagen<\/strong>): il capello si forma e si allunga. Questo \u00e8 il periodo in cui <strong>il capello cresce<\/strong>, e pu\u00f2 durare 2-7 anni, con grandi differenze individuali.<\/span><\/li><li><span style=\"color: #000000;\">Involuzione (<strong>catagen<\/strong>): l&#8217;attivit\u00e0 e la crescita del capello rallentano progressivamente, fino a fermarsi. Dura in media due settimane.<\/span><\/li><li><span style=\"color: #000000;\">Riposo (<strong>telogen<\/strong>): il capello non cresce pi\u00f9 ma rimane al suo posto. Dura 3-4 mesi.<\/span><\/li><\/ul><p>Al termine della fase di riposo <strong>il capello si stacca<\/strong>, e il follicolo pilifero comincia un nuovo ciclo che porta alla nascita di un nuovo capello.<\/p><p><span style=\"color: #333399;\"><strong>Ormoni e capelli<\/strong><\/span><br \/>Le tre fasi di vita del capello sono fortemente influenzate dall&#8217;assetto ormonale dell&#8217;organismo. <strong>Durante la gravidanza il livello di estrogeni cresce fino a 300-400 volte il normale<\/strong>, e questo ha come conseguenza un <strong>allungamento della fase anagen<\/strong> e quindi un infoltimento della chioma. Inoltre gli estrogeni inibiscono l&#8217;attivit\u00e0 delle <strong>ghiandole sebacee<\/strong>: come la pelle risulta meno grassa e impura, cos\u00ec anche i capelli sono meno untuosi e pi\u00f9 luminosi.<\/p><p>C&#8217;\u00e8 poi un altro ormone che viene in aiuto dei capelli: la <strong>prostaciclina<\/strong>, prodotta dalla placenta, che ha un potente effetto vasodilatatore. Questo fa s\u00ec che <strong>il cuoio capelluto sia maggiormente irrorato di sangue<\/strong>, i capelli ricevano pi\u00f9 nutrimento e quindi risultino pi\u00f9 sani e pi\u00f9 forti.<\/p>\t\t\t\t\t\t\t\t<\/div>\n\t\t\t\t<\/div>\n\t\t\t\t\t<\/div>\n\t\t<\/div>\n\t\t\t\t\t<\/div>\n\t\t<\/section>\n\t\t\t\t<section class=\"elementor-section elementor-top-section elementor-element elementor-element-e9a2fb2 elementor-section-boxed elementor-section-height-default elementor-section-height-default\" data-id=\"e9a2fb2\" data-element_type=\"section\" data-e-type=\"section\">\n\t\t\t\t\t\t<div class=\"elementor-container elementor-column-gap-default\">\n\t\t\t\t\t<div class=\"elementor-column elementor-col-100 elementor-top-column elementor-element elementor-element-f5d6211\" data-id=\"f5d6211\" data-element_type=\"column\" data-e-type=\"column\">\n\t\t\t<div class=\"elementor-widget-wrap elementor-element-populated\">\n\t\t\t\t\t\t<div class=\"elementor-element elementor-element-427a94b elementor-widget elementor-widget-image\" data-id=\"427a94b\" data-element_type=\"widget\" data-e-type=\"widget\" data-widget_type=\"image.default\">\n\t\t\t\t<div class=\"elementor-widget-container\">\n\t\t\t\t\t\t\t\t\t\t\t\t\t\t\t<img decoding=\"async\" src=\"https:\/\/erboristeriasalute.com\/news\/wp-content\/uploads\/2020\/03\/perdita-capelli-post-parto.jpg\" title=\"\" alt=\"\" loading=\"lazy\" \/>\t\t\t\t\t\t\t\t\t\t\t\t\t\t\t<\/div>\n\t\t\t\t<\/div>\n\t\t\t\t\t<\/div>\n\t\t<\/div>\n\t\t\t\t\t<\/div>\n\t\t<\/section>\n\t\t\t\t<section class=\"elementor-section elementor-top-section elementor-element elementor-element-11cea1b elementor-section-boxed elementor-section-height-default elementor-section-height-default\" data-id=\"11cea1b\" data-element_type=\"section\" data-e-type=\"section\">\n\t\t\t\t\t\t<div class=\"elementor-container elementor-column-gap-default\">\n\t\t\t\t\t<div class=\"elementor-column elementor-col-100 elementor-top-column elementor-element elementor-element-16ff362\" data-id=\"16ff362\" data-element_type=\"column\" data-e-type=\"column\">\n\t\t\t<div class=\"elementor-widget-wrap elementor-element-populated\">\n\t\t\t\t\t\t<div class=\"elementor-element elementor-element-b3ed176 elementor-widget elementor-widget-text-editor\" data-id=\"b3ed176\" data-element_type=\"widget\" data-e-type=\"widget\" data-widget_type=\"text-editor.default\">\n\t\t\t\t<div class=\"elementor-widget-container\">\n\t\t\t\t\t\t\t\t\t<p><span style=\"color: #333399;\"><strong>Cosa succede al termine della gestazione?<\/strong><\/span><br \/>Immediatamente dopo il parto comincia una <strong>caduta vertiginosa degli estrogeni<\/strong>, che nel giro di 2-3 giorni raggiungono concentrazioni minime, ancora pi\u00f9 basse di prima della gravidanza; e restano a quei livelli fino al ritorno delle mestruazioni (se la donna allatta, possono passare anche sei mesi o pi\u00f9). Il calo degli estrogeni fa s\u00ec che un gran numero di capelli passi improvvisamente alla fase telogen, ed ecco che in breve si ha una perdita massiccia.<\/p><p>Ci si mette anche la <strong>prolattina<\/strong>, l&#8217;ormone dell&#8217;allattamento, che fa accorciare la fase anagen. E infine gli <strong>ormoni maschili<\/strong> \u2013 di cui una piccola quantit\u00e0 circola sempre anche nelle donne \u2013 che non sono pi\u00f9 bilanciati dagli estrogeni e fanno quindi maggiormente sentire i loro effetti: le ghiandole sebacee vengono stimolate, pelle e capelli diventano pi\u00f9 grassi, pu\u00f2 comparire forfora.<\/p><p><span style=\"color: #333399;\"><strong>Quando preoccuparsi<\/strong><\/span><br \/>Come abbiamo visto, perdere capelli dopo il parto \u00e8 un evento fisiologico, poich\u00e9 dipende dalle imponenti variazioni ormonali che si verificano in questo periodo. L&#8217;entit\u00e0 della perdita pu\u00f2 cambiare molto da persona a persona a causa di <strong>fattori genetici<\/strong>, ad esempio \u00e8 maggiore se in famiglia ci sono uomini con calvizie precoce. Ma se davvero molto massiccia, o eccessivamente protratta nel tempo, potrebbe essere indizio di un&#8217;<strong>anemia da carenza di ferro<\/strong>: molte donne ne soffrono in gravidanza, e il rischio aumenta se durante il parto si \u00e8 verificata un&#8217;emorragia importante. Oppure la responsabile potrebbe essere la <strong>tiroide<\/strong>, con un rallentamento delle sue funzioni (ipotiroidismo).<\/p><p><span style=\"color: #333399;\"><strong>Cosa fare<\/strong><\/span><br \/>Se ti sembra che nel tuo caso la caduta dei capelli sia eccessiva, <strong>\u00e8 bene che ne parli con il tuo medico<\/strong>, che ti prescriver\u00e0 alcuni esami per verificare se soffri di carenza di ferro o di ipotiroidismo: <strong>emocromo<\/strong>, <strong>sideremia<\/strong>, <strong>ferritina<\/strong>, dosaggio degli <strong>ormoni tiroidei<\/strong>. Per migliorare la salute dei capelli potrebbe consigliarti un <strong>integratore a base di vitamine, minerali e aminoacidi solforati<\/strong>.<\/p><p>Tu puoi aiutarli tenendoli <strong>sciolti<\/strong> (le pettinature troppo strette li mettono ulteriormente sotto stress), utilizzando uno <strong>shampoo molto delicato<\/strong>, evitando il <strong>phon troppo caldo<\/strong>. E soprattutto <strong>curando il pi\u00f9 possibile l&#8217;alimentazione, il riposo e l&#8217;umore<\/strong>.<\/p>\t\t\t\t\t\t\t\t<\/div>\n\t\t\t\t<\/div>\n\t\t\t\t\t<\/div>\n\t\t<\/div>\n\t\t\t\t\t<\/div>\n\t\t<\/section>\n\t\t\t\t<section class=\"elementor-section elementor-top-section elementor-element elementor-element-2423fc2c elementor-section-boxed elementor-section-height-default elementor-section-height-default\" data-id=\"2423fc2c\" data-element_type=\"section\" data-e-type=\"section\">\n\t\t\t\t\t\t<div class=\"elementor-container elementor-column-gap-default\">\n\t\t\t\t\t<div class=\"elementor-column elementor-col-100 elementor-top-column elementor-element elementor-element-6368df4c\" data-id=\"6368df4c\" data-element_type=\"column\" data-e-type=\"column\">\n\t\t\t<div class=\"elementor-widget-wrap elementor-element-populated\">\n\t\t\t\t\t\t<div class=\"elementor-element elementor-element-749d7e5 elementor-widget elementor-widget-text-editor\" data-id=\"749d7e5\" data-element_type=\"widget\" data-e-type=\"widget\" data-widget_type=\"text-editor.default\">\n\t\t\t\t<div class=\"elementor-widget-container\">\n\t\t\t\t\t\t\t\t\t<h5>Seguici sui nostri SOCIAL!<\/h5><p>Approfondimenti, offerte speciali, notizie dal mondo naturale e tanto altro!<br \/> Clicca su &#8220;<strong>MI PIACE<\/strong>&#8221; per essere sempre aggiornato sulle nostre iniziative!<\/p>\t\t\t\t\t\t\t\t<\/div>\n\t\t\t\t<\/div>\n\t\t\t\t\t<\/div>\n\t\t<\/div>\n\t\t\t\t\t<\/div>\n\t\t<\/section>\n\t\t\t\t<section class=\"elementor-section elementor-top-section elementor-element elementor-element-4b088c71 elementor-section-boxed elementor-section-height-default elementor-section-height-default\" data-id=\"4b088c71\" data-element_type=\"section\" data-e-type=\"section\">\n\t\t\t\t\t\t<div class=\"elementor-container elementor-column-gap-default\">\n\t\t\t\t\t<div class=\"elementor-column elementor-col-100 elementor-top-column elementor-element elementor-element-3d40a56b\" data-id=\"3d40a56b\" data-element_type=\"column\" data-e-type=\"column\">\n\t\t\t<div class=\"elementor-widget-wrap elementor-element-populated\">\n\t\t\t\t\t\t<div class=\"elementor-element elementor-element-16b2dd46 elementor-shape-rounded elementor-grid-0 e-grid-align-center elementor-widget elementor-widget-social-icons\" data-id=\"16b2dd46\" data-element_type=\"widget\" data-e-type=\"widget\" data-widget_type=\"social-icons.default\">\n\t\t\t\t<div class=\"elementor-widget-container\">\n\t\t\t\t\t\t\t<div class=\"elementor-social-icons-wrapper elementor-grid\" role=\"list\">\n\t\t\t\t\t\t\t<span class=\"elementor-grid-item\" role=\"listitem\">\n\t\t\t\t\t<a class=\"elementor-icon elementor-social-icon elementor-social-icon-facebook elementor-repeater-item-51175dc\" href=\"https:\/\/www.facebook.com\/NutraLabs-471237786352640\/\" target=\"_blank\" rel=\"noopener\">\n\t\t\t\t\t\t<span class=\"elementor-screen-only\">Facebook<\/span>\n\t\t\t\t\t\t\t\t\t\t\t\t\t<i class=\"fa fa-facebook\" aria-hidden=\"true\"><\/i>\n\t\t\t\t\t\t\t\t\t\t\t<\/a>\n\t\t\t\t<\/span>\n\t\t\t\t\t\t\t<span class=\"elementor-grid-item\" role=\"listitem\">\n\t\t\t\t\t<a class=\"elementor-icon elementor-social-icon elementor-social-icon-instagram elementor-repeater-item-51639a2\" href=\"https:\/\/www.instagram.com\/nutralabs\/\" target=\"_blank\" rel=\"noopener\">\n\t\t\t\t\t\t<span class=\"elementor-screen-only\">Instagram<\/span>\n\t\t\t\t\t\t\t\t\t\t\t\t\t<i class=\"fa fa-instagram\" aria-hidden=\"true\"><\/i>\n\t\t\t\t\t\t\t\t\t\t\t<\/a>\n\t\t\t\t<\/span>\n\t\t\t\t\t<\/div>\n\t\t\t\t\t\t<\/div>\n\t\t\t\t<\/div>\n\t\t\t\t\t<\/div>\n\t\t<\/div>\n\t\t\t\t\t<\/div>\n\t\t<\/section>\n\t\t\t\t<\/div>\n\t\t","protected":false},"excerpt":{"rendered":"<p>Durante la gravidanza ti sei rallegrata perch\u00e9 i tuoi capelli non erano mai stati cos\u00ec belli, folti e luminosi. Ma dopo aver partorito, come se non bastassero tutte le fatiche della maternit\u00e0, ecco che all&#8217;improvviso<\/p>\n","protected":false},"author":3,"featured_media":0,"comment_status":"open","ping_status":"closed","sticky":false,"template":"","format":"standard","meta":{"footnotes":""},"categories":[3],"tags":[131,369],"class_list":["post-2601","post","type-post","status-publish","format-standard","hentry","category-bellezza","tag-capelli","tag-post-parto"],"_links":{"self":[{"href":"https:\/\/www.erboristeriasalute.com\/news\/wp-json\/wp\/v2\/posts\/2601","targetHints":{"allow":["GET"]}}],"collection":[{"href":"https:\/\/www.erboristeriasalute.com\/news\/wp-json\/wp\/v2\/posts"}],"about":[{"href":"https:\/\/www.erboristeriasalute.com\/news\/wp-json\/wp\/v2\/types\/post"}],"author":[{"embeddable":true,"href":"https:\/\/www.erboristeriasalute.com\/news\/wp-json\/wp\/v2\/users\/3"}],"replies":[{"embeddable":true,"href":"https:\/\/www.erboristeriasalute.com\/news\/wp-json\/wp\/v2\/comments?post=2601"}],"version-history":[{"count":0,"href":"https:\/\/www.erboristeriasalute.com\/news\/wp-json\/wp\/v2\/posts\/2601\/revisions"}],"wp:attachment":[{"href":"https:\/\/www.erboristeriasalute.com\/news\/wp-json\/wp\/v2\/media?parent=2601"}],"wp:term":[{"taxonomy":"category","embeddable":true,"href":"https:\/\/www.erboristeriasalute.com\/news\/wp-json\/wp\/v2\/categories?post=2601"},{"taxonomy":"post_tag","embeddable":true,"href":"https:\/\/www.erboristeriasalute.com\/news\/wp-json\/wp\/v2\/tags?post=2601"}],"curies":[{"name":"wp","href":"https:\/\/api.w.org\/{rel}","templated":true}]}}