{"id":4410,"date":"2021-02-15T11:08:26","date_gmt":"2021-02-15T10:08:26","guid":{"rendered":"https:\/\/erboristeriasalute.com\/news\/?p=4410"},"modified":"2022-10-06T17:09:05","modified_gmt":"2022-10-06T15:09:05","slug":"proprieta-mele","status":"publish","type":"post","link":"https:\/\/www.erboristeriasalute.com\/news\/proprieta-mele\/","title":{"rendered":"MELE: PROPRIET\u00c0, CURIOSIT\u00c0 E UNA RICETTA INSOLITA"},"content":{"rendered":"\t\t<div data-elementor-type=\"wp-post\" data-elementor-id=\"4410\" class=\"elementor elementor-4410\">\n\t\t\t\t\t\t<section class=\"elementor-section elementor-top-section elementor-element elementor-element-57f131a elementor-section-boxed elementor-section-height-default elementor-section-height-default\" data-id=\"57f131a\" data-element_type=\"section\" data-e-type=\"section\">\n\t\t\t\t\t\t<div class=\"elementor-container elementor-column-gap-default\">\n\t\t\t\t\t<div class=\"elementor-column elementor-col-100 elementor-top-column elementor-element elementor-element-870855f\" data-id=\"870855f\" data-element_type=\"column\" data-e-type=\"column\">\n\t\t\t<div class=\"elementor-widget-wrap elementor-element-populated\">\n\t\t\t\t\t\t<div class=\"elementor-element elementor-element-ad7e80f elementor-widget elementor-widget-text-editor\" data-id=\"ad7e80f\" data-element_type=\"widget\" data-e-type=\"widget\" data-widget_type=\"text-editor.default\">\n\t\t\t\t<div class=\"elementor-widget-container\">\n\t\t\t\t\t\t\t\t\t<p>Conosci tutte le propriet\u00e0 delle mele?<br \/>Scoprile in questo articolo, insieme a tante curiosit\u00e0 e a una ricetta molto particolare!<\/p><h2>Storia e mito<\/h2><p>L\u2019amicizia tra uomo e mela \u00e8 molto antica. Probabilmente gli esseri umani si sono sempre nutriti di mele, selvatiche prima e coltivate poi; e gi\u00e0 gli <strong>antichi greci<\/strong> conoscevano e apprezzavano tecniche colturali moderne come quella dell\u2019innesto. Oggi questo frutto \u00e8 tra i pi\u00f9 coltivati nel mondo e conta <strong>oltre 7.000 variet\u00e0<\/strong>, diversissime tra loro per aspetto, sapore e caratteristiche nutrizionali\u2014le pi\u00f9 piccole hanno le dimensioni di una ciliegia, le pi\u00f9 grandi di un pompelmo.<\/p><p>Nessun altro frutto \u00e8 entrato a far parte del nostro <strong>immaginario<\/strong> come la mela: i miti, le fiabe, il folklore e\u2014al giorno d\u2019oggi\u2014anche il marketing ne sono pieni.<\/p><p>Il frutto proibito che causa la cacciata di <strong>Adamo ed Eva<\/strong> dal paradiso terrestre \u00e8 stato da molti interpretato come una mela. Nella mitologia greca la mela della discordia \u00e8 all\u2019origine della <strong>guerra di Troia<\/strong>, ed Ercole in una delle sue fatiche deve cogliere le mele d\u2019oro che crescono nel <strong>giardino delle Esperidi<\/strong>. Una mela avvelena <strong>Biancaneve<\/strong>. Le mele danno il nome ad <strong>Avalon<\/strong> (\u201cisola delle mele\u201d), la leggendaria isola di re Art\u00f9. Si dice che <strong>Guglielmo Tell<\/strong> colp\u00ec con una freccia una mela posta sul capo del proprio figlio, e che la caduta di una mela ispir\u00f2 ad <strong>Isaac Newton<\/strong> la sua famosa teoria della gravitazione universale. E, per arrivare ai giorni nostri, <strong>New York<\/strong> \u00e8 \u201cla grande mela\u201d, la Apple Records la storica casa discografica dei <strong>Beatles<\/strong>, e <strong>la mela con il morso<\/strong> il logo di una delle pi\u00f9 grandi multinazionali esistenti.<\/p><p>Senza dimenticare, naturalmente, <strong>il noto proverbio<\/strong> che attesta come da sempre le mele siano considerate un alimento particolarmente salutare, e che ritroviamo anche in lingua inglese: <strong>\u201c<em>An apple a day keeps the doctor away<\/em>\u201d<\/strong>.<\/p>\t\t\t\t\t\t\t\t<\/div>\n\t\t\t\t<\/div>\n\t\t\t\t\t<\/div>\n\t\t<\/div>\n\t\t\t\t\t<\/div>\n\t\t<\/section>\n\t\t\t\t<section class=\"elementor-section elementor-top-section elementor-element elementor-element-7c9ffe5 elementor-section-boxed elementor-section-height-default elementor-section-height-default\" data-id=\"7c9ffe5\" data-element_type=\"section\" data-e-type=\"section\">\n\t\t\t\t\t\t<div class=\"elementor-container elementor-column-gap-default\">\n\t\t\t\t\t<div class=\"elementor-column elementor-col-100 elementor-top-column elementor-element elementor-element-4e67080\" data-id=\"4e67080\" data-element_type=\"column\" data-e-type=\"column\">\n\t\t\t<div class=\"elementor-widget-wrap elementor-element-populated\">\n\t\t\t\t\t\t<div class=\"elementor-element elementor-element-614358a elementor-widget elementor-widget-image\" data-id=\"614358a\" data-element_type=\"widget\" data-e-type=\"widget\" data-widget_type=\"image.default\">\n\t\t\t\t<div class=\"elementor-widget-container\">\n\t\t\t\t\t\t\t\t\t\t\t\t\t\t\t<img decoding=\"async\" src=\"https:\/\/erboristeriasalute.com\/news\/wp-content\/uploads\/2021\/02\/mele-proprieta-1.jpg\" title=\"\" alt=\"\" loading=\"lazy\" \/>\t\t\t\t\t\t\t\t\t\t\t\t\t\t\t<\/div>\n\t\t\t\t<\/div>\n\t\t\t\t\t<\/div>\n\t\t<\/div>\n\t\t\t\t\t<\/div>\n\t\t<\/section>\n\t\t\t\t<section class=\"elementor-section elementor-top-section elementor-element elementor-element-cb9fefc elementor-section-boxed elementor-section-height-default elementor-section-height-default\" data-id=\"cb9fefc\" data-element_type=\"section\" data-e-type=\"section\">\n\t\t\t\t\t\t<div class=\"elementor-container elementor-column-gap-default\">\n\t\t\t\t\t<div class=\"elementor-column elementor-col-100 elementor-top-column elementor-element elementor-element-610b1c0\" data-id=\"610b1c0\" data-element_type=\"column\" data-e-type=\"column\">\n\t\t\t<div class=\"elementor-widget-wrap elementor-element-populated\">\n\t\t\t\t\t\t<div class=\"elementor-element elementor-element-34080d3 elementor-widget elementor-widget-text-editor\" data-id=\"34080d3\" data-element_type=\"widget\" data-e-type=\"widget\" data-widget_type=\"text-editor.default\">\n\t\t\t\t<div class=\"elementor-widget-container\">\n\t\t\t\t\t\t\t\t\t<h2>Mele, propriet\u00e0 nutrizionali e salutistiche<\/h2><p>A proposito di salute, <strong>le mele fanno davvero cos\u00ec bene?<\/strong><br \/>Sembra proprio di s\u00ec. Questi frutti hanno infatti un <strong>ridotto contenuto calorico<\/strong> ed elevati livelli di vitamine (specialmente <strong>vitamina C<\/strong>, ma anche vitamina A e vitamine del gruppo B) e di <strong>sali minerali<\/strong>. Sono poi, insieme agli <a href=\"https:\/\/erboristeriasalute.com\/news\/agrumi-non-solo-vitamina-c\/\" target=\"_blank\" rel=\"noopener\">agrumi<\/a>, la pi\u00f9 ricca fonte naturale di <a href=\"https:\/\/erboristeriasalute.com\/news\/scopri-tutte-le-virtu-delle-fibre\/\" target=\"_blank\" rel=\"noopener\"><strong>pectina<\/strong><\/a>. Si tratta di una fibra solubile che aiuta a <a href=\"https:\/\/erboristeriasalute.com\/news\/stitichezza-erbe-benessere\/\" target=\"_blank\" rel=\"noopener\">regolarizzare il transito intestinale<\/a> e a riequilibrare il microbiota (azione prebiotica), ma anche a <strong>tenere sotto controllo <a href=\"https:\/\/erboristeriasalute.com\/news\/colesterolo-alto-colestarmonyplus\/\" target=\"_blank\" rel=\"noopener\">colesterolo<\/a> e glicemia<\/strong>. Attenzione per\u00f2: circa la met\u00e0 della pectina di una mela \u00e8 contenuta nella <strong>buccia<\/strong>, quindi non scartiamo questa preziosa parte del frutto!<\/p><p>Consumate a inizio pasto, poi, le mele producono un buon senso di saziet\u00e0 che aiuta a <strong>tenere sotto controllo l\u2019<a href=\"https:\/\/erboristeriasalute.com\/news\/vuoi-dimagrire-mangia-piu-proteine\/\" target=\"_blank\" rel=\"noopener\">appetito<\/a> e di conseguenza il peso<\/strong>.<\/p><p>Ma forse la caratteristica pi\u00f9 interessante delle mele \u00e8 l\u2019elevata concentrazione di <strong>sostanze dall\u2019azione antiossidante<\/strong>: composti fenolici, polifenoli, flavonoli, procianidine, quercetina. Gli studi scientifici confermano che la mela \u00e8 tra i frutti con il maggior potere antiossidante, e questo ha stimolato ricerche sul suo possibile utilizzo <strong>nella prevenzione e\/o nel trattamento di diverse patologie<\/strong>: osteoporosi, asma, Alzheimer, tumori. Come per la pectina, una parte considerevole dei benefici composti antiossidanti \u00e8 concentrata nella buccia, che quindi \u00e8 bene non eliminare.<\/p><h2>Mele, propriet\u00e0 cosmetiche<\/h2><p>Per finire vogliamo proporvi una ricetta: non la solita torta di mele, bens\u00ec una <strong>ricetta cosmetica<\/strong>. S\u00ec, perch\u00e9 le propriet\u00e0 della mela la rendono <strong>preziosa anche per la cura della nostra <a href=\"https:\/\/erboristeriasalute.com\/news\/il-microbiota-cutaneo\/\" target=\"_blank\" rel=\"noopener\">pelle<\/a><\/strong>! Oltre a vitamine e antiossidanti, benefici per la pelle cos\u00ec come per il resto dell\u2019organismo, la mela contiene infatti <strong>acido malico<\/strong>, un alfa-idrossiacido dall\u2019azione delicatamente esfoliante.<\/p><p><strong>MASCHERA VISO ALLE MELE<\/strong><br \/>Frulla una sufficiente quantit\u00e0 di mele sbucciate fino ad ottenere una morbida mousse, aggiungi due cucchiaini di miele, mescola bene ed applica sul viso. Quando la maschera si sar\u00e0 seccata (ci vorranno 15-20 minuti) puoi risciacquare ed applicare la tua usuale crema idratante.<\/p><p>Questa maschera a costo zero unisce le <strong>propriet\u00e0 antiossidanti ed esfolianti della mela<\/strong> a quelle <strong>idratanti ed antibatteriche del miele<\/strong>. Il risultato \u00e8 un prodotto <em>antiage<\/em> adatto a tutti i tipi di pelle.<\/p>\t\t\t\t\t\t\t\t<\/div>\n\t\t\t\t<\/div>\n\t\t\t\t\t<\/div>\n\t\t<\/div>\n\t\t\t\t\t<\/div>\n\t\t<\/section>\n\t\t\t\t<section class=\"elementor-section elementor-top-section elementor-element elementor-element-16ccc097 elementor-section-boxed elementor-section-height-default elementor-section-height-default\" data-id=\"16ccc097\" data-element_type=\"section\" data-e-type=\"section\">\n\t\t\t\t\t\t<div class=\"elementor-container elementor-column-gap-default\">\n\t\t\t\t\t<div class=\"elementor-column elementor-col-100 elementor-top-column elementor-element elementor-element-16a04883\" data-id=\"16a04883\" data-element_type=\"column\" data-e-type=\"column\">\n\t\t\t<div class=\"elementor-widget-wrap elementor-element-populated\">\n\t\t\t\t\t\t<div class=\"elementor-element elementor-element-4206613b elementor-widget elementor-widget-text-editor\" data-id=\"4206613b\" data-element_type=\"widget\" data-e-type=\"widget\" data-widget_type=\"text-editor.default\">\n\t\t\t\t<div class=\"elementor-widget-container\">\n\t\t\t\t\t\t\t\t\t<p><span style=\"color: #0000ff;\"><strong><em>Ti \u00e8 piaciuto questo articolo? Allora fallo leggere anche ai tuoi amici!<br \/>Condividilo sui social e metti un \u201cmi piace\u201d al nostro profilo!<\/em><\/strong><\/span><\/p>\t\t\t\t\t\t\t\t<\/div>\n\t\t\t\t<\/div>\n\t\t\t\t\t<\/div>\n\t\t<\/div>\n\t\t\t\t\t<\/div>\n\t\t<\/section>\n\t\t\t\t<\/div>\n\t\t","protected":false},"excerpt":{"rendered":"<p>Conosci tutte le propriet\u00e0 delle mele? Scoprile in questo articolo, insieme a tante curiosit\u00e0 e a una ricetta molto particolare! Storia e mito L\u2019amicizia tra uomo e mela \u00e8 molto antica. Probabilmente gli esseri umani<\/p>\n","protected":false},"author":3,"featured_media":0,"comment_status":"open","ping_status":"closed","sticky":false,"template":"","format":"standard","meta":{"footnotes":""},"categories":[22],"tags":[392,427],"class_list":["post-4410","post","type-post","status-publish","format-standard","hentry","category-alimentazione","tag-antiossidanti","tag-mela"],"_links":{"self":[{"href":"https:\/\/www.erboristeriasalute.com\/news\/wp-json\/wp\/v2\/posts\/4410","targetHints":{"allow":["GET"]}}],"collection":[{"href":"https:\/\/www.erboristeriasalute.com\/news\/wp-json\/wp\/v2\/posts"}],"about":[{"href":"https:\/\/www.erboristeriasalute.com\/news\/wp-json\/wp\/v2\/types\/post"}],"author":[{"embeddable":true,"href":"https:\/\/www.erboristeriasalute.com\/news\/wp-json\/wp\/v2\/users\/3"}],"replies":[{"embeddable":true,"href":"https:\/\/www.erboristeriasalute.com\/news\/wp-json\/wp\/v2\/comments?post=4410"}],"version-history":[{"count":0,"href":"https:\/\/www.erboristeriasalute.com\/news\/wp-json\/wp\/v2\/posts\/4410\/revisions"}],"wp:attachment":[{"href":"https:\/\/www.erboristeriasalute.com\/news\/wp-json\/wp\/v2\/media?parent=4410"}],"wp:term":[{"taxonomy":"category","embeddable":true,"href":"https:\/\/www.erboristeriasalute.com\/news\/wp-json\/wp\/v2\/categories?post=4410"},{"taxonomy":"post_tag","embeddable":true,"href":"https:\/\/www.erboristeriasalute.com\/news\/wp-json\/wp\/v2\/tags?post=4410"}],"curies":[{"name":"wp","href":"https:\/\/api.w.org\/{rel}","templated":true}]}}