{"id":5279,"date":"2021-06-07T11:17:37","date_gmt":"2021-06-07T09:17:37","guid":{"rendered":"https:\/\/erboristeriasalute.com\/news\/?p=5279"},"modified":"2022-10-06T17:08:52","modified_gmt":"2022-10-06T15:08:52","slug":"estate-5-consigli","status":"publish","type":"post","link":"https:\/\/www.erboristeriasalute.com\/news\/estate-5-consigli\/","title":{"rendered":"ESTATE ALLE PORTE: 5 CONSIGLI"},"content":{"rendered":"\t\t<div data-elementor-type=\"wp-post\" data-elementor-id=\"5279\" class=\"elementor elementor-5279\">\n\t\t\t\t\t\t<section class=\"elementor-section elementor-top-section elementor-element elementor-element-04c1fa1 elementor-section-boxed elementor-section-height-default elementor-section-height-default\" data-id=\"04c1fa1\" data-element_type=\"section\" data-e-type=\"section\">\n\t\t\t\t\t\t<div class=\"elementor-container elementor-column-gap-default\">\n\t\t\t\t\t<div class=\"elementor-column elementor-col-100 elementor-top-column elementor-element elementor-element-f96d3e2\" data-id=\"f96d3e2\" data-element_type=\"column\" data-e-type=\"column\">\n\t\t\t<div class=\"elementor-widget-wrap elementor-element-populated\">\n\t\t\t\t\t\t<div class=\"elementor-element elementor-element-6778ff3 elementor-widget elementor-widget-text-editor\" data-id=\"6778ff3\" data-element_type=\"widget\" data-e-type=\"widget\" data-widget_type=\"text-editor.default\">\n\t\t\t\t<div class=\"elementor-widget-container\">\n\t\t\t\t\t\t\t\t\t<p>L\u2019 <strong>estate<\/strong> sta per cominciare e stiamo gi\u00e0 assistendo alle prime ondate di caldo.<br \/>Certo quest\u2019anno sar\u00e0 un po\u2019 particolare, il senso di preoccupazione per la pandemia che ci ha travolti in questo ultimo anno \u00e8 ancora presente in molti di noi, ma siamo tutti speranzosi che la situazione Covid possa andare migliorando e, anche per questo, molti italiani stanno programmando le vacanze.<\/p><p><strong>Come affrontare questa stagione in pieno benessere?<\/strong><\/p><p><strong><span style=\"color: #333399;\">Ecco 5 utili consigli:<\/span><\/strong><\/p><h2>1. Alimentazione<\/h2><p>Quasi sempre al primo posto quando si tratta di salute, l\u2019alimentazione estiva va scelta prediligendo pasti leggeri, integrando alla nostra alimentazione molta <a href=\"https:\/\/erboristeriasalute.com\/news\/estate-stai-scegliendo-i-cibi-giusti\/\" target=\"_blank\" rel=\"noopener\">frutta e verdura<\/a> preferibilmente cruda. <br \/>Grazie all\u2019elevata quantit\u00e0 di sali minerali e vitamine infatti, questi alimenti ci aiutano a diminuire il senso di spossatezza.<\/p><h2>2. Idratazione<\/h2><p>Ce lo ripetiamo ogni anno, durante l\u2019estate il rischio di disidratazione \u00e8 pi\u00f9 elevato a causa delle alte temperature, pertanto \u00e8 fondamentale bere molto e spesso per compensare la perdita di liquidi.<\/p><h2>3. Attivit\u00e0 fisica<\/h2><p>Con la bella stagione aumenta la voglia di muoversi e fare attivit\u00e0 fisica.<br \/>Attenzione per\u00f2, per non compromettere il proprio benessere bisogna rispettare alcune regole. Se finora la pigrizia l\u2019ha fatta da padrona, \u00e8 bene iniziare per gradi con lo sport. Qualche minuto di camminata veloce pu\u00f2 essere sufficiente per iniziare, andando poi ad aumentare l\u2019intensit\u00e0 dell\u2019attivit\u00e0 in modo graduale. Inoltre d\u2019estate, \u00e8 importante prestare attenzione agli orari che si scelgono: fare sport in momenti molto caldi della giornata pu\u00f2 portare non pochi problemi.<\/p>\t\t\t\t\t\t\t\t<\/div>\n\t\t\t\t<\/div>\n\t\t\t\t\t<\/div>\n\t\t<\/div>\n\t\t\t\t\t<\/div>\n\t\t<\/section>\n\t\t\t\t<section class=\"elementor-section elementor-top-section elementor-element elementor-element-e35bd24 elementor-section-boxed elementor-section-height-default elementor-section-height-default\" data-id=\"e35bd24\" data-element_type=\"section\" data-e-type=\"section\">\n\t\t\t\t\t\t<div class=\"elementor-container elementor-column-gap-default\">\n\t\t\t\t\t<div class=\"elementor-column elementor-col-100 elementor-top-column elementor-element elementor-element-d07d825\" data-id=\"d07d825\" data-element_type=\"column\" data-e-type=\"column\">\n\t\t\t<div class=\"elementor-widget-wrap elementor-element-populated\">\n\t\t\t\t\t\t<div class=\"elementor-element elementor-element-93a0e94 elementor-widget elementor-widget-image\" data-id=\"93a0e94\" data-element_type=\"widget\" data-e-type=\"widget\" data-widget_type=\"image.default\">\n\t\t\t\t<div class=\"elementor-widget-container\">\n\t\t\t\t\t\t\t\t\t\t\t\t\t\t\t<img fetchpriority=\"high\" decoding=\"async\" width=\"750\" height=\"450\" src=\"https:\/\/www.erboristeriasalute.com\/news\/wp-content\/uploads\/2021\/06\/Estate.jpg\" class=\"attachment-large size-large wp-image-5281\" alt=\"Estate\" srcset=\"https:\/\/www.erboristeriasalute.com\/news\/wp-content\/uploads\/2021\/06\/Estate.jpg 750w, https:\/\/www.erboristeriasalute.com\/news\/wp-content\/uploads\/2021\/06\/Estate-300x180.jpg 300w\" sizes=\"(max-width: 750px) 100vw, 750px\" \/>\t\t\t\t\t\t\t\t\t\t\t\t\t\t\t<\/div>\n\t\t\t\t<\/div>\n\t\t\t\t\t<\/div>\n\t\t<\/div>\n\t\t\t\t\t<\/div>\n\t\t<\/section>\n\t\t\t\t<section class=\"elementor-section elementor-top-section elementor-element elementor-element-7050321 elementor-section-boxed elementor-section-height-default elementor-section-height-default\" data-id=\"7050321\" data-element_type=\"section\" data-e-type=\"section\">\n\t\t\t\t\t\t<div class=\"elementor-container elementor-column-gap-default\">\n\t\t\t\t\t<div class=\"elementor-column elementor-col-100 elementor-top-column elementor-element elementor-element-825ae66\" data-id=\"825ae66\" data-element_type=\"column\" data-e-type=\"column\">\n\t\t\t<div class=\"elementor-widget-wrap elementor-element-populated\">\n\t\t\t\t\t\t<div class=\"elementor-element elementor-element-d5634e4 elementor-widget elementor-widget-text-editor\" data-id=\"d5634e4\" data-element_type=\"widget\" data-e-type=\"widget\" data-widget_type=\"text-editor.default\">\n\t\t\t\t<div class=\"elementor-widget-container\">\n\t\t\t\t\t\t\t\t\t<h2>4. Proteggersi dal sole in estate<\/h2><p>Si \u00e8 portati a pensare che le protezioni solari vadano utilizzate solo in vacanza. Sbagliato!<br \/>La pelle va <a href=\"https:\/\/erboristeriasalute.com\/news\/raggi-uv-pelle-antiossidanti\/\" target=\"_blank\" rel=\"noopener\">protetta<\/a> sempre, soprattutto nella stagione estiva quando il corpo rimane pi\u00f9 scoperto.<br \/>Stesso discorso vale anche per gli occhiali da sole come protezione per i nostri occhi.<\/p><h2>5. Doccia tiepida<\/h2><p>Per via del forte caldo, siamo forse portati a pensare sia meglio fare la doccia fredda perch\u00e8 dona immediato benessere. In realt\u00e0 il freddo provoca una repentina vasocostrizione, compensata da un aumento della frequenza cardiaca che, a doccia finita, si traduce in aumento della percezione di calore. <br \/>L\u2019ideale \u00e8 alternare getti d\u2019acqua calda a acqua fredda.<\/p><p>5 semplici consigli per un\u2019estate senza preoccupazioni.<br \/><span style=\"color: #333399;\"><strong>Buona estate!!<\/strong><\/span><\/p>\t\t\t\t\t\t\t\t<\/div>\n\t\t\t\t<\/div>\n\t\t\t\t\t<\/div>\n\t\t<\/div>\n\t\t\t\t\t<\/div>\n\t\t<\/section>\n\t\t\t\t<section class=\"elementor-section elementor-top-section elementor-element elementor-element-12e0aea8 elementor-section-boxed elementor-section-height-default elementor-section-height-default\" data-id=\"12e0aea8\" data-element_type=\"section\" data-e-type=\"section\">\n\t\t\t\t\t\t<div class=\"elementor-container elementor-column-gap-default\">\n\t\t\t\t\t<div class=\"elementor-column elementor-col-100 elementor-top-column elementor-element elementor-element-4677a97e\" data-id=\"4677a97e\" data-element_type=\"column\" data-e-type=\"column\">\n\t\t\t<div class=\"elementor-widget-wrap elementor-element-populated\">\n\t\t\t\t\t\t<div class=\"elementor-element elementor-element-664017aa elementor-widget elementor-widget-text-editor\" data-id=\"664017aa\" data-element_type=\"widget\" data-e-type=\"widget\" data-widget_type=\"text-editor.default\">\n\t\t\t\t<div class=\"elementor-widget-container\">\n\t\t\t\t\t\t\t\t\t<p><span style=\"color: #0000ff;\"><strong><em>Ti \u00e8 piaciuto questo articolo? Allora fallo leggere anche ai tuoi amici!<br \/>Condividilo sui social e metti un \u201cmi piace\u201d al nostro profilo!<\/em><\/strong><\/span><\/p>\t\t\t\t\t\t\t\t<\/div>\n\t\t\t\t<\/div>\n\t\t\t\t\t<\/div>\n\t\t<\/div>\n\t\t\t\t\t<\/div>\n\t\t<\/section>\n\t\t\t\t<\/div>\n\t\t","protected":false},"excerpt":{"rendered":"<p>Vivi l&#8217;estate in tutta salute coi nostri consigli.<\/p>\n","protected":false},"author":1,"featured_media":5285,"comment_status":"open","ping_status":"closed","sticky":false,"template":"","format":"standard","meta":{"footnotes":""},"categories":[1],"tags":[179,178],"class_list":["post-5279","post","type-post","status-publish","format-standard","has-post-thumbnail","hentry","category-salute","tag-alimentazione-estiva","tag-estate"],"_links":{"self":[{"href":"https:\/\/www.erboristeriasalute.com\/news\/wp-json\/wp\/v2\/posts\/5279","targetHints":{"allow":["GET"]}}],"collection":[{"href":"https:\/\/www.erboristeriasalute.com\/news\/wp-json\/wp\/v2\/posts"}],"about":[{"href":"https:\/\/www.erboristeriasalute.com\/news\/wp-json\/wp\/v2\/types\/post"}],"author":[{"embeddable":true,"href":"https:\/\/www.erboristeriasalute.com\/news\/wp-json\/wp\/v2\/users\/1"}],"replies":[{"embeddable":true,"href":"https:\/\/www.erboristeriasalute.com\/news\/wp-json\/wp\/v2\/comments?post=5279"}],"version-history":[{"count":0,"href":"https:\/\/www.erboristeriasalute.com\/news\/wp-json\/wp\/v2\/posts\/5279\/revisions"}],"wp:featuredmedia":[{"embeddable":true,"href":"https:\/\/www.erboristeriasalute.com\/news\/wp-json\/wp\/v2\/media\/5285"}],"wp:attachment":[{"href":"https:\/\/www.erboristeriasalute.com\/news\/wp-json\/wp\/v2\/media?parent=5279"}],"wp:term":[{"taxonomy":"category","embeddable":true,"href":"https:\/\/www.erboristeriasalute.com\/news\/wp-json\/wp\/v2\/categories?post=5279"},{"taxonomy":"post_tag","embeddable":true,"href":"https:\/\/www.erboristeriasalute.com\/news\/wp-json\/wp\/v2\/tags?post=5279"}],"curies":[{"name":"wp","href":"https:\/\/api.w.org\/{rel}","templated":true}]}}