{"id":5491,"date":"2021-07-20T11:10:41","date_gmt":"2021-07-20T09:10:41","guid":{"rendered":"https:\/\/erboristeriasalute.com\/news\/?p=5491"},"modified":"2024-10-07T11:05:02","modified_gmt":"2024-10-07T09:05:02","slug":"ansia-insonnia-collegamento","status":"publish","type":"post","link":"https:\/\/www.erboristeriasalute.com\/news\/ansia-insonnia-collegamento\/","title":{"rendered":"ANSIA E INSONNIA: QUALE COLLEGAMENTO?"},"content":{"rendered":"\t\t<div data-elementor-type=\"wp-post\" data-elementor-id=\"5491\" class=\"elementor elementor-5491\">\n\t\t\t\t\t\t<section class=\"elementor-section elementor-top-section elementor-element elementor-element-dd54ad4 elementor-section-boxed elementor-section-height-default elementor-section-height-default\" data-id=\"dd54ad4\" data-element_type=\"section\" data-e-type=\"section\">\n\t\t\t\t\t\t<div class=\"elementor-container elementor-column-gap-default\">\n\t\t\t\t\t<div class=\"elementor-column elementor-col-100 elementor-top-column elementor-element elementor-element-769d0d1\" data-id=\"769d0d1\" data-element_type=\"column\" data-e-type=\"column\">\n\t\t\t<div class=\"elementor-widget-wrap elementor-element-populated\">\n\t\t\t\t\t\t<div class=\"elementor-element elementor-element-61a2cd9 elementor-widget elementor-widget-text-editor\" data-id=\"61a2cd9\" data-element_type=\"widget\" data-e-type=\"widget\" data-widget_type=\"text-editor.default\">\n\t\t\t\t<div class=\"elementor-widget-container\">\n\t\t\t\t\t\t\t\t\t<p>L\u2019ansia provoca insonnia. O viceversa?<\/p><h2>Un collegamento a due sensi<\/h2><p>Tutti abbiamo sperimentato che, <strong>quando siamo preoccupati o ansiosi, il sonno ne risente<\/strong>. Appena ci appoggiamo al cuscino e spegniamo la luce i pensieri sembrano \u201caccendersi\u201d. La mente gira e rigira attorno a ci\u00f2 che ci preoccupa, ed ecco che il sonno se n\u2019\u00e8 andato. Oppure ci svegliamo nel bel mezzo della notte con quel pensiero fisso, e non c\u2019\u00e8 pi\u00f9 modo di riaddormentarci.<\/p><p>In effetti <strong>che l\u2019insonnia sia una delle conseguenze dell\u2019ansia \u00e8 ben noto<\/strong> a psichiatri e psicologi, tanto che uno dei criteri diagnostici dei <a href=\"https:\/\/erboristeriasalute.com\/news\/ansia-attivita-fisica-per-alleviarla\/\" target=\"_blank\" rel=\"noopener\">disturbi d\u2019ansia<\/a> \u00e8 proprio la presenza di alterazioni del sonno. Spesso chi soffre di ansia ha <strong>difficolt\u00e0 ad addormentarsi<\/strong>, tende a <strong>svegliarsi pi\u00f9 volte durante la notte<\/strong>, e in generale ha un <strong>sonno inquieto e insoddisfacente<\/strong>, poco ristoratore.<\/p><p>L\u2019idea comune, dunque, \u00e8 che l\u2019insonnia sia semplicemente una conseguenza dell\u2019ansia. Fastidiosa, certo; ma il vero problema risiede altrove.<\/p>\t\t\t\t\t\t\t\t<\/div>\n\t\t\t\t<\/div>\n\t\t\t\t\t<\/div>\n\t\t<\/div>\n\t\t\t\t\t<\/div>\n\t\t<\/section>\n\t\t\t\t<section class=\"elementor-section elementor-top-section elementor-element elementor-element-ea3fe9f elementor-section-boxed elementor-section-height-default elementor-section-height-default\" data-id=\"ea3fe9f\" data-element_type=\"section\" data-e-type=\"section\">\n\t\t\t\t\t\t<div class=\"elementor-container elementor-column-gap-default\">\n\t\t\t\t\t<div class=\"elementor-column elementor-col-100 elementor-top-column elementor-element elementor-element-e53e60d\" data-id=\"e53e60d\" data-element_type=\"column\" data-e-type=\"column\">\n\t\t\t<div class=\"elementor-widget-wrap elementor-element-populated\">\n\t\t\t\t\t\t<div class=\"elementor-element elementor-element-4aee068 elementor-widget elementor-widget-image\" data-id=\"4aee068\" data-element_type=\"widget\" data-e-type=\"widget\" data-widget_type=\"image.default\">\n\t\t\t\t<div class=\"elementor-widget-container\">\n\t\t\t\t\t\t\t\t\t\t\t\t\t\t\t<img fetchpriority=\"high\" decoding=\"async\" width=\"740\" height=\"450\" src=\"https:\/\/www.erboristeriasalute.com\/news\/wp-content\/uploads\/2021\/07\/ansia-insonnia.jpg\" class=\"attachment-large size-large wp-image-5492\" alt=\"ansia e insonnia\" srcset=\"https:\/\/www.erboristeriasalute.com\/news\/wp-content\/uploads\/2021\/07\/ansia-insonnia.jpg 740w, https:\/\/www.erboristeriasalute.com\/news\/wp-content\/uploads\/2021\/07\/ansia-insonnia-300x182.jpg 300w\" sizes=\"(max-width: 740px) 100vw, 740px\" \/>\t\t\t\t\t\t\t\t\t\t\t\t\t\t\t<\/div>\n\t\t\t\t<\/div>\n\t\t\t\t\t<\/div>\n\t\t<\/div>\n\t\t\t\t\t<\/div>\n\t\t<\/section>\n\t\t\t\t<section class=\"elementor-section elementor-top-section elementor-element elementor-element-3f67132 elementor-section-boxed elementor-section-height-default elementor-section-height-default\" data-id=\"3f67132\" data-element_type=\"section\" data-e-type=\"section\">\n\t\t\t\t\t\t<div class=\"elementor-container elementor-column-gap-default\">\n\t\t\t\t\t<div class=\"elementor-column elementor-col-100 elementor-top-column elementor-element elementor-element-84a6bfe\" data-id=\"84a6bfe\" data-element_type=\"column\" data-e-type=\"column\">\n\t\t\t<div class=\"elementor-widget-wrap elementor-element-populated\">\n\t\t\t\t\t\t<div class=\"elementor-element elementor-element-9fe7544 elementor-widget elementor-widget-text-editor\" data-id=\"9fe7544\" data-element_type=\"widget\" data-e-type=\"widget\" data-widget_type=\"text-editor.default\">\n\t\t\t\t<div class=\"elementor-widget-container\">\n\t\t\t\t\t\t\t\t\t<p><strong>Ma le cose stanno davvero cos\u00ec?<\/strong><\/p><p>Secondo le ultime ricerche, forse no. <strong>Gli studi pi\u00f9 recenti<\/strong> tendono infatti a ribaltare questa prospettiva, presentando <strong>l\u2019insonnia non come conseguenza ma come causa di diversi disturbi mentali<\/strong>. Non solo ansia, ma anche depressione e psicosi.<\/p><p>\u00c8 stato infatti dimostrato che, <strong>curando l\u2019insonnia, si alleviano molti altri sintomi<\/strong> di disagio psicologico. Migliora l\u2019ansia, migliora la depressione, migliorano persino paranoia e allucinazioni, si ha una riduzione degli incubi e, in generale, un senso di maggior benessere psicologico.<\/p><p>La <a href=\"https:\/\/erboristeriasalute.com\/news\/limportanza-del-sonno\/\" target=\"_blank\" rel=\"noopener\">deprivazione del sonno<\/a>, infatti, <strong>altera le funzioni del cervello<\/strong>, contribuendo in maniera importante all\u2019insorgere di disturbi mentali. Una visione pi\u00f9 corretta del rapporto tra ansia e insonnia, allora, \u00e8 quella di un collegamento a due sensi, in cui <strong>i due disagi si alimentano a vicenda<\/strong> creando un circolo vizioso.<\/p><p>E, in presenza di ansia, depressione o altri disagi psicologici, <a href=\"https:\/\/erboristeriasalute.com\/news\/sonno-istruzioni-per-luso\/\" target=\"_blank\" rel=\"noopener\">curare l\u2019insonnia<\/a> non \u00e8 pi\u00f9 un surplus bens\u00ec diventa un <strong>obiettivo terapeutico fondamentale<\/strong>. Aiutare le persone a dormire meglio pu\u00f2 essere un primo passo importante per affrontare disturbi psicologici e mentali.<\/p>\t\t\t\t\t\t\t\t<\/div>\n\t\t\t\t<\/div>\n\t\t\t\t\t<\/div>\n\t\t<\/div>\n\t\t\t\t\t<\/div>\n\t\t<\/section>\n\t\t\t\t<section class=\"elementor-section elementor-top-section elementor-element elementor-element-39a673c8 elementor-section-boxed elementor-section-height-default elementor-section-height-default\" data-id=\"39a673c8\" data-element_type=\"section\" data-e-type=\"section\">\n\t\t\t\t\t\t<div class=\"elementor-container elementor-column-gap-default\">\n\t\t\t\t\t<div class=\"elementor-column elementor-col-100 elementor-top-column elementor-element elementor-element-565dd9a0\" data-id=\"565dd9a0\" data-element_type=\"column\" data-e-type=\"column\">\n\t\t\t<div class=\"elementor-widget-wrap elementor-element-populated\">\n\t\t\t\t\t\t<div class=\"elementor-element elementor-element-7de1f504 elementor-widget elementor-widget-text-editor\" data-id=\"7de1f504\" data-element_type=\"widget\" data-e-type=\"widget\" data-widget_type=\"text-editor.default\">\n\t\t\t\t<div class=\"elementor-widget-container\">\n\t\t\t\t\t\t\t\t\t<h2 style=\"text-align: center;\">Per un sonno ristoratore, NutraLabs ti consiglia<br \/>MELATONINA NUTRIBILANCIATA!<\/h2><p>A base di <strong>Melatonina<\/strong>, che contribuisce alla riduzione del tempo di addormentamento, e di estratti titolati di <strong>Valeriana<\/strong> ed <strong>Escolzia<\/strong>, che favoriscono il rilassamento e la qualit\u00e0 del sonno, <a href=\"https:\/\/www.erboristeriasalute.com\/prodotto\/melatonina-nutribilanciata\/\" target=\"_blank\" rel=\"noopener\"><strong>MELATONINA NUTRIBILANCIATA<\/strong><\/a> \u00e8 la sinergia perfetta per alleviare la tensione nervosa e assicurarti un buon sonno ristoratore!<\/p>\t\t\t\t\t\t\t\t<\/div>\n\t\t\t\t<\/div>\n\t\t\t\t<div class=\"elementor-element elementor-element-2235c752 elementor-widget elementor-widget-image\" data-id=\"2235c752\" data-element_type=\"widget\" data-e-type=\"widget\" data-widget_type=\"image.default\">\n\t\t\t\t<div class=\"elementor-widget-container\">\n\t\t\t\t\t\t\t\t\t\t\t\t\t\t\t\t<a href=\"https:\/\/www.erboristeriasalute.com\/prodotto\/melatonina-nutribilanciata\/\" target=\"_blank\">\n\t\t\t\t\t\t\t<img decoding=\"async\" width=\"300\" height=\"225\" src=\"https:\/\/www.erboristeriasalute.com\/news\/wp-content\/uploads\/2023\/12\/Melatonina-nutribilanciata-300x225.jpg\" class=\"attachment-medium size-medium wp-image-8171\" alt=\"Melatonina Nutribilanciata NutraLabs integratore naturale per il sonno\" srcset=\"https:\/\/www.erboristeriasalute.com\/news\/wp-content\/uploads\/2023\/12\/Melatonina-nutribilanciata-300x225.jpg 300w, https:\/\/www.erboristeriasalute.com\/news\/wp-content\/uploads\/2023\/12\/Melatonina-nutribilanciata-100x75.jpg 100w, https:\/\/www.erboristeriasalute.com\/news\/wp-content\/uploads\/2023\/12\/Melatonina-nutribilanciata.jpg 640w\" sizes=\"(max-width: 300px) 100vw, 300px\" \/>\t\t\t\t\t\t\t\t<\/a>\n\t\t\t\t\t\t\t\t\t\t\t\t\t\t\t<\/div>\n\t\t\t\t<\/div>\n\t\t\t\t<div class=\"elementor-element elementor-element-51478f06 elementor-widget elementor-widget-text-editor\" data-id=\"51478f06\" data-element_type=\"widget\" data-e-type=\"widget\" data-widget_type=\"text-editor.default\">\n\t\t\t\t<div class=\"elementor-widget-container\">\n\t\t\t\t\t\t\t\t\t<p>Acquista <a href=\"https:\/\/www.erboristeriasalute.com\/prodotto\/melatonina-nutribilanciata\/\" target=\"_blank\" rel=\"noopener\"><strong>MELATONINA NUTRIBILANCIATA<\/strong><\/a> in esclusiva sul nostro sito, a un <strong>PREZZO ECCEZIONALE<\/strong>!<\/p>\t\t\t\t\t\t\t\t<\/div>\n\t\t\t\t<\/div>\n\t\t\t\t\t<\/div>\n\t\t<\/div>\n\t\t\t\t\t<\/div>\n\t\t<\/section>\n\t\t\t\t<section class=\"elementor-section elementor-top-section elementor-element elementor-element-109d0f98 elementor-section-boxed elementor-section-height-default elementor-section-height-default\" data-id=\"109d0f98\" data-element_type=\"section\" data-e-type=\"section\">\n\t\t\t\t\t\t<div class=\"elementor-container elementor-column-gap-default\">\n\t\t\t\t\t<div class=\"elementor-column elementor-col-100 elementor-top-column elementor-element elementor-element-7cea5937\" data-id=\"7cea5937\" data-element_type=\"column\" data-e-type=\"column\">\n\t\t\t<div class=\"elementor-widget-wrap elementor-element-populated\">\n\t\t\t\t\t\t<div class=\"elementor-element elementor-element-6fbb6e2e elementor-widget elementor-widget-text-editor\" data-id=\"6fbb6e2e\" data-element_type=\"widget\" data-e-type=\"widget\" data-widget_type=\"text-editor.default\">\n\t\t\t\t<div class=\"elementor-widget-container\">\n\t\t\t\t\t\t\t\t\t<p><span style=\"color: #0000ff;\"><strong><em>Ti \u00e8 piaciuto questo articolo? Allora fallo leggere anche ai tuoi amici!<br \/>Condividilo sui social e metti un \u201cmi piace\u201d al nostro profilo!<\/em><\/strong><\/span><\/p>\t\t\t\t\t\t\t\t<\/div>\n\t\t\t\t<\/div>\n\t\t\t\t\t<\/div>\n\t\t<\/div>\n\t\t\t\t\t<\/div>\n\t\t<\/section>\n\t\t\t\t<\/div>\n\t\t","protected":false},"excerpt":{"rendered":"<p>L\u2019ansia provoca insonnia. O viceversa? Un collegamento a due sensi Tutti abbiamo sperimentato che, quando siamo preoccupati o ansiosi, il sonno ne risente. Appena ci appoggiamo al cuscino e spegniamo la luce i pensieri sembrano<\/p>\n","protected":false},"author":3,"featured_media":5492,"comment_status":"open","ping_status":"closed","sticky":false,"template":"","format":"standard","meta":{"footnotes":""},"categories":[46,1],"tags":[84,191,483,136],"class_list":["post-5491","post","type-post","status-publish","format-standard","has-post-thumbnail","hentry","category-psicologia","category-salute","tag-ansia","tag-insonnia","tag-melatonina-nutribilanciata","tag-sonno"],"_links":{"self":[{"href":"https:\/\/www.erboristeriasalute.com\/news\/wp-json\/wp\/v2\/posts\/5491","targetHints":{"allow":["GET"]}}],"collection":[{"href":"https:\/\/www.erboristeriasalute.com\/news\/wp-json\/wp\/v2\/posts"}],"about":[{"href":"https:\/\/www.erboristeriasalute.com\/news\/wp-json\/wp\/v2\/types\/post"}],"author":[{"embeddable":true,"href":"https:\/\/www.erboristeriasalute.com\/news\/wp-json\/wp\/v2\/users\/3"}],"replies":[{"embeddable":true,"href":"https:\/\/www.erboristeriasalute.com\/news\/wp-json\/wp\/v2\/comments?post=5491"}],"version-history":[{"count":0,"href":"https:\/\/www.erboristeriasalute.com\/news\/wp-json\/wp\/v2\/posts\/5491\/revisions"}],"wp:featuredmedia":[{"embeddable":true,"href":"https:\/\/www.erboristeriasalute.com\/news\/wp-json\/wp\/v2\/media\/5492"}],"wp:attachment":[{"href":"https:\/\/www.erboristeriasalute.com\/news\/wp-json\/wp\/v2\/media?parent=5491"}],"wp:term":[{"taxonomy":"category","embeddable":true,"href":"https:\/\/www.erboristeriasalute.com\/news\/wp-json\/wp\/v2\/categories?post=5491"},{"taxonomy":"post_tag","embeddable":true,"href":"https:\/\/www.erboristeriasalute.com\/news\/wp-json\/wp\/v2\/tags?post=5491"}],"curies":[{"name":"wp","href":"https:\/\/api.w.org\/{rel}","templated":true}]}}