{"id":6821,"date":"2022-03-07T10:23:09","date_gmt":"2022-03-07T09:23:09","guid":{"rendered":"https:\/\/erboristeriasalute.com\/news\/?p=6821"},"modified":"2022-10-06T17:08:29","modified_gmt":"2022-10-06T15:08:29","slug":"primavera-disturbi-di-stagione","status":"publish","type":"post","link":"https:\/\/www.erboristeriasalute.com\/news\/primavera-disturbi-di-stagione\/","title":{"rendered":"PRIMAVERA, A OGNUNO LA SUA SOLUZIONE"},"content":{"rendered":"\t\t<div data-elementor-type=\"wp-post\" data-elementor-id=\"6821\" class=\"elementor elementor-6821\">\n\t\t\t\t\t\t<section class=\"elementor-section elementor-top-section elementor-element elementor-element-a20e608 elementor-section-boxed elementor-section-height-default elementor-section-height-default\" data-id=\"a20e608\" data-element_type=\"section\" data-e-type=\"section\">\n\t\t\t\t\t\t<div class=\"elementor-container elementor-column-gap-default\">\n\t\t\t\t\t<div class=\"elementor-column elementor-col-100 elementor-top-column elementor-element elementor-element-d4bafa3\" data-id=\"d4bafa3\" data-element_type=\"column\" data-e-type=\"column\">\n\t\t\t<div class=\"elementor-widget-wrap elementor-element-populated\">\n\t\t\t\t\t\t<div class=\"elementor-element elementor-element-7e1d161 elementor-widget elementor-widget-text-editor\" data-id=\"7e1d161\" data-element_type=\"widget\" data-e-type=\"widget\" data-widget_type=\"text-editor.default\">\n\t\t\t\t<div class=\"elementor-widget-container\">\n\t\t\t\t\t\t\t\t\t<p>I cambi di stagione, come tutti i cambiamenti, sono per il nostro organismo fonte di stress. In particolare molte persone all\u2019arrivo della primavera accusano disturbi di stagione di vario tipo, dall\u2019ansia alla stanchezza fino alle problematiche gastrointestinali. Vediamo allora quali sono i pi\u00f9 comuni disturbi di stagione in primavera, e come affrontarli.<\/p><h2>Se la primavera ti fa soffrire<\/h2><p>Se anche tu, al cambio di stagione, ti ritrovi un po\u2019 scombussolato, sei in buona compagnia! Secondo alcuni sondaggi, infatti, \u00e8 capitato praticamente a tutti gli italiani di accusare disturbi di stagione all\u2019arrivo della primavera, mentre <strong>un terzo della popolazione ne soffrirebbe tutti gli anni<\/strong> o quasi.<\/p><p>Si tratta di una reazione molto comune, che denota <strong>la fatica dell\u2019organismo nell\u2019adattarsi ai cambiamenti<\/strong> che avvengono all\u2019esterno e all\u2019interno. Il cambiamento del fotoperiodo (cio\u00e8 delle ore di luce), infatti, influenza la fisiologia non solo delle piante e degli animali, ma anche degli esseri umani. E per qualcuno queste variazioni possono essere particolarmente destabilizzanti.<\/p><p>I disturbi di stagione pi\u00f9 comuni in primavera sono, nell\u2019ordine, stanchezza, insonnia, cattivo umore e ansia. Ma c\u2019\u00e8 anche chi accusa mal di stomaco o colite, oppure si ammala pi\u00f9 spesso. <strong>I fastidi sono diversificati e cos\u00ec dovrebbe essere anche l\u2019approccio adottato per affrontarli<\/strong>.<\/p><h2>Disturbi di primavera: cosa fare<\/h2><p>Allora, <strong>come supportare l\u2019organismo all\u2019arrivo della primavera, per attenuare i disturbi di stagione?<\/strong><br \/>Vediamolo caso per caso.<\/p><ol><li>Se il tuo sintomo principale \u00e8 <strong>la spossatezza, la stanchezza (fisica o mentale), la mancanza di energia<\/strong>, pu\u00f2 essere utile un rimedio dall\u2019azione tonica come <a href=\"https:\/\/www.erboristeriasalute.com\/prodotto\/ginseng-rosso-multivitaminico\/\" target=\"_blank\" rel=\"noopener\"><strong>GINSENG ROSSO MULTIVITAMINICO<\/strong><\/a>. Il <a href=\"https:\/\/erboristeriasalute.com\/news\/ginseng-intestino-irritabile\/\" target=\"_blank\" rel=\"noopener\">ginseng<\/a>, grazie alle propriet\u00e0 adattogene, aiuta l\u2019organismo ad affrontare al meglio lo stress legato al cambio di stagione, mentre le <a href=\"https:\/\/erboristeriasalute.com\/news\/integratori-multivitaminici\/\" target=\"_blank\" rel=\"noopener\">vitamine<\/a> supportano tutte le funzioni vitali e in particolare la produzione di energia.<br \/><br \/><\/li><li>Se invece il problema \u00e8 che <strong>ti senti agitato, in ansia, e magari hai difficolt\u00e0 a riposare bene<\/strong>, puoi provare <a href=\"https:\/\/www.erboristeriasalute.com\/prodotto\/psyche-notte\/\" target=\"_blank\" rel=\"noopener\"><strong>PSYCHE NOTTE<\/strong><\/a>. Questo rimedio, grazie all\u2019azione di Valeriana e Melissa, ha un effetto calmante, rilassante, <a href=\"https:\/\/erboristeriasalute.com\/news\/combattere-ansia\/\" target=\"_blank\" rel=\"noopener\">anti-ansia<\/a>, e migliora il <a href=\"https:\/\/erboristeriasalute.com\/news\/sonno-istruzioni-per-luso\/\" target=\"_blank\" rel=\"noopener\">sonno<\/a>.<br \/><br \/><\/li><li>Se la primavera influisce prevalentemente sull\u2019umore, portando <strong>irritabilit\u00e0 e cattivo umore<\/strong>, ti consigliamo <a href=\"https:\/\/www.erboristeriasalute.com\/prodotto\/magnesio-nutribilanciato\/\" target=\"_blank\" rel=\"noopener\"><strong>MAGNESIO NUTRIBILANCIATO<\/strong><\/a>. Il <a href=\"https:\/\/erboristeriasalute.com\/news\/funzioni-del-magnesio\/\" target=\"_blank\" rel=\"noopener\">magnesio<\/a> infatti, essendo coinvolto nella sintesi di numerosi neurotrasmettitori, \u00e8 un elemento essenziale nella regolazione del tono dell\u2019umore.<br \/><br \/><\/li><li>Se i disturbi colpiscono soprattutto l\u2019<strong>apparato gastrointestinale<\/strong>, <a href=\"https:\/\/www.erboristeriasalute.com\/prodotto\/naturaflora-plus-60\/\" target=\"_blank\" rel=\"noopener\"><strong>NATURAFLORA PLUS<\/strong><\/a> fa al caso tuo! Questo <a href=\"https:\/\/erboristeriasalute.com\/news\/probiotici-come-scegliere-i-migliori\/\" target=\"_blank\" rel=\"noopener\">probiotico<\/a> di alta qualit\u00e0 aiuta a riportare in equilibrio il microbiota dell\u2019intestino, con effetti equilibranti sul sistema gastrointestinale e pi\u00f9 in generale su tutto l\u2019organismo.<\/li><\/ol>\t\t\t\t\t\t\t\t<\/div>\n\t\t\t\t<\/div>\n\t\t\t\t\t<\/div>\n\t\t<\/div>\n\t\t\t\t\t<\/div>\n\t\t<\/section>\n\t\t\t\t<section class=\"elementor-section elementor-top-section elementor-element elementor-element-6749b99 elementor-section-boxed elementor-section-height-default elementor-section-height-default\" data-id=\"6749b99\" data-element_type=\"section\" data-e-type=\"section\">\n\t\t\t\t\t\t<div class=\"elementor-container elementor-column-gap-default\">\n\t\t\t\t\t<div class=\"elementor-column elementor-col-100 elementor-top-column elementor-element elementor-element-a654ed7\" data-id=\"a654ed7\" data-element_type=\"column\" data-e-type=\"column\">\n\t\t\t<div class=\"elementor-widget-wrap elementor-element-populated\">\n\t\t\t\t\t\t<div class=\"elementor-element elementor-element-356977e elementor-widget elementor-widget-image\" data-id=\"356977e\" data-element_type=\"widget\" data-e-type=\"widget\" data-widget_type=\"image.default\">\n\t\t\t\t<div class=\"elementor-widget-container\">\n\t\t\t\t\t\t\t\t\t\t\t\t\t\t\t<img fetchpriority=\"high\" decoding=\"async\" width=\"750\" height=\"450\" src=\"https:\/\/www.erboristeriasalute.com\/news\/wp-content\/uploads\/2022\/02\/primavera-disturbi-stagione.jpg\" class=\"attachment-large size-large wp-image-6823\" alt=\"primavera disturbi di stagione\" srcset=\"https:\/\/www.erboristeriasalute.com\/news\/wp-content\/uploads\/2022\/02\/primavera-disturbi-stagione.jpg 750w, https:\/\/www.erboristeriasalute.com\/news\/wp-content\/uploads\/2022\/02\/primavera-disturbi-stagione-300x180.jpg 300w\" sizes=\"(max-width: 750px) 100vw, 750px\" \/>\t\t\t\t\t\t\t\t\t\t\t\t\t\t\t<\/div>\n\t\t\t\t<\/div>\n\t\t\t\t\t<\/div>\n\t\t<\/div>\n\t\t\t\t\t<\/div>\n\t\t<\/section>\n\t\t\t\t<section class=\"elementor-section elementor-top-section elementor-element elementor-element-32fdb14 elementor-section-boxed elementor-section-height-default elementor-section-height-default\" data-id=\"32fdb14\" data-element_type=\"section\" data-e-type=\"section\">\n\t\t\t\t\t\t<div class=\"elementor-container elementor-column-gap-default\">\n\t\t\t\t\t<div class=\"elementor-column elementor-col-100 elementor-top-column elementor-element elementor-element-e5b509c\" data-id=\"e5b509c\" data-element_type=\"column\" data-e-type=\"column\">\n\t\t\t<div class=\"elementor-widget-wrap elementor-element-populated\">\n\t\t\t\t\t\t<div class=\"elementor-element elementor-element-e90bda7 elementor-widget elementor-widget-text-editor\" data-id=\"e90bda7\" data-element_type=\"widget\" data-e-type=\"widget\" data-widget_type=\"text-editor.default\">\n\t\t\t\t<div class=\"elementor-widget-container\">\n\t\t\t\t\t\t\t\t\t<h2>Consigli per tutti<\/h2><p>Oltre all\u2019aiuto dei corretti rimedi naturali, per affrontare al meglio la primavera e mitigare i possibili disturbi di stagione dovremmo tutti prestare particolare attenzione ad alcuni aspetti.<\/p><h6>Alimentazione<\/h6><p>Ancora pi\u00f9 importante in questo periodo alimentarsi in modo corretto. <strong>Frutta e verdura<\/strong> sono sempre fondamentali per la loro ricchezza di vitamine e minerali, ma non facciamo mancare i <strong>carboidrati<\/strong> (meglio se integrali), perch\u00e9 abbiamo bisogno di energia. Importante mangiare a orari regolari, senza saltare i pasti, e fare una bella <strong><a href=\"https:\/\/erboristeriasalute.com\/news\/la-prima-colazione-in-pratica\/\" target=\"_blank\" rel=\"noopener\">colazione<\/a><\/strong> sostanziosa.<\/p><h6>Attivit\u00e0 fisica<\/h6><p>La <a href=\"https:\/\/erboristeriasalute.com\/news\/la-primavera-secondo-la-medicina-tradizionale-cinese\/\" target=\"_blank\" rel=\"noopener\">primavera<\/a> ci chiede di ricominciare a muoverci, ma <strong>in modo molto graduale<\/strong>. Non facciamo l\u2019errore di strafare, dopo che magari <a href=\"https:\/\/erboristeriasalute.com\/news\/linverno-secondo-la-medicina-tradizionale-cinese\/\" target=\"_blank\" rel=\"noopener\">siamo stati fermi per tutto l\u2019inverno<\/a>! Ma non lasciamoci nemmeno scoraggiare dalla stanchezza, perch\u00e9 un po\u2019 di moto la far\u00e0 diminuire, non aumentare. Possiamo cominciare con attivit\u00e0 molto semplici, meglio se all\u2019aria aperta, come semplici passeggiate.<\/p><h6>Contatto con la natura<\/h6><p>Importante passare pi\u00f9 tempo possibile all\u2019aria aperta, alla luce del sole, in mezzo al verde. Il <a href=\"https:\/\/erboristeriasalute.com\/news\/contatto-con-la-natura-e-benessere\/\" target=\"_blank\" rel=\"noopener\">contatto con la natura<\/a> ha di per s\u00e9 un effetto rilassante e distensivo, mentre la luce solare ci aiuter\u00e0 ad <strong>equilibrare il ritmo sonno-veglia<\/strong> e a rifornire le nostre scorte di <strong>vitamina D<\/strong>, impoverite durante il periodo invernale.<\/p>\t\t\t\t\t\t\t\t<\/div>\n\t\t\t\t<\/div>\n\t\t\t\t\t<\/div>\n\t\t<\/div>\n\t\t\t\t\t<\/div>\n\t\t<\/section>\n\t\t\t\t<section class=\"elementor-section elementor-top-section elementor-element elementor-element-e3001c2 elementor-section-boxed elementor-section-height-default elementor-section-height-default\" data-id=\"e3001c2\" data-element_type=\"section\" data-e-type=\"section\">\n\t\t\t\t\t\t<div class=\"elementor-container elementor-column-gap-default\">\n\t\t\t\t\t<div class=\"elementor-column elementor-col-100 elementor-top-column elementor-element elementor-element-49ee4fe3\" data-id=\"49ee4fe3\" data-element_type=\"column\" data-e-type=\"column\">\n\t\t\t<div class=\"elementor-widget-wrap elementor-element-populated\">\n\t\t\t\t\t\t<div class=\"elementor-element elementor-element-68fad208 elementor-widget elementor-widget-text-editor\" data-id=\"68fad208\" data-element_type=\"widget\" data-e-type=\"widget\" data-widget_type=\"text-editor.default\">\n\t\t\t\t<div class=\"elementor-widget-container\">\n\t\t\t\t\t\t\t\t\t<p><span style=\"color: #0000ff;\"><strong><em>Ti \u00e8 piaciuto questo articolo? Allora fallo leggere anche ai tuoi amici!<br \/>Condividilo sui social e metti un \u201cmi piace\u201d al nostro profilo!<\/em><\/strong><\/span><\/p>\t\t\t\t\t\t\t\t<\/div>\n\t\t\t\t<\/div>\n\t\t\t\t\t<\/div>\n\t\t<\/div>\n\t\t\t\t\t<\/div>\n\t\t<\/section>\n\t\t\t\t<\/div>\n\t\t","protected":false},"excerpt":{"rendered":"<p>I cambi di stagione, come tutti i cambiamenti, sono per il nostro organismo fonte di stress. In particolare molte persone all\u2019arrivo della primavera accusano disturbi di stagione di vario tipo, dall\u2019ansia alla stanchezza fino alle<\/p>\n","protected":false},"author":3,"featured_media":6823,"comment_status":"open","ping_status":"closed","sticky":false,"template":"","format":"standard","meta":{"footnotes":""},"categories":[1,4],"tags":[113],"class_list":["post-6821","post","type-post","status-publish","format-standard","has-post-thumbnail","hentry","category-salute","category-in-evidenza","tag-primavera"],"_links":{"self":[{"href":"https:\/\/www.erboristeriasalute.com\/news\/wp-json\/wp\/v2\/posts\/6821","targetHints":{"allow":["GET"]}}],"collection":[{"href":"https:\/\/www.erboristeriasalute.com\/news\/wp-json\/wp\/v2\/posts"}],"about":[{"href":"https:\/\/www.erboristeriasalute.com\/news\/wp-json\/wp\/v2\/types\/post"}],"author":[{"embeddable":true,"href":"https:\/\/www.erboristeriasalute.com\/news\/wp-json\/wp\/v2\/users\/3"}],"replies":[{"embeddable":true,"href":"https:\/\/www.erboristeriasalute.com\/news\/wp-json\/wp\/v2\/comments?post=6821"}],"version-history":[{"count":0,"href":"https:\/\/www.erboristeriasalute.com\/news\/wp-json\/wp\/v2\/posts\/6821\/revisions"}],"wp:featuredmedia":[{"embeddable":true,"href":"https:\/\/www.erboristeriasalute.com\/news\/wp-json\/wp\/v2\/media\/6823"}],"wp:attachment":[{"href":"https:\/\/www.erboristeriasalute.com\/news\/wp-json\/wp\/v2\/media?parent=6821"}],"wp:term":[{"taxonomy":"category","embeddable":true,"href":"https:\/\/www.erboristeriasalute.com\/news\/wp-json\/wp\/v2\/categories?post=6821"},{"taxonomy":"post_tag","embeddable":true,"href":"https:\/\/www.erboristeriasalute.com\/news\/wp-json\/wp\/v2\/tags?post=6821"}],"curies":[{"name":"wp","href":"https:\/\/api.w.org\/{rel}","templated":true}]}}