{"id":7124,"date":"2022-05-27T10:59:55","date_gmt":"2022-05-27T08:59:55","guid":{"rendered":"https:\/\/erboristeriasalute.com\/news\/?p=7124"},"modified":"2022-10-06T17:08:19","modified_gmt":"2022-10-06T15:08:19","slug":"depressione-estiva","status":"publish","type":"post","link":"https:\/\/www.erboristeriasalute.com\/news\/depressione-estiva\/","title":{"rendered":"DEPRESSIONE ESTIVA: S\u00cc, ESISTE!"},"content":{"rendered":"\t\t<div data-elementor-type=\"wp-post\" data-elementor-id=\"7124\" class=\"elementor elementor-7124\">\n\t\t\t\t\t\t<section class=\"elementor-section elementor-top-section elementor-element elementor-element-8e49945 elementor-section-boxed elementor-section-height-default elementor-section-height-default\" data-id=\"8e49945\" data-element_type=\"section\" data-e-type=\"section\">\n\t\t\t\t\t\t<div class=\"elementor-container elementor-column-gap-default\">\n\t\t\t\t\t<div class=\"elementor-column elementor-col-100 elementor-top-column elementor-element elementor-element-d005a6f\" data-id=\"d005a6f\" data-element_type=\"column\" data-e-type=\"column\">\n\t\t\t<div class=\"elementor-widget-wrap elementor-element-populated\">\n\t\t\t\t\t\t<div class=\"elementor-element elementor-element-2161eaf elementor-widget elementor-widget-text-editor\" data-id=\"2161eaf\" data-element_type=\"widget\" data-e-type=\"widget\" data-widget_type=\"text-editor.default\">\n\t\t\t\t<div class=\"elementor-widget-container\">\n\t\t\t\t\t\t\t\t\t<p><em>Se quando arriva l\u2019estate, e tutti sembrano pieni di allegria e vitalit\u00e0, tu invece ti senti spossato, triste e senza energie, potresti soffrire di depressione estiva. Vediamo in questo articolo di cosa si tratta e cosa fare per sentirti meglio.<\/em><\/p><p>Parlando di depressione stagionale, \u00e8 l\u2019inverno a venirci subito in mente. Quando le giornate si accorciano e il tempo peggiora, infatti, non sono in pochi a risentirne con un calo del tono dell\u2019umore, che in alcuni casi pu\u00f2 diventare una vera e propria <a href=\"https:\/\/erboristeriasalute.com\/news\/depressione-se-fuori-e-grigio-colorati-dentro\/\" target=\"_blank\" rel=\"noopener\">depressione<\/a>.<\/p><p>Ma <strong>la depressione stagionale<\/strong> (o, in termini pi\u00f9 tecnici, disturbo affettivo stagionale) <strong>non \u00e8 prerogativa dei mesi invernali<\/strong>. C\u2019\u00e8 anche chi ne soffre quando le giornate si allungano, la luce aumenta e le temperature salgono, ossia quando la maggior parte di noi comincia a pensare a vacanze, viaggi e divertimenti vari: all\u2019inizio dell\u2019estate.<\/p><p>La depressione estiva ha per\u00f2 alcuni <strong>sintomi specifici<\/strong>, diversi da quelli della controparte invernale. Se in autunno e inverno l\u2019abbassamento del tono dell\u2019umore si accompagna alla tendenza a mangiare e dormire di pi\u00f9, in estate al contrario la depressione si manifesta con <strong>perdita dell\u2019appetito e <a href=\"https:\/\/erboristeriasalute.com\/news\/sonno-istruzioni-per-luso\/\" target=\"_blank\" rel=\"noopener\">insonnia<\/a><\/strong>. \u00c8 una depressione in un certo modo pi\u00f9 \u201cagitata\u201d; ma non per questo meno debilitante.<\/p>\t\t\t\t\t\t\t\t<\/div>\n\t\t\t\t<\/div>\n\t\t\t\t\t<\/div>\n\t\t<\/div>\n\t\t\t\t\t<\/div>\n\t\t<\/section>\n\t\t\t\t<section class=\"elementor-section elementor-top-section elementor-element elementor-element-624cb06 elementor-section-boxed elementor-section-height-default elementor-section-height-default\" data-id=\"624cb06\" data-element_type=\"section\" data-e-type=\"section\">\n\t\t\t\t\t\t<div class=\"elementor-container elementor-column-gap-default\">\n\t\t\t\t\t<div class=\"elementor-column elementor-col-100 elementor-top-column elementor-element elementor-element-f078b5c\" data-id=\"f078b5c\" data-element_type=\"column\" data-e-type=\"column\">\n\t\t\t<div class=\"elementor-widget-wrap elementor-element-populated\">\n\t\t\t\t\t\t<div class=\"elementor-element elementor-element-5a67059 elementor-widget elementor-widget-image\" data-id=\"5a67059\" data-element_type=\"widget\" data-e-type=\"widget\" data-widget_type=\"image.default\">\n\t\t\t\t<div class=\"elementor-widget-container\">\n\t\t\t\t\t\t\t\t\t\t\t\t\t\t\t<img fetchpriority=\"high\" decoding=\"async\" width=\"750\" height=\"450\" src=\"https:\/\/www.erboristeriasalute.com\/news\/wp-content\/uploads\/2022\/05\/depressione-estiva.jpg\" class=\"attachment-large size-large wp-image-7126\" alt=\"depressione estiva\" srcset=\"https:\/\/www.erboristeriasalute.com\/news\/wp-content\/uploads\/2022\/05\/depressione-estiva.jpg 750w, https:\/\/www.erboristeriasalute.com\/news\/wp-content\/uploads\/2022\/05\/depressione-estiva-300x180.jpg 300w\" sizes=\"(max-width: 750px) 100vw, 750px\" \/>\t\t\t\t\t\t\t\t\t\t\t\t\t\t\t<\/div>\n\t\t\t\t<\/div>\n\t\t\t\t\t<\/div>\n\t\t<\/div>\n\t\t\t\t\t<\/div>\n\t\t<\/section>\n\t\t\t\t<section class=\"elementor-section elementor-top-section elementor-element elementor-element-3365b39 elementor-section-boxed elementor-section-height-default elementor-section-height-default\" data-id=\"3365b39\" data-element_type=\"section\" data-e-type=\"section\">\n\t\t\t\t\t\t<div class=\"elementor-container elementor-column-gap-default\">\n\t\t\t\t\t<div class=\"elementor-column elementor-col-100 elementor-top-column elementor-element elementor-element-ffbf1ad\" data-id=\"ffbf1ad\" data-element_type=\"column\" data-e-type=\"column\">\n\t\t\t<div class=\"elementor-widget-wrap elementor-element-populated\">\n\t\t\t\t\t\t<div class=\"elementor-element elementor-element-38ad81e elementor-widget elementor-widget-text-editor\" data-id=\"38ad81e\" data-element_type=\"widget\" data-e-type=\"widget\" data-widget_type=\"text-editor.default\">\n\t\t\t\t<div class=\"elementor-widget-container\">\n\t\t\t\t\t\t\t\t\t<h2>Cause della depressione estiva<\/h2><p>Sappiamo che anche noi esseri umani, al pari degli animali e dei vegetali, <strong>siamo profondamente influenzati dai ritmi stagionali<\/strong>. \u00c8 naturale che in <a href=\"https:\/\/erboristeriasalute.com\/news\/linverno-secondo-la-medicina-tradizionale-cinese\/\" target=\"_blank\" rel=\"noopener\">inverno<\/a> si verifichi un certo calo di energia, che ci si senta meno attivi e si abbia pi\u00f9 appetito, mentre il ritmo sonno-veglia cambia in accordo con il fotoperiodo e si tende a dormire di pi\u00f9. Al contrario, con l\u2019arrivo dell\u2019<a href=\"https:\/\/erboristeriasalute.com\/news\/lestate-secondo-la-medicina-tradizionale-cinese\/\" target=\"_blank\" rel=\"noopener\">estate<\/a> \u00e8 fisiologico mangiare meno (non abbiamo pi\u00f9 bisogno di cuscinetti di grasso che ci proteggano dal freddo) e, seguendo la luce solare, dormire meno.<\/p><p>In quest\u2019ottica <strong>le depressioni stagionali sembrano un\u2019esacerbazione delle naturali risposte dell\u2019organismo ai cambi di stagione<\/strong>. In inverno la fisiologica tendenza a \u201cchiudersi\u201d degenera in perdita di interesse, tristezza e apatia. L\u2019estate al contrario <a href=\"https:\/\/erboristeriasalute.com\/news\/limportanza-del-sonno\/\" target=\"_blank\" rel=\"noopener\">sconvolge i ritmi sonno-veglia<\/a>, non si riesce pi\u00f9 a riposare a sufficienza e di conseguenza l\u2019energia, e con lei l\u2019umore, calano a picco. Aggiungiamo poi il caldo e l\u2019umidit\u00e0, che per molti sono causa di <a href=\"https:\/\/erboristeriasalute.com\/news\/spossatezza-da-caldo-come-combatterla\/\" target=\"_blank\" rel=\"noopener\">spossatezza<\/a> e prostrazione. Mentre l\u2019effetto stimolante della luce intensa pu\u00f2 far emergere <a href=\"https:\/\/erboristeriasalute.com\/news\/combattere-ansia\/\" target=\"_blank\" rel=\"noopener\">ansia<\/a> e agitazione\u2014\u00e8 provato ad esempio che ansia, panico e aggressivit\u00e0 aumentano con il crescere delle temperature.<\/p><p>Pu\u00f2 poi esserci un secondo ordine di cause, legate non direttamente alla stagione bens\u00ec a <strong>fattori psico-sociali<\/strong>. In estate <strong>le citt\u00e0 si svuotano<\/strong>, i negozi chiudono, gli amici partono per viaggi e vacanze, e in questo modo vengono a mancare gli usuali punti di riferimento. Pu\u00f2 essere un\u2019esperienza destabilizzante. Anche lo stacco dal lavoro, invece di una pausa rigenerante, pu\u00f2 trasformarsi in un problema nel momento in cui ci si trova davanti a lunghe giornate improvvisamente vuote, che non si sa come riempire. A maggior ragione se si rimane a casa da soli, con la solitudine e il senso di isolamento a peggiorare la situazione.<\/p><h2>Cosa fare se soffri di depressione estiva<\/h2><p>\u00c8 probabile che il disagio legato al cambio di stagione esista in una scala di intensit\u00e0: alcune persone sono solo leggermente e temporaneamente disturbate, per altre il disagio \u00e8 maggiore, fino ai casi di depressione vera e propria.<\/p><p>Per tutti pu\u00f2 essere utile <strong>proteggersi il pi\u00f9 possibile dalla luce intensa e dal caldo e umidit\u00e0 eccessivi<\/strong>, che agiscono sul corpo e sul cervello innescando i sintomi depressivi. Penombra in casa, occhiali da sole all\u2019aperto. Rinfrescarsi durante la giornata con docce tiepide. Scegliere <a href=\"https:\/\/erboristeriasalute.com\/news\/alimentazione-estiva-bellezza-e-salute\/\" target=\"_blank\" rel=\"noopener\">cibi leggeri ma nutrienti<\/a>, per non perdere ulteriori energie a causa di un\u2019alimentazione troppo scarsa. Fare un po\u2019 di <a href=\"https:\/\/erboristeriasalute.com\/news\/quanta-attivita-fisica-hai-fatto-questa-settimana\/\" target=\"_blank\" rel=\"noopener\">attivit\u00e0 fisica<\/a>, ad esempio una passeggiata, molto presto al mattino oppure dopo il tramonto, evitando la parte centrale della giornata.<\/p><p>E poi non lasciarsi condizionare da quelli che dicono che \u201c\u00e8 estate, c\u2019\u00e8 il sole, dovresti uscire di pi\u00f9, essere pi\u00f9 felice!\u201d. <strong>Bando ai sensi di colpa<\/strong>: farsi violenza non serve. Ascoltarsi e rispettarsi s\u00ec.<\/p><p>Se invece il problema \u00e8 il senso di vuoto e di disorientamento \u201cda ferie\u201d, la strategia migliore \u00e8 <strong>organizzarsi per tempo<\/strong>. Sar\u00e0 d\u2019aiuto stendere, con largo anticipo (quando la tristezza non ci ha ancora catturati), una lista di attivit\u00e0 da fare durante il periodo critico dell\u2019estate: gite, concerti, attivit\u00e0 culturali, sport, libri che vorremmo leggere, film da vedere\u2026 Meglio se in compagnia!<\/p><p>Attenzione per\u00f2: prendersi cura di s\u00e9 significa anche <strong>capire quando si ha bisogno di aiuto<\/strong>. Gli esperti raccomandano di contattare un professionista in caso di umore basso che persiste per due settimane o pi\u00f9. E di cercare aiuto immediatamente se ti capita di pensare di farti del male.<\/p>\t\t\t\t\t\t\t\t<\/div>\n\t\t\t\t<\/div>\n\t\t\t\t\t<\/div>\n\t\t<\/div>\n\t\t\t\t\t<\/div>\n\t\t<\/section>\n\t\t\t\t<section class=\"elementor-section elementor-top-section elementor-element elementor-element-14affdc7 elementor-section-boxed elementor-section-height-default elementor-section-height-default\" data-id=\"14affdc7\" data-element_type=\"section\" data-e-type=\"section\">\n\t\t\t\t\t\t<div class=\"elementor-container elementor-column-gap-default\">\n\t\t\t\t\t<div class=\"elementor-column elementor-col-100 elementor-top-column elementor-element elementor-element-53bbdd6f\" data-id=\"53bbdd6f\" data-element_type=\"column\" data-e-type=\"column\">\n\t\t\t<div class=\"elementor-widget-wrap elementor-element-populated\">\n\t\t\t\t\t\t<section class=\"elementor-section elementor-inner-section elementor-element elementor-element-4f146b0d elementor-section-boxed elementor-section-height-default elementor-section-height-default\" data-id=\"4f146b0d\" data-element_type=\"section\" data-e-type=\"section\">\n\t\t\t\t\t\t<div class=\"elementor-container elementor-column-gap-default\">\n\t\t\t\t\t<div class=\"elementor-column elementor-col-100 elementor-inner-column elementor-element elementor-element-37791d0c\" data-id=\"37791d0c\" data-element_type=\"column\" data-e-type=\"column\">\n\t\t\t<div class=\"elementor-widget-wrap elementor-element-populated\">\n\t\t\t\t\t\t<div class=\"elementor-element elementor-element-2af7bf22 elementor-widget elementor-widget-text-editor\" data-id=\"2af7bf22\" data-element_type=\"widget\" data-e-type=\"widget\" data-widget_type=\"text-editor.default\">\n\t\t\t\t<div class=\"elementor-widget-container\">\n\t\t\t\t\t\t\t\t\t<h2 style=\"text-align: center;\"><span style=\"color: #333399;\">Ansia? Insonnia?<\/span><\/h2><h2 style=\"text-align: center;\"><span style=\"color: #333399;\">NutraLabs ti propone<br \/><a href=\"https:\/\/www.erboristeriasalute.com\/prodotto\/psyche-notte\/\" target=\"_blank\" rel=\"noopener\">PSYCHE NOTTE<\/a>!<\/span><\/h2>\t\t\t\t\t\t\t\t<\/div>\n\t\t\t\t<\/div>\n\t\t\t\t\t<\/div>\n\t\t<\/div>\n\t\t\t\t\t<\/div>\n\t\t<\/section>\n\t\t\t\t<div class=\"elementor-element elementor-element-55e91c0a elementor-widget elementor-widget-image\" data-id=\"55e91c0a\" data-element_type=\"widget\" data-e-type=\"widget\" data-widget_type=\"image.default\">\n\t\t\t\t<div class=\"elementor-widget-container\">\n\t\t\t\t\t\t\t\t\t\t\t\t\t\t\t\t<a href=\"https:\/\/www.erboristeriasalute.com\/prodotto\/psyche-notte\/\" target=\"_blank\">\n\t\t\t\t\t\t\t<img decoding=\"async\" src=\"https:\/\/erboristeriasalute.com\/news\/wp-content\/uploads\/2020\/09\/dormi-male-psyche-notte.jpg\" title=\"\" alt=\"\" loading=\"lazy\" \/>\t\t\t\t\t\t\t\t<\/a>\n\t\t\t\t\t\t\t\t\t\t\t\t\t\t\t<\/div>\n\t\t\t\t<\/div>\n\t\t\t\t<div class=\"elementor-element elementor-element-5b67b6ee elementor-widget elementor-widget-text-editor\" data-id=\"5b67b6ee\" data-element_type=\"widget\" data-e-type=\"widget\" data-widget_type=\"text-editor.default\">\n\t\t\t\t<div class=\"elementor-widget-container\">\n\t\t\t\t\t\t\t\t\t<p><b><a href=\"https:\/\/www.erboristeriasalute.com\/prodotto\/psyche-notte\/\" target=\"_blank\" rel=\"noopener\">PSYCHE NOTTE<\/a>\u00a0<\/b>\u00e8 l&#8217;integratore a base di Valeriana e Melissa, da sempre utilizzate per conseguire uno stato di rilassamento.<\/p><p>Il noto effetto calmante della\u00a0<strong>Valeriana<\/strong>, unito al benefico effetto della\u00a0<strong>Melissa<\/strong>\u00a0sui nervi e lo spirito, rende\u00a0<a href=\"https:\/\/www.erboristeriasalute.com\/prodotto\/psyche-notte\/\" target=\"_blank\" rel=\"noopener\"><strong>PSYCHE NOTTE<\/strong><\/a>\u00a0un valido alleato per il sistema nervoso e il buon sonno.<\/p><p><strong>Compresse FAST, a rilascio rapido!<\/strong><\/p><p><strong>Come assumere <a href=\"https:\/\/www.erboristeriasalute.com\/prodotto\/psyche-notte\/\" target=\"_blank\" rel=\"noopener\">PSYCHE NOTTE<\/a>:<\/strong><\/p><ul><li>in caso di difficolt\u00e0 ad addormentarsi, sonno disturbato o frequenti risvegli, si consigliano 2-3 compresse un&#8217;ora prima di coricarsi<\/li><li>in caso di disturbi d&#8217;ansia, si possono assumere 3 compresse distribuite nel corso della giornata: una al mattino, una al pomeriggio e una alla sera.<\/li><\/ul><p>Cosa aspetti?<br \/><strong>Acquista <a href=\"https:\/\/www.erboristeriasalute.com\/prodotto\/psyche-notte\/\" target=\"_blank\" rel=\"noopener\">PSYCHE NOTTE<\/a>, esclusivamente nel nostro shop online, a un PREZZO ECCEZIONALE!<\/strong><\/p>\t\t\t\t\t\t\t\t<\/div>\n\t\t\t\t<\/div>\n\t\t\t\t\t<\/div>\n\t\t<\/div>\n\t\t\t\t\t<\/div>\n\t\t<\/section>\n\t\t\t\t<section class=\"elementor-section elementor-top-section elementor-element elementor-element-30051900 elementor-section-boxed elementor-section-height-default elementor-section-height-default\" data-id=\"30051900\" data-element_type=\"section\" data-e-type=\"section\">\n\t\t\t\t\t\t<div class=\"elementor-container elementor-column-gap-default\">\n\t\t\t\t\t<div class=\"elementor-column elementor-col-100 elementor-top-column elementor-element elementor-element-361c02db\" data-id=\"361c02db\" data-element_type=\"column\" data-e-type=\"column\">\n\t\t\t<div class=\"elementor-widget-wrap elementor-element-populated\">\n\t\t\t\t\t\t<div class=\"elementor-element elementor-element-342a3ccf elementor-widget elementor-widget-text-editor\" data-id=\"342a3ccf\" data-element_type=\"widget\" data-e-type=\"widget\" data-widget_type=\"text-editor.default\">\n\t\t\t\t<div class=\"elementor-widget-container\">\n\t\t\t\t\t\t\t\t\t<p><span style=\"color: #0000ff;\"><strong><em>Ti \u00e8 piaciuto questo articolo? Allora fallo leggere anche ai tuoi amici!<br \/>Condividilo sui social e metti un \u201cmi piace\u201d al nostro profilo!<\/em><\/strong><\/span><\/p>\t\t\t\t\t\t\t\t<\/div>\n\t\t\t\t<\/div>\n\t\t\t\t\t<\/div>\n\t\t<\/div>\n\t\t\t\t\t<\/div>\n\t\t<\/section>\n\t\t\t\t<\/div>\n\t\t","protected":false},"excerpt":{"rendered":"<p>Se quando arriva l\u2019estate, e tutti sembrano pieni di allegria e vitalit\u00e0, tu invece ti senti spossato, triste e senza energie, potresti soffrire di depressione estiva. Vediamo in questo articolo di cosa si tratta e<\/p>\n","protected":false},"author":3,"featured_media":7126,"comment_status":"open","ping_status":"closed","sticky":false,"template":"","format":"standard","meta":{"footnotes":""},"categories":[46],"tags":[214,178],"class_list":["post-7124","post","type-post","status-publish","format-standard","has-post-thumbnail","hentry","category-psicologia","tag-depressione","tag-estate"],"_links":{"self":[{"href":"https:\/\/www.erboristeriasalute.com\/news\/wp-json\/wp\/v2\/posts\/7124","targetHints":{"allow":["GET"]}}],"collection":[{"href":"https:\/\/www.erboristeriasalute.com\/news\/wp-json\/wp\/v2\/posts"}],"about":[{"href":"https:\/\/www.erboristeriasalute.com\/news\/wp-json\/wp\/v2\/types\/post"}],"author":[{"embeddable":true,"href":"https:\/\/www.erboristeriasalute.com\/news\/wp-json\/wp\/v2\/users\/3"}],"replies":[{"embeddable":true,"href":"https:\/\/www.erboristeriasalute.com\/news\/wp-json\/wp\/v2\/comments?post=7124"}],"version-history":[{"count":0,"href":"https:\/\/www.erboristeriasalute.com\/news\/wp-json\/wp\/v2\/posts\/7124\/revisions"}],"wp:featuredmedia":[{"embeddable":true,"href":"https:\/\/www.erboristeriasalute.com\/news\/wp-json\/wp\/v2\/media\/7126"}],"wp:attachment":[{"href":"https:\/\/www.erboristeriasalute.com\/news\/wp-json\/wp\/v2\/media?parent=7124"}],"wp:term":[{"taxonomy":"category","embeddable":true,"href":"https:\/\/www.erboristeriasalute.com\/news\/wp-json\/wp\/v2\/categories?post=7124"},{"taxonomy":"post_tag","embeddable":true,"href":"https:\/\/www.erboristeriasalute.com\/news\/wp-json\/wp\/v2\/tags?post=7124"}],"curies":[{"name":"wp","href":"https:\/\/api.w.org\/{rel}","templated":true}]}}