{"id":7758,"date":"2023-06-26T15:22:13","date_gmt":"2023-06-26T13:22:13","guid":{"rendered":"https:\/\/www.erboristeriasalute.com\/news\/?p=7758"},"modified":"2023-06-27T09:59:42","modified_gmt":"2023-06-27T07:59:42","slug":"mal-di-testa-cause-insospettabili","status":"publish","type":"post","link":"https:\/\/www.erboristeriasalute.com\/news\/mal-di-testa-cause-insospettabili\/","title":{"rendered":"MAL DI TESTA, LE CAUSE INSOSPETTABILI"},"content":{"rendered":"\t\t<div data-elementor-type=\"wp-post\" data-elementor-id=\"7758\" class=\"elementor elementor-7758\">\n\t\t\t\t\t\t<section class=\"elementor-section elementor-top-section elementor-element elementor-element-d15b73f elementor-section-boxed elementor-section-height-default elementor-section-height-default\" data-id=\"d15b73f\" data-element_type=\"section\" data-e-type=\"section\">\n\t\t\t\t\t\t<div class=\"elementor-container elementor-column-gap-default\">\n\t\t\t\t\t<div class=\"elementor-column elementor-col-100 elementor-top-column elementor-element elementor-element-df2aa57\" data-id=\"df2aa57\" data-element_type=\"column\" data-e-type=\"column\">\n\t\t\t<div class=\"elementor-widget-wrap elementor-element-populated\">\n\t\t\t\t\t\t<div class=\"elementor-element elementor-element-d74edcc elementor-widget elementor-widget-text-editor\" data-id=\"d74edcc\" data-element_type=\"widget\" data-e-type=\"widget\" data-widget_type=\"text-editor.default\">\n\t\t\t\t<div class=\"elementor-widget-container\">\n\t\t\t\t\t\t\t\t\t<p><em>Il mal di testa figura tra i sintomi di moltissime problematiche di salute, alcune ben note, altre un po\u2019 meno. Vediamo quali sono le cause di mal di testa meno conosciute, ma che possiamo incontrare comunemente.<\/em><\/p><p>Il mal di testa <strong>pu\u00f2 essere il sintomo (o pi\u00f9 spesso uno dei sintomi) di moltissime diverse patologie o condizioni di salute<\/strong>. In alcuni casi \u00e8 evidente che \u00e8 solo una delle manifestazioni di una condizione gi\u00e0 nota; o, se la patologia non fosse ancora riconosciuta, probabilmente non sar\u00e0 il mal di testa il sintomo che porter\u00e0 alla sua diagnosi. Ad esempio possono causare mal di testa un colpo di frusta, un trauma cranico, un\u2019emorragia cerebrale, un tumore al cervello, una meningite, un <a href=\"https:\/\/www.erboristeriasalute.com\/news\/tia-sai-di-cosa-si-tratta\/\" target=\"_blank\" rel=\"noopener\">attacco ischemico transitorio<\/a> o un ictus vero e proprio, oppure un attacco epilettico.<\/p><p>Ma il mal di testa pu\u00f2 presentarsi anche in <strong>alcune situazioni, relativamente comuni, in cui forse non ce lo aspetteremmo<\/strong>. In questo caso saperlo pu\u00f2 aiutarci a riconoscere la problematica sottostante, oppure pu\u00f2 tranquillizzarci riguardo alla causa del mal di testa stesso.<\/p><p><strong>Ecco allora alcune delle pi\u00f9 comuni, ma meno note, cause di mal di testa<\/strong>.<\/p><h4>Ipotiroidismo<\/h4><p>Pochi lo sanno, eppure ben <strong>un terzo delle persone con <a href=\"https:\/\/www.erboristeriasalute.com\/news\/ipotiroidismo-non-solo-farmaci\/\" target=\"_blank\" rel=\"noopener\">ipotiroidismo<\/a> soffrono di mal di testa<\/strong> causato proprio dalla condizione della tiroide. Anche se i medici non hanno ancora capito in che modo l\u2019alterazione degli ormoni tiroidei causi mal di testa, di fatto il dolore scompare quando, grazie alle terapie, gli ormoni si normalizzano.<\/p><p>Il mal di testa pu\u00f2 presentarsi anche in una fase molto iniziale, detta <strong>subclinica<\/strong>, dell\u2019ipotiroidismo, quando solo l\u2019ormone TSH risulta aumentato ma gli ormoni tiroidei veri e propri (T3 e T4) sono ancora normali.<\/p><p>Altri sintomi che possono suggerire la presenza di ipotiroidismo sono:<\/p><ul><li>spossatezza<\/li><li>estrema sensibilit\u00e0 al freddo<\/li><li>stitichezza<\/li><li>irregolarit\u00e0 mestruali<\/li><li>pelle secca e pallida, capelli fragili e sottili<\/li><li>depressione<\/li><li>aumento di peso.<\/li><\/ul><h4>Apnee notturne<\/h4><p>Se ti svegli spesso con un fastidioso mal di testa, oltre che stanco anche se hai passato a letto otto ore, potresti soffrire di <strong>apnea ostruttiva del sonno<\/strong>. Una problematica che, in caso di sospetto, va indagata perch\u00e9 pu\u00f2 provocare problemi anche gravi, aumentando il <a href=\"https:\/\/www.erboristeriasalute.com\/news\/rischio-cardiovascolare\/\" target=\"_blank\" rel=\"noopener\">rischio di sviluppare malattie cardiovascolari<\/a>.<\/p><p>L\u2019apnea notturna \u00e8 caratterizzata da ripetute interruzioni del respiro durante il sonno dovute a ostruzione delle vie aeree; lo stesso tipo di ostruzione che provoca anche <a href=\"https:\/\/www.erboristeriasalute.com\/news\/russare-in-menopausa\/\" target=\"_blank\" rel=\"noopener\"><strong>russamento<\/strong><\/a>. La conseguenza \u00e8 una <strong>scarsa ossigenazione del cervello<\/strong>, che provocherebbe appunto la cefalea mattutina.<\/p>\t\t\t\t\t\t\t\t<\/div>\n\t\t\t\t<\/div>\n\t\t\t\t\t<\/div>\n\t\t<\/div>\n\t\t\t\t\t<\/div>\n\t\t<\/section>\n\t\t\t\t<section class=\"elementor-section elementor-top-section elementor-element elementor-element-2f034ba elementor-section-boxed elementor-section-height-default elementor-section-height-default\" data-id=\"2f034ba\" data-element_type=\"section\" data-e-type=\"section\">\n\t\t\t\t\t\t<div class=\"elementor-container elementor-column-gap-default\">\n\t\t\t\t\t<div class=\"elementor-column elementor-col-100 elementor-top-column elementor-element elementor-element-1bffe95\" data-id=\"1bffe95\" data-element_type=\"column\" data-e-type=\"column\">\n\t\t\t<div class=\"elementor-widget-wrap elementor-element-populated\">\n\t\t\t\t\t\t<div class=\"elementor-element elementor-element-9eb8b6a elementor-widget elementor-widget-image\" data-id=\"9eb8b6a\" data-element_type=\"widget\" data-e-type=\"widget\" data-widget_type=\"image.default\">\n\t\t\t\t<div class=\"elementor-widget-container\">\n\t\t\t\t\t\t\t\t\t\t\t\t\t\t\t<img fetchpriority=\"high\" decoding=\"async\" width=\"750\" height=\"450\" src=\"https:\/\/www.erboristeriasalute.com\/news\/wp-content\/uploads\/2023\/06\/mal-di-testa-cause.jpg\" class=\"attachment-large size-large wp-image-7764\" alt=\"mal di testa cause\" srcset=\"https:\/\/www.erboristeriasalute.com\/news\/wp-content\/uploads\/2023\/06\/mal-di-testa-cause.jpg 750w, https:\/\/www.erboristeriasalute.com\/news\/wp-content\/uploads\/2023\/06\/mal-di-testa-cause-300x180.jpg 300w\" sizes=\"(max-width: 750px) 100vw, 750px\" \/>\t\t\t\t\t\t\t\t\t\t\t\t\t\t\t<\/div>\n\t\t\t\t<\/div>\n\t\t\t\t\t<\/div>\n\t\t<\/div>\n\t\t\t\t\t<\/div>\n\t\t<\/section>\n\t\t\t\t<section class=\"elementor-section elementor-top-section elementor-element elementor-element-340fca0 elementor-section-boxed elementor-section-height-default elementor-section-height-default\" data-id=\"340fca0\" data-element_type=\"section\" data-e-type=\"section\">\n\t\t\t\t\t\t<div class=\"elementor-container elementor-column-gap-default\">\n\t\t\t\t\t<div class=\"elementor-column elementor-col-100 elementor-top-column elementor-element elementor-element-c666df1\" data-id=\"c666df1\" data-element_type=\"column\" data-e-type=\"column\">\n\t\t\t<div class=\"elementor-widget-wrap elementor-element-populated\">\n\t\t\t\t\t\t<div class=\"elementor-element elementor-element-34e345c elementor-widget elementor-widget-text-editor\" data-id=\"34e345c\" data-element_type=\"widget\" data-e-type=\"widget\" data-widget_type=\"text-editor.default\">\n\t\t\t\t<div class=\"elementor-widget-container\">\n\t\t\t\t\t\t\t\t\t<h4>Difetti della visione<\/h4><p>Miopia, presbiopia, astigmatismo, ipermetropia e strabismo (anche latente), se non corretti, causano un <strong>affaticamento degli occhi<\/strong> che pu\u00f2 evolvere in mal di testa. In questo caso il dolore si sviluppa di solito dopo aver passato molto tempo a leggere, studiare o lavorare al computer. Soprattutto nei bambini il mal di testa pu\u00f2 essere proprio il sintomo che porta a scoprire il difetto visivo.<\/p><h4>Pre-eclampsia<\/h4><p>La <a href=\"https:\/\/www.erboristeriasalute.com\/news\/vitamina-c-in-gravidanza\/\" target=\"_blank\" rel=\"noopener\">pre-eclampsia<\/a>, o gestosi, \u00e8 una <strong>patologia della<\/strong> <strong>gravidanza<\/strong> caratterizzata da un aumento della pressione sanguigna e dalla presenza di proteine nell\u2019urina. Va tenuta attentamente sotto controllo perch\u00e9, se non riconosciuta e curata, pu\u00f2 causare gravi danni sia alla madre che al bambino.<\/p><p>Di norma viene diagnosticata in occasione degli esami di routine (analisi delle urine e misurazione della pressione), ma la comparsa di alcuni <strong>sintomi<\/strong>, specie dopo la 20esima settimana di gestazione, dovrebbe mettere in allarme: <strong>nausea<\/strong>, <strong>offuscamento della vista<\/strong>, <strong>gonfiori diffusi<\/strong> e, per l\u2019appunto, <strong>mal di testa<\/strong>.<\/p><h4>Mal di montagna<\/h4><p>Tra le cause di mal di testa figura anche il cosiddetto mal di montagna, che si verifica per <strong>carenza di ossigeno<\/strong> quando ci si trova ad altitudini elevate. Oltre alla cefalea, altri sintomi comuni sono affaticamento, nausea e vomito.<\/p><h4>Viaggi aerei<\/h4><p>Capita a molte persone di soffrire di mal di testa durante i viaggi aerei. Il dolore si sviluppa pi\u00f9 frequentemente <strong>durante il decollo o l\u2019atterraggio<\/strong>, a causa \u2013 si pensa \u2013 delle brusche variazioni di pressione in cabina. Per le persone che hanno paura di volare possono poi essere <strong>l\u2019ansia e lo <a href=\"https:\/\/www.erboristeriasalute.com\/news\/effetti-dello-stress-sul-corpo\/\" target=\"_blank\" rel=\"noopener\">stress<\/a><\/strong>\u00a0a scatenare un mal di testa.<\/p><h4>Disordini temporo-mandibolari<\/h4><p>L\u2019<strong>articolazione della mandibola <\/strong>pu\u00f2 essere colpita da diverse problematiche, tra cui ipermobilit\u00e0, spostamento del disco articolare, artrosi. Questi possono causare rumori durante i movimenti della mandibola, difficolt\u00e0 o dolore quando si cerca di aprire del tutto la bocca, dolore al volto e alla testa.<\/p><h4>Bruxismo<\/h4><p>Tra le cause del mal di testa c\u2019\u00e8 anche il bruxismo, ossia l\u2019<strong>involontario stringere e digrignare i denti<\/strong>. Spesso questo disturbo si manifesta durante la notte, e pu\u00f2 provocare usura e sensibilit\u00e0 dei denti oltre che dolori alla testa, al volto o alle orecchie.<\/p><h4>Glutammato monosodico<\/h4><p>Il glutammato monosodico \u00e8 una sostanza <strong>presente naturalmente in moltissimi alimenti<\/strong>, dal formaggio Parmigiano Reggiano ai piselli, pomodori, patate e spinaci, e anche ampiamente utilizzato come <strong>additivo alimentare<\/strong> (con sigla E621) perch\u00e9 ha la particolare propriet\u00e0 di esaltare il gusto degli altri ingredienti a cui \u00e8 abbinato (\u201cesaltatore di sapidit\u00e0\u201d).<\/p><p>\u00c8 anche ben dimostrato che, in alcune persone, l\u2019ingestione di glutammato monosodico provoca mal di testa. Questo pu\u00f2 essere associato a capogiri, fastidi addominali, arrossamento o sensazione di calore\/bruciore al viso, collo, spalle e petto.<\/p>\t\t\t\t\t\t\t\t<\/div>\n\t\t\t\t<\/div>\n\t\t\t\t\t<\/div>\n\t\t<\/div>\n\t\t\t\t\t<\/div>\n\t\t<\/section>\n\t\t\t\t<section class=\"elementor-section elementor-top-section elementor-element elementor-element-5e02ccb elementor-section-boxed elementor-section-height-default elementor-section-height-default\" data-id=\"5e02ccb\" data-element_type=\"section\" data-e-type=\"section\">\n\t\t\t\t\t\t<div class=\"elementor-container elementor-column-gap-default\">\n\t\t\t\t\t<div class=\"elementor-column elementor-col-100 elementor-top-column elementor-element elementor-element-563860b\" data-id=\"563860b\" data-element_type=\"column\" data-e-type=\"column\">\n\t\t\t<div class=\"elementor-widget-wrap elementor-element-populated\">\n\t\t\t\t\t\t<div class=\"elementor-element elementor-element-4f4f03c elementor-widget elementor-widget-text-editor\" data-id=\"4f4f03c\" data-element_type=\"widget\" data-e-type=\"widget\" data-widget_type=\"text-editor.default\">\n\t\t\t\t<div class=\"elementor-widget-container\">\n\t\t\t\t\t\t\t\t\t<h4>Il mal di testa primario<\/h4><p>Oltre a questi ed altri esempi in cui il mal di testa \u00e8 semplicemente il sintomo di un\u2019altra malattia o situazione, ci sono molti casi in cui <strong>dietro a questa problematica non ci sono altre patologie<\/strong>. Si parla in questi casi di mal di testa primario: i due esempi pi\u00f9 comuni sono la <strong>cefalea tensiva<\/strong> e l\u2019<strong>emicrania<\/strong>.<\/p><p>Se soffri di cefalea tensiva oppure di emicrania, <strong>pu\u00f2 esserti di aiuto un\u2019integrazione di <a href=\"https:\/\/www.erboristeriasalute.com\/news\/funzioni-del-magnesio\/\" target=\"_blank\" rel=\"noopener\">magnesio<\/a><\/strong>. Questo minerale infatti \u00e8 in grado di influenzare diversi fattori implicati nella comparsa del mal di testa, dal controllo dello stress e delle tensioni muscolari, all\u2019equilibrio dei neurotrasmettitori e alla microcircolazione locale.<\/p>\t\t\t\t\t\t\t\t<\/div>\n\t\t\t\t<\/div>\n\t\t\t\t\t<\/div>\n\t\t<\/div>\n\t\t\t\t\t<\/div>\n\t\t<\/section>\n\t\t\t\t<section class=\"elementor-section elementor-top-section elementor-element elementor-element-22cc8117 elementor-section-boxed elementor-section-height-default elementor-section-height-default\" data-id=\"22cc8117\" data-element_type=\"section\" data-e-type=\"section\">\n\t\t\t\t\t\t<div class=\"elementor-container elementor-column-gap-default\">\n\t\t\t\t\t<div class=\"elementor-column elementor-col-100 elementor-top-column elementor-element elementor-element-717eaa9d\" data-id=\"717eaa9d\" data-element_type=\"column\" data-e-type=\"column\">\n\t\t\t<div class=\"elementor-widget-wrap elementor-element-populated\">\n\t\t\t\t\t\t<section class=\"elementor-section elementor-inner-section elementor-element elementor-element-70327369 elementor-section-boxed elementor-section-height-default elementor-section-height-default\" data-id=\"70327369\" data-element_type=\"section\" data-e-type=\"section\">\n\t\t\t\t\t\t<div class=\"elementor-container elementor-column-gap-default\">\n\t\t\t\t\t<div class=\"elementor-column elementor-col-100 elementor-inner-column elementor-element elementor-element-6d5ca89c\" data-id=\"6d5ca89c\" data-element_type=\"column\" data-e-type=\"column\">\n\t\t\t<div class=\"elementor-widget-wrap elementor-element-populated\">\n\t\t\t\t\t\t<div class=\"elementor-element elementor-element-1f221dde elementor-widget elementor-widget-text-editor\" data-id=\"1f221dde\" data-element_type=\"widget\" data-e-type=\"widget\" data-widget_type=\"text-editor.default\">\n\t\t\t\t<div class=\"elementor-widget-container\">\n\t\t\t\t\t\t\t\t\t<h2 style=\"text-align: center;\"><span style=\"color: #333399;\">Stai cercando il Magnesio che fa per te?<\/span><\/h2><h2 style=\"text-align: center;\"><span style=\"color: #333399;\">NutraLabs ti propone <a href=\"https:\/\/www.erboristeriasalute.com\/prodotto\/magnesio-nutribilanciato\/\" target=\"_blank\" rel=\"noopener\">MAGNESIO NUTRIBILANCIATO<\/a>!<\/span><\/h2>\t\t\t\t\t\t\t\t<\/div>\n\t\t\t\t<\/div>\n\t\t\t\t\t<\/div>\n\t\t<\/div>\n\t\t\t\t\t<\/div>\n\t\t<\/section>\n\t\t\t\t<div class=\"elementor-element elementor-element-788d7ec5 elementor-widget elementor-widget-image\" data-id=\"788d7ec5\" data-element_type=\"widget\" data-e-type=\"widget\" data-widget_type=\"image.default\">\n\t\t\t\t<div class=\"elementor-widget-container\">\n\t\t\t\t\t\t\t\t\t\t\t\t\t\t\t\t<a href=\"https:\/\/www.erboristeriasalute.com\/prodotto\/magnesio-nutribilanciato\/\" target=\"_blank\">\n\t\t\t\t\t\t\t<img decoding=\"async\" src=\"https:\/\/www.erboristeriasalute.com\/news\/wp-content\/uploads\/elementor\/thumbs\/Magnesio-Nutribilanciato-pds3i4zuyx83aogqkym7cdp2k5r5vhl3z6ioyse4rq.jpg\" title=\"Magnesio Nutribilanciato NutraLabs\" alt=\"Magnesio Nutribilanciato NutraLabs\" loading=\"lazy\" \/>\t\t\t\t\t\t\t\t<\/a>\n\t\t\t\t\t\t\t\t\t\t\t\t\t\t\t<\/div>\n\t\t\t\t<\/div>\n\t\t\t\t<div class=\"elementor-element elementor-element-3081c3c0 elementor-widget elementor-widget-text-editor\" data-id=\"3081c3c0\" data-element_type=\"widget\" data-e-type=\"widget\" data-widget_type=\"text-editor.default\">\n\t\t\t\t<div class=\"elementor-widget-container\">\n\t\t\t\t\t\t\t\t\t<p><strong>Gli integratori di Magnesio non sono tutti uguali.<\/strong><\/p><p><a href=\"https:\/\/www.erboristeriasalute.com\/prodotto\/magnesio-nutribilanciato\/\" target=\"_blank\" rel=\"noopener\"><strong>MAGNESIO NUTRIBILANCIATO<\/strong><\/a> contiene <strong>4 diverse fonti di Magnesio<\/strong>: CITRATO, PIDOLATO, GLUCONATO e BISGLICINATO. <strong>Tutti organici, tutti ad elevata biodisponibilit\u00e0, ma con diverse specificit\u00e0.<\/strong><\/p><p>La sua <strong>formulazione equilibrata<\/strong> conferisce a <a href=\"https:\/\/www.erboristeriasalute.com\/prodotto\/magnesio-nutribilanciato\/\" target=\"_blank\" rel=\"noopener\"><strong>MAGNESIO NUTRIBILANCIATO<\/strong><\/a> la massima efficacia in caso di:<\/p><ul><li>spossatezza, stanchezza fisica o mentale<\/li><li>tensione muscolare, crampi<\/li><li>dolori mestruali<\/li><li>mal di testa<\/li><li>nervosismo, sbalzi d&#8217;umore, insonnia<\/li><li>sindrome premestruale.<\/li><\/ul><p>Cosa aspetti?<br \/><strong>Acquista <a href=\"https:\/\/www.erboristeriasalute.com\/prodotto\/magnesio-nutribilanciato\/\" target=\"_blank\" rel=\"noopener\">MAGNESIO NUTRIBILANCIATO<\/a>,\u00a0 nel nostro shop online, a un PREZZO ECCEZIONALE!<\/strong><\/p>\t\t\t\t\t\t\t\t<\/div>\n\t\t\t\t<\/div>\n\t\t\t\t\t<\/div>\n\t\t<\/div>\n\t\t\t\t\t<\/div>\n\t\t<\/section>\n\t\t\t\t<section class=\"elementor-section elementor-top-section elementor-element elementor-element-362eedc4 elementor-section-boxed elementor-section-height-default elementor-section-height-default\" data-id=\"362eedc4\" data-element_type=\"section\" data-e-type=\"section\">\n\t\t\t\t\t\t<div class=\"elementor-container elementor-column-gap-default\">\n\t\t\t\t\t<div class=\"elementor-column elementor-col-100 elementor-top-column elementor-element elementor-element-7b77bc5c\" data-id=\"7b77bc5c\" data-element_type=\"column\" data-e-type=\"column\">\n\t\t\t<div class=\"elementor-widget-wrap elementor-element-populated\">\n\t\t\t\t\t\t<div class=\"elementor-element elementor-element-1069bd0 elementor-widget elementor-widget-text-editor\" data-id=\"1069bd0\" data-element_type=\"widget\" data-e-type=\"widget\" data-widget_type=\"text-editor.default\">\n\t\t\t\t<div class=\"elementor-widget-container\">\n\t\t\t\t\t\t\t\t\t<p><span style=\"color: #0000ff;\"><strong><em>Ti \u00e8 piaciuto questo articolo? Allora fallo leggere anche ai tuoi amici!<br \/>Condividilo sui social e metti un \u201cmi piace\u201d al nostro profilo!<\/em><\/strong><\/span><\/p>\t\t\t\t\t\t\t\t<\/div>\n\t\t\t\t<\/div>\n\t\t\t\t\t<\/div>\n\t\t<\/div>\n\t\t\t\t\t<\/div>\n\t\t<\/section>\n\t\t\t\t<\/div>\n\t\t","protected":false},"excerpt":{"rendered":"<p>Il mal di testa figura tra i sintomi di moltissime problematiche di salute, alcune ben note, altre un po\u2019 meno. Vediamo quali sono le cause di mal di testa meno conosciute, ma che possiamo incontrare<\/p>\n","protected":false},"author":3,"featured_media":7764,"comment_status":"open","ping_status":"closed","sticky":false,"template":"","format":"standard","meta":{"footnotes":""},"categories":[1],"tags":[248,450,247],"class_list":["post-7758","post","type-post","status-publish","format-standard","has-post-thumbnail","hentry","category-salute","tag-cefalea","tag-magnesio-nutribilanciato","tag-mal-di-testa"],"_links":{"self":[{"href":"https:\/\/www.erboristeriasalute.com\/news\/wp-json\/wp\/v2\/posts\/7758","targetHints":{"allow":["GET"]}}],"collection":[{"href":"https:\/\/www.erboristeriasalute.com\/news\/wp-json\/wp\/v2\/posts"}],"about":[{"href":"https:\/\/www.erboristeriasalute.com\/news\/wp-json\/wp\/v2\/types\/post"}],"author":[{"embeddable":true,"href":"https:\/\/www.erboristeriasalute.com\/news\/wp-json\/wp\/v2\/users\/3"}],"replies":[{"embeddable":true,"href":"https:\/\/www.erboristeriasalute.com\/news\/wp-json\/wp\/v2\/comments?post=7758"}],"version-history":[{"count":0,"href":"https:\/\/www.erboristeriasalute.com\/news\/wp-json\/wp\/v2\/posts\/7758\/revisions"}],"wp:featuredmedia":[{"embeddable":true,"href":"https:\/\/www.erboristeriasalute.com\/news\/wp-json\/wp\/v2\/media\/7764"}],"wp:attachment":[{"href":"https:\/\/www.erboristeriasalute.com\/news\/wp-json\/wp\/v2\/media?parent=7758"}],"wp:term":[{"taxonomy":"category","embeddable":true,"href":"https:\/\/www.erboristeriasalute.com\/news\/wp-json\/wp\/v2\/categories?post=7758"},{"taxonomy":"post_tag","embeddable":true,"href":"https:\/\/www.erboristeriasalute.com\/news\/wp-json\/wp\/v2\/tags?post=7758"}],"curies":[{"name":"wp","href":"https:\/\/api.w.org\/{rel}","templated":true}]}}