{"id":7841,"date":"2023-07-21T09:30:38","date_gmt":"2023-07-21T07:30:38","guid":{"rendered":"https:\/\/www.erboristeriasalute.com\/news\/?p=7841"},"modified":"2025-10-02T10:07:17","modified_gmt":"2025-10-02T08:07:17","slug":"emicrania-riconoscerla-e-affrontarla","status":"publish","type":"post","link":"https:\/\/www.erboristeriasalute.com\/news\/emicrania-riconoscerla-e-affrontarla\/","title":{"rendered":"EMICRANIA, RICONOSCERLA E AFFRONTARLA"},"content":{"rendered":"\t\t<div data-elementor-type=\"wp-post\" data-elementor-id=\"7841\" class=\"elementor elementor-7841\">\n\t\t\t\t\t\t<section class=\"elementor-section elementor-top-section elementor-element elementor-element-1a7a157 elementor-section-boxed elementor-section-height-default elementor-section-height-default\" data-id=\"1a7a157\" data-element_type=\"section\" data-e-type=\"section\">\n\t\t\t\t\t\t<div class=\"elementor-container elementor-column-gap-default\">\n\t\t\t\t\t<div class=\"elementor-column elementor-col-100 elementor-top-column elementor-element elementor-element-89f6e12\" data-id=\"89f6e12\" data-element_type=\"column\" data-e-type=\"column\">\n\t\t\t<div class=\"elementor-widget-wrap elementor-element-populated\">\n\t\t\t\t\t\t<div class=\"elementor-element elementor-element-a7a6ea9 elementor-widget elementor-widget-text-editor\" data-id=\"a7a6ea9\" data-element_type=\"widget\" data-e-type=\"widget\" data-widget_type=\"text-editor.default\">\n\t\t\t\t<div class=\"elementor-widget-container\">\n\t\t\t\t\t\t\t\t\t<p>L\u2019emicrania \u00e8 un <strong>disturbo invalidante<\/strong> che influisce moltissimo sulla qualit\u00e0 di vita di chi ne soffre, specie se gli episodi sono frequenti. Si tratta del secondo tipo di mal di testa pi\u00f9 comune, dopo la <a href=\"https:\/\/www.erboristeriasalute.com\/news\/cefalea-tensiva\/\" target=\"_blank\" rel=\"noopener\">cefalea tensiva<\/a>: si calcola che nel mondo ne soffrano il 6% degli uomini e il 18% delle donne.<\/p><p>S\u00ec, <strong>le donne ne sono colpite ben tre volte pi\u00f9 degli uomini<\/strong>! Questo sembra legato al ruolo degli <strong>ormoni estrogeni<\/strong>, le cui fluttuazioni sono in grado, nelle persone predisposte, di scatenare l\u2019emicrania. Nel sesso femminile, infatti, gli attacchi si verificano spesso durante o poco prima delle mestruazioni, quando c\u2019\u00e8 una brusca variazione ormonale. Possono intensificarsi in <a href=\"https:\/\/www.erboristeriasalute.com\/news\/perimenopausa-sintomi\/\" target=\"_blank\" rel=\"noopener\">premenopausa<\/a>, periodo in cui gli estrogeni sono soggetti a importanti fluttuazioni, mentre di solito si riducono o scompaiono dopo la menopausa.<\/p><h2>Conoscere l\u2019emicrania<\/h2><p>Capire se soffri di emicrania, e imparare a riconoscere tempestivamente gli attacchi, \u00e8 molto importante per gestire questa patologia nel migliore dei modi.<\/p><p>Un episodio di emicrania consiste di norma di <strong>tre o quattro fasi<\/strong>; il dolore \u00e8 solo una di queste fasi. Eccole tutte:<\/p><p><strong>1- Prodromi<\/strong><\/p><p>Si tratta di alcuni <strong>sintomi premonitori che possono comparire ore o anche giorni prima<\/strong> dell\u2019arrivo del mal di testa. Alcuni di questi sintomi possono essere: sbadigli frequenti, cambi di umore, difficolt\u00e0 a concentrarsi, tensione al collo, spossatezza, sete eccessiva, minzione pi\u00f9 frequente del solito.<\/p><p>Non ci sono dati per affermare che assumere farmaci o adottare specifici comportamenti possa stroncare un attacco di emicrania nella fase prodromica. Quello che puoi fare, non appena avverti i prodromi, \u00e8 mettere in atto tutti quei comportamenti che sai esserti di aiuto: ad esempio tecniche di rilassamento o di respirazione, yoga, attivit\u00e0 fisica.<\/p><p><strong>2- Aura<\/strong><\/p><p>\u00c8 un insieme di sintomi neurologici che <strong>si presenta in circa un caso di emicrania su tre<\/strong>. I sintomi compaiono poco prima o durante la fase dolorosa e comprendono: macchie luminose o scure nel campo visivo, formicolio alle mani che tende a risalire verso le braccia e il capo, difficolt\u00e0 nel parlare. A volte l\u2019aura non \u00e8 seguita dal mal di testa.<\/p><p><strong>3- Mal di testa<\/strong><\/p><p>Il dolore tipico dell\u2019emicrania \u00e8 <strong>intenso e pulsante<\/strong>, di solito localizzato a un solo lato del capo, e aggravato da qualsiasi movimento. Spesso compaiono anche <strong>nausea o vomito<\/strong>, estrema sensibilit\u00e0 alla luce, ai rumori, agli odori o al semplice contatto. In questa fase si \u00e8 costretti a stare a riposo in un ambiente buio e tranquillo, e non \u00e8 possibile svolgere nessuna attivit\u00e0.<\/p><p><strong>Il momento giusto per assumere i farmaci analgesici \u00e8 non appena compare il dolore<\/strong>, anche se \u00e8 ancora leggero. Aspettare significa rischiare che poi il medicinale non sia pi\u00f9 efficace.<\/p><p><strong>4- Postumi<\/strong><\/p><p>Un certo <strong>malessere<\/strong> pu\u00f2 persistere <strong>per ore o giorni dopo il mal di testa<\/strong>. In questa fase i sintomi pi\u00f9 comuni sono stanchezza, sonnolenza, difficolt\u00e0 a concentrarsi e ipersensibilit\u00e0 ai rumori. Pi\u00f9 \u00e8 stato intenso il dolore, pi\u00f9 intensi e prolungati saranno questi disagi.<\/p><p>A volte pu\u00f2 essere difficile distinguere un attacco leggero di emicrania da una cefalea tensiva. In <a href=\"https:\/\/www.erboristeriasalute.com\/news\/emicrania-cefalea-tipi-di-mal-di-testa\/\" target=\"_blank\" rel=\"noopener\">questo articolo<\/a> ti spieghiamo come fare.<\/p><h2>Come nasce l\u2019emicrania<\/h2><p>Si pensa che chi soffre di emicrania abbia un <strong>sistema nervoso particolarmente sensibile<\/strong>: in parte probabilmente su <strong>base genetica<\/strong>, dal momento che spesso questo disturbo si presenta nei membri della stessa famiglia. Ma, come vedremo meglio nel seguito, anche una <strong>carenza di magnesio<\/strong> pu\u00f2 avere un ruolo.<\/p><p>In queste persone i neuroni vengono facilmente stimolati e <strong>nel cervello si produce un\u2019attivit\u00e0 elettrica anomala<\/strong>, che pu\u00f2 temporaneamente alterare diverse funzioni (vista, sensazioni tattili, linguaggio, equilibrio, coordinazione muscolare\u2026), creando i sintomi tipici dell\u2019aura. Quando viene stimolato il <strong>nervo trigemino<\/strong>, che innerva il viso e il capo, le sue terminazioni rilasciano alcune sostanze che causano vasodilatazione, infiammazione e dolore nelle meningi (le membrane che ricoprono il cervello). Ed ecco che compare il mal di testa.<\/p>\t\t\t\t\t\t\t\t<\/div>\n\t\t\t\t<\/div>\n\t\t\t\t\t<\/div>\n\t\t<\/div>\n\t\t\t\t\t<\/div>\n\t\t<\/section>\n\t\t\t\t<section class=\"elementor-section elementor-top-section elementor-element elementor-element-6fdec30 elementor-section-boxed elementor-section-height-default elementor-section-height-default\" data-id=\"6fdec30\" data-element_type=\"section\" data-e-type=\"section\">\n\t\t\t\t\t\t<div class=\"elementor-container elementor-column-gap-default\">\n\t\t\t\t\t<div class=\"elementor-column elementor-col-100 elementor-top-column elementor-element elementor-element-7494f21\" data-id=\"7494f21\" data-element_type=\"column\" data-e-type=\"column\">\n\t\t\t<div class=\"elementor-widget-wrap elementor-element-populated\">\n\t\t\t\t\t\t<div class=\"elementor-element elementor-element-fbcc112 elementor-widget elementor-widget-image\" data-id=\"fbcc112\" data-element_type=\"widget\" data-e-type=\"widget\" data-widget_type=\"image.default\">\n\t\t\t\t<div class=\"elementor-widget-container\">\n\t\t\t\t\t\t\t\t\t\t\t\t\t\t\t<img fetchpriority=\"high\" decoding=\"async\" width=\"750\" height=\"450\" src=\"https:\/\/www.erboristeriasalute.com\/news\/wp-content\/uploads\/2023\/07\/emicrania.jpg\" class=\"attachment-large size-large wp-image-7851\" alt=\"emicrania\" srcset=\"https:\/\/www.erboristeriasalute.com\/news\/wp-content\/uploads\/2023\/07\/emicrania.jpg 750w, https:\/\/www.erboristeriasalute.com\/news\/wp-content\/uploads\/2023\/07\/emicrania-300x180.jpg 300w\" sizes=\"(max-width: 750px) 100vw, 750px\" \/>\t\t\t\t\t\t\t\t\t\t\t\t\t\t\t<\/div>\n\t\t\t\t<\/div>\n\t\t\t\t\t<\/div>\n\t\t<\/div>\n\t\t\t\t\t<\/div>\n\t\t<\/section>\n\t\t\t\t<section class=\"elementor-section elementor-top-section elementor-element elementor-element-d6b209c elementor-section-boxed elementor-section-height-default elementor-section-height-default\" data-id=\"d6b209c\" data-element_type=\"section\" data-e-type=\"section\">\n\t\t\t\t\t\t<div class=\"elementor-container elementor-column-gap-default\">\n\t\t\t\t\t<div class=\"elementor-column elementor-col-100 elementor-top-column elementor-element elementor-element-8eec728\" data-id=\"8eec728\" data-element_type=\"column\" data-e-type=\"column\">\n\t\t\t<div class=\"elementor-widget-wrap elementor-element-populated\">\n\t\t\t\t\t\t<div class=\"elementor-element elementor-element-c7faa82 elementor-widget elementor-widget-text-editor\" data-id=\"c7faa82\" data-element_type=\"widget\" data-e-type=\"widget\" data-widget_type=\"text-editor.default\">\n\t\t\t\t<div class=\"elementor-widget-container\">\n\t\t\t\t\t\t\t\t\t<h2>I \u201ctrigger\u201d<\/h2><p>Ma <strong>quali sono gli stimoli in grado di scatenare un attacco di emicrania?<\/strong><\/p><p>C\u2019\u00e8 naturalmente una variabilit\u00e0 individuale, ma <strong>i pi\u00f9 comuni \u201ctrigger\u201d dell\u2019emicrania<\/strong> sono cinque:<\/p><ul><li>fluttuazioni degli ormoni femminili (nelle donne)<\/li><li>situazioni <a href=\"https:\/\/www.erboristeriasalute.com\/news\/effetti-dello-stress-sul-corpo\/\" target=\"_blank\" rel=\"noopener\">stressanti<\/a><\/li><li>far passare troppo tempo tra un pasto e l\u2019altro o non bere a sufficienza<\/li><li>variazioni del tempo atmosferico<\/li><li>carenza di sonno.<\/li><\/ul><p>Alcuni pensano che anche <strong>l\u2019alcol e certi alimenti<\/strong> possano agire da fattori scatenanti. Tra i possibili cibi incriminati ci sono quelli contenenti glutammato (un insaporitore presente in molti cibi pronti e fast food), nitrati (carne lavorata, affettati), tiramina (formaggi stagionati, soia, fave) e l\u2019aspartame.<\/p><p>Un <strong>eccesso di caffeina<\/strong> aumenta il rischio di emicrania, ma saltare la tazzina di caff\u00e8 quotidiana pu\u00f2 scatenare un mal di testa da astinenza da caffeina.<\/p><p>Infine alcuni sostengono che anche una <strong>eccessiva stimolazione sensoriale<\/strong>, ad esempio con luci intermittenti o odori molto forti, possa scatenare un attacco. Ma potrebbe anche essere che, viceversa, percepire uno stimolo come eccessivo e fastidioso sia uno dei prodromi che segnalano l\u2019arrivo dell\u2019emicrania.<\/p><h2>Trattamenti sintomatici e preventivi<\/h2><p>Non esiste una cura per l\u2019emicrania, ma <strong>\u00e8 possibile gestire questa patologia<\/strong> in modo che influenzi il meno possibile la quotidianit\u00e0. Il corretto approccio \u00e8 fondamentale anche per scongiurare il rischio che, nel tempo, gli attacchi diventino sempre pi\u00f9 frequenti. Questo pu\u00f2 verificarsi sia quando si assumono troppi analgesici, sia quando gli episodi non vengono curati a dovere. I meccanismi del dolore, infatti, quando troppo stimolati possono sensibilizzarsi: il cervello diventa sempre pi\u00f9 sensibile al dolore, di modo che bastano stimoli via via sempre pi\u00f9 leggeri per evocarlo.<\/p><p>La <strong>terapia sintomatica<\/strong> necessaria per trattare gli episodi acuti deve essere discussa con il medico, e pu\u00f2 comporsi di analgesici generici (principalmente antinfiammatori non steroidei; il paracetamolo \u00e8 meno efficace) oppure di farmaci specifici per l\u2019emicrania. \u00c8 importante che trovi il farmaco pi\u00f9 efficace nel tuo caso specifico. Devi poi prestare <strong>attenzione a<\/strong> <strong>non abusarne<\/strong>, perch\u00e9 un utilizzo troppo frequente di medicinali contro l\u2019emicrania pu\u00f2 rendere gli attacchi sempre pi\u00f9 frequenti. Questo significa che <strong>la prevenzione ha necessariamente un ruolo molto importante<\/strong>.<\/p><p>Anche per la prevenzione sono disponibili farmaci specifici, da valutare attentamente perch\u00e9 hanno effetti collaterali non trascurabili. Ma importanti miglioramenti si possono ottenere anche con <strong>approcci non farmacologici<\/strong>. Ecco i pi\u00f9 efficaci.<\/p><h4>Magnesio<\/h4><p>Tra le sue diverse <a href=\"https:\/\/www.erboristeriasalute.com\/news\/funzioni-del-magnesio\/\" target=\"_blank\" rel=\"noopener\">funzioni<\/a>, il magnesio ha anche quella di <strong>regolare l\u2019eccitabilit\u00e0 dei neuroni<\/strong>: una sua carenza rende queste cellule maggiormente eccitabili, il che come abbiamo visto \u00e8 alla base dell\u2019emicrania. Gli studi scientifici sottolineano da un lato che molti soggetti emicranici hanno un apporto inadeguato di magnesio, e dall\u2019altro che <strong>l\u2019integrazione di questo minerale \u00e8 in grado di ridurre la frequenza e l\u2019intensit\u00e0 degli attacchi<\/strong>.<\/p>\t\t\t\t\t\t\t\t<\/div>\n\t\t\t\t<\/div>\n\t\t\t\t\t<\/div>\n\t\t<\/div>\n\t\t\t\t\t<\/div>\n\t\t<\/section>\n\t\t\t\t<section class=\"elementor-section elementor-top-section elementor-element elementor-element-cc31cac elementor-section-boxed elementor-section-height-default elementor-section-height-default\" data-id=\"cc31cac\" data-element_type=\"section\" data-e-type=\"section\">\n\t\t\t\t\t\t<div class=\"elementor-container elementor-column-gap-default\">\n\t\t\t\t\t<div class=\"elementor-column elementor-col-50 elementor-top-column elementor-element elementor-element-023d3b0\" data-id=\"023d3b0\" data-element_type=\"column\" data-e-type=\"column\">\n\t\t\t<div class=\"elementor-widget-wrap elementor-element-populated\">\n\t\t\t\t\t\t<div class=\"elementor-element elementor-element-b103e6f elementor-widget elementor-widget-text-editor\" data-id=\"b103e6f\" data-element_type=\"widget\" data-e-type=\"widget\" data-widget_type=\"text-editor.default\">\n\t\t\t\t<div class=\"elementor-widget-container\">\n\t\t\t\t\t\t\t\t\t<h2 style=\"text-align: center;\"><span style=\"color: #333399;\">NutraLabs ti consiglia<br \/><a href=\"https:\/\/www.erboristeriasalute.com\/prodotto\/magnesio-nutribilanciato\/\" target=\"_blank\" rel=\"noopener\">MAGNESIO NUTRIBILANCIATO<\/a><br \/>L&#8217;unico con 4 fonti di Magnesio tutte organiche e biodisponibili!<\/span><\/h2>\t\t\t\t\t\t\t\t<\/div>\n\t\t\t\t<\/div>\n\t\t\t\t\t<\/div>\n\t\t<\/div>\n\t\t\t\t<div class=\"elementor-column elementor-col-50 elementor-top-column elementor-element elementor-element-bdfe0e1\" data-id=\"bdfe0e1\" data-element_type=\"column\" data-e-type=\"column\">\n\t\t\t<div class=\"elementor-widget-wrap elementor-element-populated\">\n\t\t\t\t\t\t<div class=\"elementor-element elementor-element-c608799 elementor-widget elementor-widget-image\" data-id=\"c608799\" data-element_type=\"widget\" data-e-type=\"widget\" data-widget_type=\"image.default\">\n\t\t\t\t<div class=\"elementor-widget-container\">\n\t\t\t\t\t\t\t\t\t\t\t\t\t\t\t\t<a href=\"https:\/\/www.erboristeriasalute.com\/prodotto\/magnesio-nutribilanciato\/\" target=\"_blank\">\n\t\t\t\t\t\t\t<img decoding=\"async\" width=\"640\" height=\"480\" src=\"https:\/\/www.erboristeriasalute.com\/news\/wp-content\/uploads\/2021\/09\/Magnesio-Nutribilanciato.jpg\" class=\"attachment-large size-large wp-image-5644\" alt=\"Magnesio Nutribilanciato NutraLabs\" srcset=\"https:\/\/www.erboristeriasalute.com\/news\/wp-content\/uploads\/2021\/09\/Magnesio-Nutribilanciato.jpg 640w, https:\/\/www.erboristeriasalute.com\/news\/wp-content\/uploads\/2021\/09\/Magnesio-Nutribilanciato-300x225.jpg 300w, https:\/\/www.erboristeriasalute.com\/news\/wp-content\/uploads\/2021\/09\/Magnesio-Nutribilanciato-100x75.jpg 100w\" sizes=\"(max-width: 640px) 100vw, 640px\" \/>\t\t\t\t\t\t\t\t<\/a>\n\t\t\t\t\t\t\t\t\t\t\t\t\t\t\t<\/div>\n\t\t\t\t<\/div>\n\t\t\t\t\t<\/div>\n\t\t<\/div>\n\t\t\t\t\t<\/div>\n\t\t<\/section>\n\t\t\t\t<section class=\"elementor-section elementor-top-section elementor-element elementor-element-415397a elementor-section-boxed elementor-section-height-default elementor-section-height-default\" data-id=\"415397a\" data-element_type=\"section\" data-e-type=\"section\">\n\t\t\t\t\t\t<div class=\"elementor-container elementor-column-gap-default\">\n\t\t\t\t\t<div class=\"elementor-column elementor-col-100 elementor-top-column elementor-element elementor-element-1487e85\" data-id=\"1487e85\" data-element_type=\"column\" data-e-type=\"column\">\n\t\t\t<div class=\"elementor-widget-wrap elementor-element-populated\">\n\t\t\t\t\t\t<div class=\"elementor-element elementor-element-c2948a6 elementor-widget elementor-widget-text-editor\" data-id=\"c2948a6\" data-element_type=\"widget\" data-e-type=\"widget\" data-widget_type=\"text-editor.default\">\n\t\t\t\t<div class=\"elementor-widget-container\">\n\t\t\t\t\t\t\t\t\t<h4>Stile di vita<\/h4><p>Per chi soffre di emicrania \u00e8 molto importante seguire una <strong>routine quotidiana<\/strong> che comprenda pasti regolari (mai saltare i pasti!), abbondante idratazione, sufficienti ore di sonno e attivit\u00e0 fisica moderata. L\u2019attivit\u00e0 fisica ha la stessa efficacia preventiva dei farmaci, mentre l\u2019emicrania cronica pu\u00f2 regredire alla forma episodica semplicemente migliorando il sonno!<\/p><h4>Tecniche di rilassamento e gestione dello stress<\/h4><p>Le possibilit\u00e0 sono molte. Lo <strong>yoga<\/strong>, in particolare, \u00e8 stato oggetto di uno studio specifico da cui \u00e8 emerso che integrarlo ai farmaci contro l\u2019emicrania d\u00e0 risultati migliori rispetto ai soli farmaci.<\/p><h4>Neurofeedback<\/h4><p>Si tratta di una tecnica attraverso cui si pu\u00f2 \u201callenare\u201d il sistema nervoso riducendone l\u2019eccitabilit\u00e0.<\/p><h4>Fisioterapia<\/h4><p>Pu\u00f2 essere utile specialmente quando nell\u2019emicrania \u00e8 presente una componente di <strong>tensione muscolare<\/strong> oppure di disfunzione dell\u2019articolazione temporo-mandibolare, come il <strong>bruxismo<\/strong>.<\/p>\t\t\t\t\t\t\t\t<\/div>\n\t\t\t\t<\/div>\n\t\t\t\t\t<\/div>\n\t\t<\/div>\n\t\t\t\t\t<\/div>\n\t\t<\/section>\n\t\t\t\t<section class=\"elementor-section elementor-top-section elementor-element elementor-element-7cdf2ed6 elementor-section-boxed elementor-section-height-default elementor-section-height-default\" data-id=\"7cdf2ed6\" data-element_type=\"section\" data-e-type=\"section\">\n\t\t\t\t\t\t<div class=\"elementor-container elementor-column-gap-default\">\n\t\t\t\t\t<div class=\"elementor-column elementor-col-100 elementor-top-column elementor-element elementor-element-76631cfd\" data-id=\"76631cfd\" data-element_type=\"column\" data-e-type=\"column\">\n\t\t\t<div class=\"elementor-widget-wrap elementor-element-populated\">\n\t\t\t\t\t\t<div class=\"elementor-element elementor-element-2e10cff6 elementor-widget elementor-widget-text-editor\" data-id=\"2e10cff6\" data-element_type=\"widget\" data-e-type=\"widget\" data-widget_type=\"text-editor.default\">\n\t\t\t\t<div class=\"elementor-widget-container\">\n\t\t\t\t\t\t\t\t\t<p><span style=\"color: #0000ff;\"><strong><em>Ti \u00e8 piaciuto questo articolo? Allora fallo leggere anche ai tuoi amici!<br \/>Condividilo sui social e metti un \u201cmi piace\u201d al nostro profilo!<\/em><\/strong><\/span><\/p>\t\t\t\t\t\t\t\t<\/div>\n\t\t\t\t<\/div>\n\t\t\t\t\t<\/div>\n\t\t<\/div>\n\t\t\t\t\t<\/div>\n\t\t<\/section>\n\t\t\t\t<\/div>\n\t\t","protected":false},"excerpt":{"rendered":"<p>L\u2019emicrania \u00e8 un disturbo invalidante che influisce moltissimo sulla qualit\u00e0 di vita di chi ne soffre, specie se gli episodi sono frequenti. Si tratta del secondo tipo di mal di testa pi\u00f9 comune, dopo la<\/p>\n","protected":false},"author":3,"featured_media":7851,"comment_status":"closed","ping_status":"closed","sticky":false,"template":"","format":"standard","meta":{"footnotes":""},"categories":[1],"tags":[143,450,247],"class_list":["post-7841","post","type-post","status-publish","format-standard","has-post-thumbnail","hentry","category-salute","tag-magnesio","tag-magnesio-nutribilanciato","tag-mal-di-testa"],"_links":{"self":[{"href":"https:\/\/www.erboristeriasalute.com\/news\/wp-json\/wp\/v2\/posts\/7841","targetHints":{"allow":["GET"]}}],"collection":[{"href":"https:\/\/www.erboristeriasalute.com\/news\/wp-json\/wp\/v2\/posts"}],"about":[{"href":"https:\/\/www.erboristeriasalute.com\/news\/wp-json\/wp\/v2\/types\/post"}],"author":[{"embeddable":true,"href":"https:\/\/www.erboristeriasalute.com\/news\/wp-json\/wp\/v2\/users\/3"}],"replies":[{"embeddable":true,"href":"https:\/\/www.erboristeriasalute.com\/news\/wp-json\/wp\/v2\/comments?post=7841"}],"version-history":[{"count":3,"href":"https:\/\/www.erboristeriasalute.com\/news\/wp-json\/wp\/v2\/posts\/7841\/revisions"}],"predecessor-version":[{"id":10063,"href":"https:\/\/www.erboristeriasalute.com\/news\/wp-json\/wp\/v2\/posts\/7841\/revisions\/10063"}],"wp:featuredmedia":[{"embeddable":true,"href":"https:\/\/www.erboristeriasalute.com\/news\/wp-json\/wp\/v2\/media\/7851"}],"wp:attachment":[{"href":"https:\/\/www.erboristeriasalute.com\/news\/wp-json\/wp\/v2\/media?parent=7841"}],"wp:term":[{"taxonomy":"category","embeddable":true,"href":"https:\/\/www.erboristeriasalute.com\/news\/wp-json\/wp\/v2\/categories?post=7841"},{"taxonomy":"post_tag","embeddable":true,"href":"https:\/\/www.erboristeriasalute.com\/news\/wp-json\/wp\/v2\/tags?post=7841"}],"curies":[{"name":"wp","href":"https:\/\/api.w.org\/{rel}","templated":true}]}}