{"id":7856,"date":"2023-08-21T09:52:16","date_gmt":"2023-08-21T07:52:16","guid":{"rendered":"https:\/\/www.erboristeriasalute.com\/news\/?p=7856"},"modified":"2023-08-21T09:52:17","modified_gmt":"2023-08-21T07:52:17","slug":"multivitaminici-per-memoria-nuovo-studio","status":"publish","type":"post","link":"https:\/\/www.erboristeriasalute.com\/news\/multivitaminici-per-memoria-nuovo-studio\/","title":{"rendered":"INTEGRATORI MULTIVITAMINICI PER LA MEMORIA: NUOVO STUDIO DICE CHE SONO EFFICACI"},"content":{"rendered":"\t\t<div data-elementor-type=\"wp-post\" data-elementor-id=\"7856\" class=\"elementor elementor-7856\">\n\t\t\t\t\t\t<section class=\"elementor-section elementor-top-section elementor-element elementor-element-d5fe6d9 elementor-section-boxed elementor-section-height-default elementor-section-height-default\" data-id=\"d5fe6d9\" data-element_type=\"section\" data-e-type=\"section\">\n\t\t\t\t\t\t<div class=\"elementor-container elementor-column-gap-default\">\n\t\t\t\t\t<div class=\"elementor-column elementor-col-100 elementor-top-column elementor-element elementor-element-f4004cf\" data-id=\"f4004cf\" data-element_type=\"column\" data-e-type=\"column\">\n\t\t\t<div class=\"elementor-widget-wrap elementor-element-populated\">\n\t\t\t\t\t\t<div class=\"elementor-element elementor-element-74ee965 elementor-widget elementor-widget-text-editor\" data-id=\"74ee965\" data-element_type=\"widget\" data-e-type=\"widget\" data-widget_type=\"text-editor.default\">\n\t\t\t\t<div class=\"elementor-widget-container\">\n\t\t\t\t\t\t\t\t\t<p><em>L\u2019assunzione di multivitaminici \u00e8 utile per migliorare la memoria? Sono usciti di recenti i risultati del pi\u00f9 grande studio finora condotto su questo argomento.<\/em><\/p><p>La memoria e le altre funzioni cognitive (concentrazione, attenzione, capacit\u00e0 di apprendere e di ragionare lucidamente) vanno incontro a un graduale e fisiologico declino con l\u2019avanzare dell\u2019et\u00e0. Le donne, in particolare, soffrono un momento critico all\u2019inizio della <a href=\"https:\/\/www.erboristeriasalute.com\/news\/menopausa-memoria\/\" target=\"_blank\" rel=\"noopener\">menopausa<\/a>, quando all\u2019improvviso viene meno l\u2019azione di sostegno che gli ormoni estrogeni hanno sul sistema nervoso centrale. Ma anche nelle persone giovani le prestazioni mentali possono temporaneamente diminuire in momenti di forte <a href=\"https:\/\/www.erboristeriasalute.com\/news\/effetti-dello-stress-sul-corpo\/\" target=\"_blank\" rel=\"noopener\">stress<\/a>.<\/p><p>Possiamo fare qualcosa per <strong>aiutare il nostro cervello a mantenersi in forma<\/strong>?<\/p><p>Naturalmente la risposta \u00e8 s\u00ec. Uno degli aspetti fondamentali per conservare una buona funzione cognitiva \u00e8 assicurare ai neuroni un <strong>corretto nutrimento<\/strong>. Il cervello \u00e8 infatti l\u2019organo che in assoluto necessita di pi\u00f9 energia: la sua massa \u00e8 solo il 2% del peso corporeo, ma utilizza ben il 25% del glucosio consumato dall\u2019organismo!<\/p><p>Per produrre energia il glucosio deve essere \u201cbruciato\u201d, e questo avviene in una serie di reazioni chimiche che costituiscono il <strong>metabolismo energetico<\/strong> delle cellule e che nei neuroni sono particolarmente attive. Affinch\u00e9 le reazioni chimiche possano avere luogo devono essere presenti specifici enzimi, e affinch\u00e9 gli enzimi siano funzionanti <strong>sono necessari una serie di micronutrienti, tra cui spiccano le vitamine del gruppo B e il <a href=\"https:\/\/www.erboristeriasalute.com\/news\/tipi-di-magnesio\/\" target=\"_blank\" rel=\"noopener\">magnesio<\/a><\/strong>. Se non introduciamo una quantit\u00e0 sufficiente di queste sostanze, i neuroni non riusciranno a produrre abbastanza energia per funzionare correttamente. Lavoreranno \u201csottotono\u201d e noi ci sentiremo mentalmente stanchi e intorpiditi.<\/p><p>Oltre al metabolismo energetico, nutrienti come <strong>le vitamine B, il magnesio e la <a href=\"https:\/\/www.erboristeriasalute.com\/news\/tutte-le-virtu-della-vitamina-c\/\" target=\"_blank\" rel=\"noopener\">vitamina C<\/a> sono indispensabili per la sintesi dei neurotrasmettitori<\/strong>, le molecole che permettono ai neuroni di coordinarsi tra loro e comunicare con il resto dell\u2019organismo.<\/p><p>Ancora, <strong>le vitamine del gruppo B e il magnesio sono necessari per una corretta propagazione degli impulsi elettrici lungo i nervi<\/strong>; mentre antiossidanti come la vitamina C proteggono i neuroni dai potenziali danni causati dai radicali liberi.<\/p>\t\t\t\t\t\t\t\t<\/div>\n\t\t\t\t<\/div>\n\t\t\t\t\t<\/div>\n\t\t<\/div>\n\t\t\t\t\t<\/div>\n\t\t<\/section>\n\t\t\t\t<section class=\"elementor-section elementor-top-section elementor-element elementor-element-b023333 elementor-section-boxed elementor-section-height-default elementor-section-height-default\" data-id=\"b023333\" data-element_type=\"section\" data-e-type=\"section\">\n\t\t\t\t\t\t<div class=\"elementor-container elementor-column-gap-default\">\n\t\t\t\t\t<div class=\"elementor-column elementor-col-100 elementor-top-column elementor-element elementor-element-b043e29\" data-id=\"b043e29\" data-element_type=\"column\" data-e-type=\"column\">\n\t\t\t<div class=\"elementor-widget-wrap elementor-element-populated\">\n\t\t\t\t\t\t<div class=\"elementor-element elementor-element-20b589f elementor-widget elementor-widget-image\" data-id=\"20b589f\" data-element_type=\"widget\" data-e-type=\"widget\" data-widget_type=\"image.default\">\n\t\t\t\t<div class=\"elementor-widget-container\">\n\t\t\t\t\t\t\t\t\t\t\t\t\t\t\t<img fetchpriority=\"high\" decoding=\"async\" width=\"750\" height=\"450\" src=\"https:\/\/www.erboristeriasalute.com\/news\/wp-content\/uploads\/2023\/07\/multivitaminici-per-memoria.jpg\" class=\"attachment-large size-large wp-image-7859\" alt=\"multivitaminici per memoria\" srcset=\"https:\/\/www.erboristeriasalute.com\/news\/wp-content\/uploads\/2023\/07\/multivitaminici-per-memoria.jpg 750w, https:\/\/www.erboristeriasalute.com\/news\/wp-content\/uploads\/2023\/07\/multivitaminici-per-memoria-300x180.jpg 300w\" sizes=\"(max-width: 750px) 100vw, 750px\" \/>\t\t\t\t\t\t\t\t\t\t\t\t\t\t\t<\/div>\n\t\t\t\t<\/div>\n\t\t\t\t\t<\/div>\n\t\t<\/div>\n\t\t\t\t\t<\/div>\n\t\t<\/section>\n\t\t\t\t<section class=\"elementor-section elementor-top-section elementor-element elementor-element-87de89d elementor-section-boxed elementor-section-height-default elementor-section-height-default\" data-id=\"87de89d\" data-element_type=\"section\" data-e-type=\"section\">\n\t\t\t\t\t\t<div class=\"elementor-container elementor-column-gap-default\">\n\t\t\t\t\t<div class=\"elementor-column elementor-col-100 elementor-top-column elementor-element elementor-element-f169ea0\" data-id=\"f169ea0\" data-element_type=\"column\" data-e-type=\"column\">\n\t\t\t<div class=\"elementor-widget-wrap elementor-element-populated\">\n\t\t\t\t\t\t<div class=\"elementor-element elementor-element-8e6fea2 elementor-widget elementor-widget-text-editor\" data-id=\"8e6fea2\" data-element_type=\"widget\" data-e-type=\"widget\" data-widget_type=\"text-editor.default\">\n\t\t\t\t<div class=\"elementor-widget-container\">\n\t\t\t\t\t\t\t\t\t<h2>Multivitaminici per la memoria?<\/h2><p>\u00c8 dunque chiaro che carenze nutrizionali, in particolare per quel che riguarda il magnesio e le vitamine del gruppo B, si ripercuotono negativamente sulle capacit\u00e0 cognitive. E allora, <strong>assumere integratori <a href=\"https:\/\/www.erboristeriasalute.com\/news\/integratori-multivitaminici\/\" target=\"_blank\" rel=\"noopener\">multivitaminici<\/a> pu\u00f2 migliorare la memoria e le altre funzioni mentali?<\/strong><\/p><p>I risultati di <strong>uno dei pi\u00f9 grandi studi su questo argomento<\/strong> sono stati da poco pubblicati, e danno una risposta positiva.<\/p><p>Lo <a href=\"https:\/\/doi.org\/10.1016\/j.ajcnut.2023.05.011\" target=\"_blank\" rel=\"noopener\">studio<\/a>\u00a0ha coinvolto oltre <strong>3.500 persone di 60 anni e pi\u00f9<\/strong>, che sono state <strong>seguite per 3 anni<\/strong>. I partecipanti sono stati divisi (in modo causale e senza che sapessero a quale gruppo erano stati assegnati) in due gruppi: uno ha assunto quotidianamente un integratore multivitaminico, mentre l\u2019altro un placebo. A tutti \u00e8 stato proposto periodicamente un test di memoria.<\/p><p>Ebbene, <strong>le persone che avevano assunto i multivitaminici hanno avuto risultati significativamente migliori nel test di memoria<\/strong>: in media come se la loro et\u00e0 mentale fosse di 3 anni in meno rispetto a chi aveva assunto il placebo! La differenza \u00e8 risultata evidente dopo un anno di assunzione degli integratori, e si \u00e8 mantenuta per tutta la durata dello studio.<\/p><p>\u00c8 evidente che i multivitaminici non devono essere considerati sostituti di un\u2019alimentazione sana, <strong>ma possono sicuramente essere d\u2019aiuto per la memoria<\/strong> e per rallentare il declino cognitivo legato all\u2019invecchiamento.<\/p>\t\t\t\t\t\t\t\t<\/div>\n\t\t\t\t<\/div>\n\t\t\t\t\t<\/div>\n\t\t<\/div>\n\t\t\t\t\t<\/div>\n\t\t<\/section>\n\t\t\t\t<section class=\"elementor-section elementor-top-section elementor-element elementor-element-6be312fc elementor-section-boxed elementor-section-height-default elementor-section-height-default\" data-id=\"6be312fc\" data-element_type=\"section\" data-e-type=\"section\">\n\t\t\t\t\t\t<div class=\"elementor-container elementor-column-gap-default\">\n\t\t\t\t\t<div class=\"elementor-column elementor-col-100 elementor-top-column elementor-element elementor-element-55ef8899\" data-id=\"55ef8899\" data-element_type=\"column\" data-e-type=\"column\">\n\t\t\t<div class=\"elementor-widget-wrap elementor-element-populated\">\n\t\t\t\t\t\t<div class=\"elementor-element elementor-element-10933d15 elementor-widget elementor-widget-image\" data-id=\"10933d15\" data-element_type=\"widget\" data-e-type=\"widget\" data-widget_type=\"image.default\">\n\t\t\t\t<div class=\"elementor-widget-container\">\n\t\t\t\t\t\t\t\t\t\t\t\t\t\t\t\t<a href=\"https:\/\/www.erboristeriasalute.com\/prodotto\/ginseng-rosso-multivitaminico\/\" target=\"_blank\">\n\t\t\t\t\t\t\t<img decoding=\"async\" src=\"https:\/\/www.erboristeriasalute.com\/news\/wp-content\/uploads\/elementor\/thumbs\/Ginseng-Multivitaminico-1-p9dhlqi5bo07x0lwlkq2nbm5653jpvx09g7yjmx3ty.jpg\" title=\"Ginseng Rosso Multivitaminico NutraLabs\" alt=\"Ginseng Rosso Multivitaminico NutraLabs\" loading=\"lazy\" \/>\t\t\t\t\t\t\t\t<\/a>\n\t\t\t\t\t\t\t\t\t\t\t\t\t\t\t<\/div>\n\t\t\t\t<\/div>\n\t\t\t\t<section class=\"elementor-section elementor-inner-section elementor-element elementor-element-139b1aea elementor-section-boxed elementor-section-height-default elementor-section-height-default\" data-id=\"139b1aea\" data-element_type=\"section\" data-e-type=\"section\">\n\t\t\t\t\t\t<div class=\"elementor-container elementor-column-gap-default\">\n\t\t\t\t\t<div class=\"elementor-column elementor-col-100 elementor-inner-column elementor-element elementor-element-45314112\" data-id=\"45314112\" data-element_type=\"column\" data-e-type=\"column\">\n\t\t\t<div class=\"elementor-widget-wrap elementor-element-populated\">\n\t\t\t\t\t\t<div class=\"elementor-element elementor-element-40eef3cf elementor-widget elementor-widget-text-editor\" data-id=\"40eef3cf\" data-element_type=\"widget\" data-e-type=\"widget\" data-widget_type=\"text-editor.default\">\n\t\t\t\t<div class=\"elementor-widget-container\">\n\t\t\t\t\t\t\t\t\t<h2 style=\"text-align: center;\"><span style=\"color: #333399;\">Hai bisogno di una Ricarica di Energia?<\/span><\/h2><h2 style=\"text-align: center;\"><span style=\"color: #333399;\">NutraLabs ti propone<br \/><a href=\"https:\/\/www.erboristeriasalute.com\/prodotto\/ginseng-rosso-multivitaminico\/\" target=\"_blank\" rel=\"noopener\">GINSENG ROSSO MULTIVITAMINICO!<\/a><\/span><\/h2>\t\t\t\t\t\t\t\t<\/div>\n\t\t\t\t<\/div>\n\t\t\t\t\t<\/div>\n\t\t<\/div>\n\t\t\t\t\t<\/div>\n\t\t<\/section>\n\t\t\t\t<div class=\"elementor-element elementor-element-70bb4c80 elementor-widget elementor-widget-text-editor\" data-id=\"70bb4c80\" data-element_type=\"widget\" data-e-type=\"widget\" data-widget_type=\"text-editor.default\">\n\t\t\t\t<div class=\"elementor-widget-container\">\n\t\t\t\t\t\t\t\t\t<p><a href=\"https:\/\/www.erboristeriasalute.com\/prodotto\/ginseng-rosso-multivitaminico\/\" target=\"_blank\" rel=\"noopener\"><strong>GINSENG ROSSO MULTIVITAMINICO<\/strong><\/a>\u00a0\u00e8 l\u2019integratore alimentare formulato per sostenere l\u2019organismo nelle situazioni di\u00a0<strong>debolezza fisica e mentale, stress, convalescenza<\/strong>\u00a0e, in generale, quando si ha bisogno di\u00a0<strong>pi\u00f9 carica ed energia<\/strong>.<\/p><p>Con <strong>12 Vitamine<\/strong> e tutte le virt\u00f9 energizzanti del <strong>Ginseng<\/strong>, <a href=\"https:\/\/www.erboristeriasalute.com\/prodotto\/ginseng-rosso-multivitaminico\/\" target=\"_blank\" rel=\"noopener\"><strong>GINSENG ROSSO MULTIVITAMINICO<\/strong><\/a> \u00e8 ideale in caso di:<\/p><ul><li>spossatezza e astenia<\/li><li>stanchezza mentale, difficolt\u00e0 di concentrazione<\/li><li>stress<\/li><li>convalescenza<\/li><li>sistema immunitario indebolito.<\/li><\/ul><p><strong>Punto di forza di <a href=\"https:\/\/www.erboristeriasalute.com\/prodotto\/ginseng-rosso-multivitaminico\/\" target=\"_blank\" rel=\"noopener\">GINSENG ROSSO MULTIVITAMINICO<\/a> \u00e8 l\u2019elevata concentrazione di principi attivi<\/strong>. Di norma gli estratti di Ginseng sono titolati al 2-3% in ginsenosidi, mentre il nostro estratto ha una TITOLAZIONE del 18%!<\/p><p><a href=\"https:\/\/www.erboristeriasalute.com\/prodotto\/ginseng-rosso-multivitaminico\/\" target=\"_blank\" rel=\"noopener\"><strong>GINSENG ROSSO MULTIVITAMINICO<\/strong><\/a> contiene inoltre il <strong>100% della dose giornaliera raccomandata<\/strong> di:<\/p><ul><li>tutte le <strong>Vitamine del gruppo B<\/strong> (B1, B2, B3, B5, B6, B8, B9, B12)<\/li><li><strong>Vitamina C<\/strong><\/li><li><strong>Vitamina D<\/strong><\/li><li><strong>Vitamina E<\/strong><\/li><li><strong>Vitamina A<\/strong><\/li><\/ul><p>In pratici flaconcini monodose.<\/p><p>Cosa aspetti?<br \/><strong>Acquista <a href=\"https:\/\/www.erboristeriasalute.com\/home\/83-ginseng-rosso-multivitaminico.html\" target=\"_blank\" rel=\"noopener\">GINSENG ROSSO MULTIVITAMINICO<\/a>, esclusivamente nel nostro shop online, a un PREZZO ECCEZIONALE!<\/strong><\/p>\t\t\t\t\t\t\t\t<\/div>\n\t\t\t\t<\/div>\n\t\t\t\t\t<\/div>\n\t\t<\/div>\n\t\t\t\t\t<\/div>\n\t\t<\/section>\n\t\t\t\t<section class=\"elementor-section elementor-top-section elementor-element elementor-element-1414de92 elementor-section-boxed elementor-section-height-default elementor-section-height-default\" data-id=\"1414de92\" data-element_type=\"section\" data-e-type=\"section\">\n\t\t\t\t\t\t<div class=\"elementor-container elementor-column-gap-default\">\n\t\t\t\t\t<div class=\"elementor-column elementor-col-100 elementor-top-column elementor-element elementor-element-512fbb84\" data-id=\"512fbb84\" data-element_type=\"column\" data-e-type=\"column\">\n\t\t\t<div class=\"elementor-widget-wrap elementor-element-populated\">\n\t\t\t\t\t\t<div class=\"elementor-element elementor-element-72c06fba elementor-widget elementor-widget-text-editor\" data-id=\"72c06fba\" data-element_type=\"widget\" data-e-type=\"widget\" data-widget_type=\"text-editor.default\">\n\t\t\t\t<div class=\"elementor-widget-container\">\n\t\t\t\t\t\t\t\t\t<p><span style=\"color: #0000ff;\"><strong><em>Ti \u00e8 piaciuto questo articolo? Allora fallo leggere anche ai tuoi amici!<br \/>Condividilo sui social e metti un \u201cmi piace\u201d al nostro profilo!<\/em><\/strong><\/span><\/p>\t\t\t\t\t\t\t\t<\/div>\n\t\t\t\t<\/div>\n\t\t\t\t\t<\/div>\n\t\t<\/div>\n\t\t\t\t\t<\/div>\n\t\t<\/section>\n\t\t\t\t<\/div>\n\t\t","protected":false},"excerpt":{"rendered":"<p>L\u2019assunzione di multivitaminici \u00e8 utile per migliorare la memoria? Sono usciti di recenti i risultati del pi\u00f9 grande studio finora condotto su questo argomento. La memoria e le altre funzioni cognitive (concentrazione, attenzione, capacit\u00e0 di<\/p>\n","protected":false},"author":3,"featured_media":7859,"comment_status":"open","ping_status":"closed","sticky":false,"template":"","format":"standard","meta":{"footnotes":""},"categories":[1,338],"tags":[80,445,259,79,444,262],"class_list":["post-7856","post","type-post","status-publish","format-standard","has-post-thumbnail","hentry","category-salute","category-scienza-ambiente","tag-cervello","tag-ginseng","tag-invecchiamento","tag-memoria","tag-multivitaminico","tag-vitamine"],"_links":{"self":[{"href":"https:\/\/www.erboristeriasalute.com\/news\/wp-json\/wp\/v2\/posts\/7856","targetHints":{"allow":["GET"]}}],"collection":[{"href":"https:\/\/www.erboristeriasalute.com\/news\/wp-json\/wp\/v2\/posts"}],"about":[{"href":"https:\/\/www.erboristeriasalute.com\/news\/wp-json\/wp\/v2\/types\/post"}],"author":[{"embeddable":true,"href":"https:\/\/www.erboristeriasalute.com\/news\/wp-json\/wp\/v2\/users\/3"}],"replies":[{"embeddable":true,"href":"https:\/\/www.erboristeriasalute.com\/news\/wp-json\/wp\/v2\/comments?post=7856"}],"version-history":[{"count":0,"href":"https:\/\/www.erboristeriasalute.com\/news\/wp-json\/wp\/v2\/posts\/7856\/revisions"}],"wp:featuredmedia":[{"embeddable":true,"href":"https:\/\/www.erboristeriasalute.com\/news\/wp-json\/wp\/v2\/media\/7859"}],"wp:attachment":[{"href":"https:\/\/www.erboristeriasalute.com\/news\/wp-json\/wp\/v2\/media?parent=7856"}],"wp:term":[{"taxonomy":"category","embeddable":true,"href":"https:\/\/www.erboristeriasalute.com\/news\/wp-json\/wp\/v2\/categories?post=7856"},{"taxonomy":"post_tag","embeddable":true,"href":"https:\/\/www.erboristeriasalute.com\/news\/wp-json\/wp\/v2\/tags?post=7856"}],"curies":[{"name":"wp","href":"https:\/\/api.w.org\/{rel}","templated":true}]}}