{"id":8021,"date":"2023-10-30T10:13:49","date_gmt":"2023-10-30T09:13:49","guid":{"rendered":"https:\/\/www.erboristeriasalute.com\/news\/?p=8021"},"modified":"2023-10-30T10:13:51","modified_gmt":"2023-10-30T09:13:51","slug":"mal-di-schiena-in-menopausa-vitamina-d","status":"publish","type":"post","link":"https:\/\/www.erboristeriasalute.com\/news\/mal-di-schiena-in-menopausa-vitamina-d\/","title":{"rendered":"MAL DI SCHIENA IN MENOPAUSA: E SE FOSSE COLPA DELLA (POCA) VITAMINA D?"},"content":{"rendered":"\t\t<div data-elementor-type=\"wp-post\" data-elementor-id=\"8021\" class=\"elementor elementor-8021\">\n\t\t\t\t\t\t<section class=\"elementor-section elementor-top-section elementor-element elementor-element-df735f7 elementor-section-boxed elementor-section-height-default elementor-section-height-default\" data-id=\"df735f7\" data-element_type=\"section\" data-e-type=\"section\">\n\t\t\t\t\t\t<div class=\"elementor-container elementor-column-gap-default\">\n\t\t\t\t\t<div class=\"elementor-column elementor-col-100 elementor-top-column elementor-element elementor-element-13e1928\" data-id=\"13e1928\" data-element_type=\"column\" data-e-type=\"column\">\n\t\t\t<div class=\"elementor-widget-wrap elementor-element-populated\">\n\t\t\t\t\t\t<div class=\"elementor-element elementor-element-9f2bc6c elementor-widget elementor-widget-text-editor\" data-id=\"9f2bc6c\" data-element_type=\"widget\" data-e-type=\"widget\" data-widget_type=\"text-editor.default\">\n\t\t\t\t<div class=\"elementor-widget-container\">\n\t\t\t\t\t\t\t\t\t<p>Come se non bastassero le <a href=\"https:\/\/www.erboristeriasalute.com\/news\/vampate-in-menopausa\/\" target=\"_blank\" rel=\"noopener\">vampate<\/a>, l\u2019insonnia, la <a href=\"https:\/\/www.erboristeriasalute.com\/news\/menopausa-memoria\/\" target=\"_blank\" rel=\"noopener\">confusione mentale<\/a> e la <a href=\"https:\/\/www.erboristeriasalute.com\/news\/sindrome-genitourinaria-della-menopausa\/\" target=\"_blank\" rel=\"noopener\">secchezza vaginale<\/a>, ecco <strong>anche il mal di schiena a completare l\u2019elenco dei disturbi della menopausa<\/strong>!<\/p><p>Eh s\u00ec, non \u00e8 un caso se tante donne passati i cinquant\u2019anni cominciano a soffrire di dolori articolari, e in particolare mal di schiena. Il <strong>calo ormonale<\/strong> che caratterizza la menopausa, infatti, ha un notevole impatto anche sulle articolazioni. Gli estrogeni regolano l\u2019attivit\u00e0 dei fibroblasti, le cellule responsabili di produrre le sostanze che costituiscono le <strong>cartilagini articolari<\/strong> e i <strong>dischi intervertebrali<\/strong>: quando sono carenti, <strong>aumenta il rischio che queste strutture degenerino<\/strong>, con conseguenti infiammazioni e dolori a carico delle articolazioni.<\/p><p>Ma non \u00e8 tutto qui. Gli studi pi\u00f9 recenti, infatti, mettono in luce un altro fattore importante per spiegare l\u2019elevata incidenza del mal di schiena in menopausa: la <strong>carenza di vitamina D<\/strong>. Questi studi infatti hanno evidenziato che, tra le donne in menopausa,<strong> quelle con bassi livelli di vitamina D soffrono maggiormente di mal di schiena<\/strong>.<\/p><p>Gli scienziati non hanno ancora capito esattamente in che modo la vitamina D influenzi la salute delle articolazioni. Ma di fatto pi\u00f9 i suoi livelli sono bassi e maggiore \u00e8, da un lato, il grado di degenerazione dei dischi intervertebrali e, dall\u2019altro, l\u2019atrofia (cio\u00e8 la perdita di massa muscolare) dei muscoli paravertebrali. La vitamina D sembra quindi influenzare sia direttamente la struttura delle articolazioni, sia i muscoli che le stabilizzano.<\/p><p>Non solo a livello della colonna vertebrale: un altro studio infatti ha evidenziato che, nelle persone con <strong>artrosi del ginocchio<\/strong>, un deficit di vitamina D peggiora la progressione della patologia.<\/p><p>Purtroppo le <strong>persone anziane<\/strong>, particolarmente soggette ad <a href=\"https:\/\/www.erboristeriasalute.com\/news\/artrosi-rimedi-naturali\/\" target=\"_blank\" rel=\"noopener\">artrosi<\/a> e dolori muscolo-scheletrici in genere, sono in media anche quelle che hanno <strong>livelli pi\u00f9 bassi di vitamina D<\/strong>. Un po\u2019 perch\u00e9, spesso, le condizioni di salute non proprio ottimali fanno s\u00ec che escano meno di casa e si espongano meno alla luce solare, un po\u2019 perch\u00e9 con l\u2019et\u00e0 diminuiscono la capacit\u00e0 della pelle di sintetizzare la vitamina D e la capacit\u00e0 dell\u2019organismo di attivarla. Il preoccupante risultato \u00e8 che <strong>in Italia ben il 75% delle donne oltre i 65 anni hanno livelli insufficienti di vitamina D<\/strong>!<\/p><p>Questo, come abbiamo visto, pu\u00f2 contribuire in modo decisivo allo sviluppo di mal di schiena in menopausa. Ma mette la donna a rischio anche di altre problematiche, prima fra tutte l\u2019<a href=\"https:\/\/www.erboristeriasalute.com\/news\/vitamina-d-osteoporosi\/\" target=\"_blank\" rel=\"noopener\">osteoporosi<\/a> (e <a href=\"https:\/\/www.erboristeriasalute.com\/news\/vitamina-d-menopausa\/\" target=\"_blank\" rel=\"noopener\">non solo<\/a>).<\/p>\t\t\t\t\t\t\t\t<\/div>\n\t\t\t\t<\/div>\n\t\t\t\t\t<\/div>\n\t\t<\/div>\n\t\t\t\t\t<\/div>\n\t\t<\/section>\n\t\t\t\t<section class=\"elementor-section elementor-top-section elementor-element elementor-element-e45f7d9 elementor-section-boxed elementor-section-height-default elementor-section-height-default\" data-id=\"e45f7d9\" data-element_type=\"section\" data-e-type=\"section\">\n\t\t\t\t\t\t<div class=\"elementor-container elementor-column-gap-default\">\n\t\t\t\t\t<div class=\"elementor-column elementor-col-100 elementor-top-column elementor-element elementor-element-64a8034\" data-id=\"64a8034\" data-element_type=\"column\" data-e-type=\"column\">\n\t\t\t<div class=\"elementor-widget-wrap elementor-element-populated\">\n\t\t\t\t\t\t<div class=\"elementor-element elementor-element-5e5f8db elementor-widget elementor-widget-image\" data-id=\"5e5f8db\" data-element_type=\"widget\" data-e-type=\"widget\" data-widget_type=\"image.default\">\n\t\t\t\t<div class=\"elementor-widget-container\">\n\t\t\t\t\t\t\t\t\t\t\t\t\t\t\t<img fetchpriority=\"high\" decoding=\"async\" width=\"750\" height=\"450\" src=\"https:\/\/www.erboristeriasalute.com\/news\/wp-content\/uploads\/2023\/10\/mal-di-schiena-in-menopausa.jpg\" class=\"attachment-large size-large wp-image-8024\" alt=\"mal di schiena in menopausa\" srcset=\"https:\/\/www.erboristeriasalute.com\/news\/wp-content\/uploads\/2023\/10\/mal-di-schiena-in-menopausa.jpg 750w, https:\/\/www.erboristeriasalute.com\/news\/wp-content\/uploads\/2023\/10\/mal-di-schiena-in-menopausa-300x180.jpg 300w\" sizes=\"(max-width: 750px) 100vw, 750px\" \/>\t\t\t\t\t\t\t\t\t\t\t\t\t\t\t<\/div>\n\t\t\t\t<\/div>\n\t\t\t\t\t<\/div>\n\t\t<\/div>\n\t\t\t\t\t<\/div>\n\t\t<\/section>\n\t\t\t\t<section class=\"elementor-section elementor-top-section elementor-element elementor-element-a322fb7 elementor-section-boxed elementor-section-height-default elementor-section-height-default\" data-id=\"a322fb7\" data-element_type=\"section\" data-e-type=\"section\">\n\t\t\t\t\t\t<div class=\"elementor-container elementor-column-gap-default\">\n\t\t\t\t\t<div class=\"elementor-column elementor-col-100 elementor-top-column elementor-element elementor-element-883e237\" data-id=\"883e237\" data-element_type=\"column\" data-e-type=\"column\">\n\t\t\t<div class=\"elementor-widget-wrap elementor-element-populated\">\n\t\t\t\t\t\t<div class=\"elementor-element elementor-element-65076cd elementor-widget elementor-widget-text-editor\" data-id=\"65076cd\" data-element_type=\"widget\" data-e-type=\"widget\" data-widget_type=\"text-editor.default\">\n\t\t\t\t<div class=\"elementor-widget-container\">\n\t\t\t\t\t\t\t\t\t<h2>Prevenire e affrontare il mal di schiena in menopausa<\/h2><p>Se sei in menopausa, sia che tu soffra di mal di schiena sia che tu voglia prevenirlo, ecco alcuni buoni consigli:<\/p><ul><li><strong>Tieni sotto controllo il peso<\/strong> Sovrappeso e obesit\u00e0 sono tra i principali fattori di rischio dei dolori muscolo-scheletrici.<br \/><br \/><\/li><li><strong>Non fumare<\/strong>. Oltre che aumentare il rischio di malattie mortali come cancro e infarto, il fumo \u00e8 associato anche a una maggiore incidenza di mal di schiena.<br \/><br \/><\/li><li><strong>Fai attivit\u00e0 fisica<\/strong> Assolutamente indispensabile per mantenere una buona funzionalit\u00e0 di tutto l\u2019apparato muscolo-scheletrico ed evitare dolori.<br \/><br \/><\/li><li><strong>Controlla la vitamina D<\/strong>. Se sei carente, cerca di esporti di pi\u00f9 alla luce solare e prendi in considerazione un\u2019integrazione.<\/li><\/ul>\t\t\t\t\t\t\t\t<\/div>\n\t\t\t\t<\/div>\n\t\t\t\t\t<\/div>\n\t\t<\/div>\n\t\t\t\t\t<\/div>\n\t\t<\/section>\n\t\t\t\t<section class=\"elementor-section elementor-top-section elementor-element elementor-element-169a84b1 elementor-section-boxed elementor-section-height-default elementor-section-height-default\" data-id=\"169a84b1\" data-element_type=\"section\" data-e-type=\"section\">\n\t\t\t\t\t\t<div class=\"elementor-container elementor-column-gap-default\">\n\t\t\t\t\t<div class=\"elementor-column elementor-col-100 elementor-top-column elementor-element elementor-element-2381bda2\" data-id=\"2381bda2\" data-element_type=\"column\" data-e-type=\"column\">\n\t\t\t<div class=\"elementor-widget-wrap elementor-element-populated\">\n\t\t\t\t\t\t<div class=\"elementor-element elementor-element-54b5e5eb elementor-widget elementor-widget-text-editor\" data-id=\"54b5e5eb\" data-element_type=\"widget\" data-e-type=\"widget\" data-widget_type=\"text-editor.default\">\n\t\t\t\t<div class=\"elementor-widget-container\">\n\t\t\t\t\t\t\t\t\t<h2 style=\"text-align: center;\">Hai bisogno di un apporto extra di Vitamina D?<\/h2><h2 style=\"text-align: center;\">NutraLabs ti propone FITOD3 SOFTGEL!<\/h2><p><a href=\"https:\/\/www.erboristeriasalute.com\/prodotto\/fitod3-softgel\/\" target=\"_blank\" rel=\"noopener\"><strong>FITOD3 SOFTGEL<\/strong><\/a>\u00a0\u00e8 un integratore di vitamina D3 dalle <strong>caratteristiche straordinarie<\/strong>:<\/p><ul><li>alto dosaggio: 2.000 UI per perla<\/li><li>fonte vegetale: lichene islandico<\/li><li>in olio extravergine di oliva<\/li><li>con tecnologia Vegetal Softgel: gelatina di origine vegetale adatta a vegetariani e vegani<\/li><li>senza glutine<\/li><li>naturalmente privo di lattosio.<\/li><\/ul><p>Prova <a href=\"https:\/\/www.erboristeriasalute.com\/prodotto\/fitod3-softgel\/\" target=\"_blank\" rel=\"noopener\"><strong>FITOD3 SOFTGEL<\/strong><\/a>!<br \/><strong>Lo trovi in esclusiva sul nostro sito, a un PREZZO ECCEZIONALE!<\/strong><\/p>\t\t\t\t\t\t\t\t<\/div>\n\t\t\t\t<\/div>\n\t\t\t\t\t<\/div>\n\t\t<\/div>\n\t\t\t\t\t<\/div>\n\t\t<\/section>\n\t\t\t\t<section class=\"elementor-section elementor-top-section elementor-element elementor-element-2d2ceb38 elementor-section-boxed elementor-section-height-default elementor-section-height-default\" data-id=\"2d2ceb38\" data-element_type=\"section\" data-e-type=\"section\">\n\t\t\t\t\t\t<div class=\"elementor-container elementor-column-gap-default\">\n\t\t\t\t\t<div class=\"elementor-column elementor-col-100 elementor-top-column elementor-element elementor-element-79fe491c\" data-id=\"79fe491c\" data-element_type=\"column\" data-e-type=\"column\">\n\t\t\t<div class=\"elementor-widget-wrap elementor-element-populated\">\n\t\t\t\t\t\t<div class=\"elementor-element elementor-element-5d8a9911 elementor-widget elementor-widget-image\" data-id=\"5d8a9911\" data-element_type=\"widget\" data-e-type=\"widget\" data-widget_type=\"image.default\">\n\t\t\t\t<div class=\"elementor-widget-container\">\n\t\t\t\t\t\t\t\t\t\t\t\t\t\t\t\t<a href=\"https:\/\/www.erboristeriasalute.com\/prodotto\/fitod3-softgel\/\" target=\"_blank\">\n\t\t\t\t\t\t\t<img decoding=\"async\" width=\"300\" height=\"225\" src=\"https:\/\/www.erboristeriasalute.com\/news\/wp-content\/uploads\/2022\/09\/FitoD3-300x225.jpg\" class=\"attachment-medium size-medium wp-image-7338\" alt=\"FitoD3 vitamina D vegetale NutraLabs\" srcset=\"https:\/\/www.erboristeriasalute.com\/news\/wp-content\/uploads\/2022\/09\/FitoD3-300x225.jpg 300w, https:\/\/www.erboristeriasalute.com\/news\/wp-content\/uploads\/2022\/09\/FitoD3-100x75.jpg 100w, https:\/\/www.erboristeriasalute.com\/news\/wp-content\/uploads\/2022\/09\/FitoD3.jpg 640w\" sizes=\"(max-width: 300px) 100vw, 300px\" \/>\t\t\t\t\t\t\t\t<\/a>\n\t\t\t\t\t\t\t\t\t\t\t\t\t\t\t<\/div>\n\t\t\t\t<\/div>\n\t\t\t\t\t<\/div>\n\t\t<\/div>\n\t\t\t\t\t<\/div>\n\t\t<\/section>\n\t\t\t\t<section class=\"elementor-section elementor-top-section elementor-element elementor-element-92fb02c elementor-section-boxed elementor-section-height-default elementor-section-height-default\" data-id=\"92fb02c\" data-element_type=\"section\" data-e-type=\"section\">\n\t\t\t\t\t\t<div class=\"elementor-container elementor-column-gap-default\">\n\t\t\t\t\t<div class=\"elementor-column elementor-col-100 elementor-top-column elementor-element elementor-element-6548a9b\" data-id=\"6548a9b\" data-element_type=\"column\" data-e-type=\"column\">\n\t\t\t<div class=\"elementor-widget-wrap elementor-element-populated\">\n\t\t\t\t\t\t<div class=\"elementor-element elementor-element-a5a3d9c elementor-widget elementor-widget-text-editor\" data-id=\"a5a3d9c\" data-element_type=\"widget\" data-e-type=\"widget\" data-widget_type=\"text-editor.default\">\n\t\t\t\t<div class=\"elementor-widget-container\">\n\t\t\t\t\t\t\t\t\t<p>Fonti:<\/p><p>Xu, H. W., Yi, Y. Y., Zhang, S. B., Hu, T., Wang, S. J., Zhao, W. D., &amp; Wu, D. S. (2020). Does vitamin D status influence lumbar disc degeneration and low back pain in postmenopausal women? A retrospective single-center study. Menopause, 27(5), 586-592.<\/p><p>Chen, H., Xu, H. W., Zhang, S. B., Yi, Y. Y., &amp; Wang, S. J. (2022). Vitamin D inadequacy combined with high BMI affects paraspinal muscle atrophy and pain intensity in postmenopausal women. Climacteric, 25(4), 376-382.<\/p><p>Zhang, F. F., Driban, J. B., Lo, G. H., Price, L. L., Booth, S., Eaton, C. B., &#8230; &amp; McAlindon, T. E. (2014). Vitamin D deficiency is associated with progression of knee osteoarthritis. The Journal of nutrition, 144(12), 2002-2008.<\/p>\t\t\t\t\t\t\t\t<\/div>\n\t\t\t\t<\/div>\n\t\t\t\t\t<\/div>\n\t\t<\/div>\n\t\t\t\t\t<\/div>\n\t\t<\/section>\n\t\t\t\t<section class=\"elementor-section elementor-top-section elementor-element elementor-element-5fbbd434 elementor-section-boxed elementor-section-height-default elementor-section-height-default\" data-id=\"5fbbd434\" data-element_type=\"section\" data-e-type=\"section\">\n\t\t\t\t\t\t<div class=\"elementor-container elementor-column-gap-default\">\n\t\t\t\t\t<div class=\"elementor-column elementor-col-100 elementor-top-column elementor-element elementor-element-746f582e\" data-id=\"746f582e\" data-element_type=\"column\" data-e-type=\"column\">\n\t\t\t<div class=\"elementor-widget-wrap elementor-element-populated\">\n\t\t\t\t\t\t<div class=\"elementor-element elementor-element-2e638542 elementor-widget elementor-widget-text-editor\" data-id=\"2e638542\" data-element_type=\"widget\" data-e-type=\"widget\" data-widget_type=\"text-editor.default\">\n\t\t\t\t<div class=\"elementor-widget-container\">\n\t\t\t\t\t\t\t\t\t<p><span style=\"color: #0000ff;\"><strong><em>Ti \u00e8 piaciuto questo articolo? Allora fallo leggere anche ai tuoi amici!<br \/>Condividilo sui social e metti un \u201cmi piace\u201d al nostro profilo!<\/em><\/strong><\/span><\/p>\t\t\t\t\t\t\t\t<\/div>\n\t\t\t\t<\/div>\n\t\t\t\t\t<\/div>\n\t\t<\/div>\n\t\t\t\t\t<\/div>\n\t\t<\/section>\n\t\t\t\t<\/div>\n\t\t","protected":false},"excerpt":{"rendered":"<p>Come se non bastassero le vampate, l\u2019insonnia, la confusione mentale e la secchezza vaginale, ecco anche il mal di schiena a completare l\u2019elenco dei disturbi della menopausa! Eh s\u00ec, non \u00e8 un caso se tante<\/p>\n","protected":false},"author":3,"featured_media":8024,"comment_status":"closed","ping_status":"closed","sticky":false,"template":"","format":"standard","meta":{"footnotes":""},"categories":[1,184],"tags":[277,474,185,153,389],"class_list":["post-8021","post","type-post","status-publish","format-standard","has-post-thumbnail","hentry","category-salute","category-menopausa","tag-dolori-articolari","tag-fitod3","tag-menopausa","tag-schiena","tag-vitamina-d"],"_links":{"self":[{"href":"https:\/\/www.erboristeriasalute.com\/news\/wp-json\/wp\/v2\/posts\/8021","targetHints":{"allow":["GET"]}}],"collection":[{"href":"https:\/\/www.erboristeriasalute.com\/news\/wp-json\/wp\/v2\/posts"}],"about":[{"href":"https:\/\/www.erboristeriasalute.com\/news\/wp-json\/wp\/v2\/types\/post"}],"author":[{"embeddable":true,"href":"https:\/\/www.erboristeriasalute.com\/news\/wp-json\/wp\/v2\/users\/3"}],"replies":[{"embeddable":true,"href":"https:\/\/www.erboristeriasalute.com\/news\/wp-json\/wp\/v2\/comments?post=8021"}],"version-history":[{"count":0,"href":"https:\/\/www.erboristeriasalute.com\/news\/wp-json\/wp\/v2\/posts\/8021\/revisions"}],"wp:featuredmedia":[{"embeddable":true,"href":"https:\/\/www.erboristeriasalute.com\/news\/wp-json\/wp\/v2\/media\/8024"}],"wp:attachment":[{"href":"https:\/\/www.erboristeriasalute.com\/news\/wp-json\/wp\/v2\/media?parent=8021"}],"wp:term":[{"taxonomy":"category","embeddable":true,"href":"https:\/\/www.erboristeriasalute.com\/news\/wp-json\/wp\/v2\/categories?post=8021"},{"taxonomy":"post_tag","embeddable":true,"href":"https:\/\/www.erboristeriasalute.com\/news\/wp-json\/wp\/v2\/tags?post=8021"}],"curies":[{"name":"wp","href":"https:\/\/api.w.org\/{rel}","templated":true}]}}