{"id":8124,"date":"2023-12-06T10:58:31","date_gmt":"2023-12-06T09:58:31","guid":{"rendered":"https:\/\/www.erboristeriasalute.com\/news\/?p=8124"},"modified":"2023-12-06T10:58:33","modified_gmt":"2023-12-06T09:58:33","slug":"crisi-climatica-alimenti-meno-nutrienti","status":"publish","type":"post","link":"https:\/\/www.erboristeriasalute.com\/news\/crisi-climatica-alimenti-meno-nutrienti\/","title":{"rendered":"ALIMENTI SEMPRE MENO NUTRIENTI PER COLPA DELLA CRISI CLIMATICA"},"content":{"rendered":"\t\t<div data-elementor-type=\"wp-post\" data-elementor-id=\"8124\" class=\"elementor elementor-8124\">\n\t\t\t\t\t\t<section class=\"elementor-section elementor-top-section elementor-element elementor-element-bcd6440 elementor-section-boxed elementor-section-height-default elementor-section-height-default\" data-id=\"bcd6440\" data-element_type=\"section\" data-e-type=\"section\">\n\t\t\t\t\t\t<div class=\"elementor-container elementor-column-gap-default\">\n\t\t\t\t\t<div class=\"elementor-column elementor-col-100 elementor-top-column elementor-element elementor-element-77bc89c\" data-id=\"77bc89c\" data-element_type=\"column\" data-e-type=\"column\">\n\t\t\t<div class=\"elementor-widget-wrap elementor-element-populated\">\n\t\t\t\t\t\t<div class=\"elementor-element elementor-element-65db9e6 elementor-widget elementor-widget-text-editor\" data-id=\"65db9e6\" data-element_type=\"widget\" data-e-type=\"widget\" data-widget_type=\"text-editor.default\">\n\t\t\t\t<div class=\"elementor-widget-container\">\n\t\t\t\t\t\t\t\t\t<p>Scioglimento dei ghiacciai, aumento del livello degli oceani, fenomeni meteorologici estremi. Ma la <strong>crisi climatica<\/strong> ha un\u2019altra conseguenza, di cui pochi sono a conoscenza: <strong>sta riducendo sempre pi\u00f9 il profilo nutrizionale degli alimenti vegetali<\/strong>.<\/p><p>Il principale responsabile \u00e8 l\u2019<strong>aumento dei livelli di anidride carbonica <\/strong>nell\u2019atmosfera. Dalle 280 ppm (parti per milione) dell\u2019era preindustriale, nel 2023 la CO<sub>2<\/sub> atmosferica ha raggiunto e superato le 420 ppm (dati <a href=\"https:\/\/gml.noaa.gov\/ccgg\/trends\/\" target=\"_blank\" rel=\"noopener\">osservatorio Mauna Loa<\/a>).<\/p><p>L\u2019anidride carbonica \u00e8 per i vegetali un nutriente indispensabile. \u00c8 proprio questa sostanza, infatti, che le piante, sfruttando l\u2019energia fornita dal sole, trasformano nello zucchero di cui hanno bisogno per sostenere la propria vita. Anidride carbonica pi\u00f9 acqua crea glucosio pi\u00f9 ossigeno: \u00e8 la <strong>fotosintesi clorofilliana<\/strong>.<\/p><p>Si potrebbe allora pensare che pi\u00f9 anidride carbonica c\u2019\u00e8 nell\u2019aria e meglio \u00e8 per le piante. E in un certo senso \u00e8 proprio cos\u00ec: livelli maggiori di CO<sub>2<\/sub> hanno infatti un effetto \u201cfertilizzante\u201d, <strong>aumentando il tasso di crescita dei vegetali<\/strong>. Ma il problema \u00e8 che l\u2019assorbimento delle altre sostanze nutritive dal terreno (primo l\u2019azoto, base delle proteine, e poi tutti i minerali) non aumenta in proporzione, e questo crea un effetto di diluizione: ovvero i tessuti vegetali, cresciuti troppo e troppo in fretta, saranno sempre pi\u00f9 ricchi di zucchero (per via dell\u2019aumentata fotosintesi) e <strong>sempre pi\u00f9 poveri di proteine e minerali<\/strong>.<\/p><p>Questo effetto paradossale fu inizialmente osservato con le alghe. Facendo esperimenti in laboratorio i biologi si resero conto che, fornendo alle alghe pi\u00f9 luce, queste crescevano di pi\u00f9 e pi\u00f9 velocemente. Ci si aspettava quindi che lo zooplancton (i microscopici animali che vivono sospesi nelle acque nutrendosi di alghe), avendo pi\u00f9 cibo a disposizione, prosperasse. E invece no: lo zooplancton faticava a sopravvivere. <strong>Cosa stava succedendo?<\/strong><\/p><p>Il problema era che le alghe, crescendo troppo e troppo rapidamente, finivano per contenere una concentrazione inferiore di sostanze nutritive: e lo zooplancton, pur alimentandosi a saziet\u00e0, non riusciva a ricavare tutti i nutrienti di cui aveva bisogno. In pratica le alghe <strong>erano diventate <a href=\"https:\/\/www.erboristeriasalute.com\/news\/cibi-pronti\/\" target=\"_blank\" rel=\"noopener\">cibo spazzatura<\/a><\/strong>. Una situazione che ricorda in modo inquietante quello che accade oggigiorno con l\u2019alimentazione di tipo \u201camericano\u201d che si sta affermando in tutto il mondo: mangiamo troppo, eppure soffriamo di carenze di vitamine e minerali perch\u00e9 gli alimenti di cui ci nutriamo forniscono molte calorie e poche vere sostanze nutritive.<\/p><p>Quello che era stato osservato per le alghe troppo illuminate vale anche per i vegetali terrestri sottoposti a livelli eccessivi di CO<sub>2<\/sub>. A sospettarlo per la prima volta fu, gi\u00e0 vent\u2019anni fa, il biologo e matematico Irakli Loladze. Dopo anni passati ad analizzare tutti i dati scientifici disponibili, nel 2014 Loladze pubblic\u00f2 un <strong>importante <a href=\"https:\/\/doi.org\/10.7554\/eLife.02245\" target=\"_blank\" rel=\"noopener\">lavoro<\/a><\/strong>\u00a0in cui dimostrava che <strong>l\u2019aumento dell\u2019anidride carbonica nell\u2019atmosfera aveva gi\u00e0 causato una riduzione, piccola ma osservabile, nei livelli di tutti i 25 minerali misurati (tra cui <a href=\"https:\/\/www.erboristeriasalute.com\/news\/anemia-ferro\/\" target=\"_blank\" rel=\"noopener\">ferro<\/a><\/strong><strong>, <a href=\"https:\/\/www.erboristeriasalute.com\/news\/funzioni-del-magnesio\/\" target=\"_blank\" rel=\"noopener\">magnesio<\/a><\/strong><strong>, <a href=\"https:\/\/www.erboristeriasalute.com\/news\/zinco-infezioni\/\" target=\"_blank\" rel=\"noopener\">zinco<\/a><\/strong><strong>, <a href=\"https:\/\/www.erboristeriasalute.com\/news\/calcio-e-vitamina-d-contro-i-rischi-di-fratture\/\" target=\"_blank\" rel=\"noopener\">calcio<\/a><\/strong><strong>, potassio), in tutti i tessuti delle piante (compresi i semi dei cereali) e indipendentemente dal luogo di coltivazione<\/strong>. Parallelamente, c\u2019era stato un <strong>notevole aumento nel contenuto di amido e <a href=\"https:\/\/www.erboristeriasalute.com\/news\/zuccheri-e-cancro\/\" target=\"_blank\" rel=\"noopener\">zuccheri semplici<\/a><\/strong><strong> e una corrispondente riduzione nelle <a href=\"https:\/\/www.erboristeriasalute.com\/news\/vuoi-dimagrire-mangia-piu-proteine\/\" target=\"_blank\" rel=\"noopener\">proteine<\/a><\/strong>. E nel futuro, a meno che non si riesca ad arginare la crisi climatica, questi effetti sugli alimenti sono destinati ad aumentare.<\/p><p>In un recente <a href=\"https:\/\/doi.org\/10.1002\/mnfr.201801047\" target=\"_blank\" rel=\"noopener\">lavoro<\/a>, inoltre, Loladze dimostra che l\u2019aumento della CO<sub>2<\/sub> atmosferica ha <strong>ridotto anche il contenuto di carotenoidi<\/strong> dei vegetali. I carotenoidi sono i precursori della vitamina A, hanno azione antiossidante e in generale sono essenziali per la salute umana. In questo caso il motivo \u00e8 duplice: oltre a un effetto di diluizione simile a quanto osservato per i minerali, i ricercatori hanno osservato anche che in presenza di elevati livelli di CO<sub>2<\/sub> le piante producono meno carotenoidi.<\/p>\t\t\t\t\t\t\t\t<\/div>\n\t\t\t\t<\/div>\n\t\t\t\t\t<\/div>\n\t\t<\/div>\n\t\t\t\t\t<\/div>\n\t\t<\/section>\n\t\t\t\t<section class=\"elementor-section elementor-top-section elementor-element elementor-element-0bd9765 elementor-section-boxed elementor-section-height-default elementor-section-height-default\" data-id=\"0bd9765\" data-element_type=\"section\" data-e-type=\"section\">\n\t\t\t\t\t\t<div class=\"elementor-container elementor-column-gap-default\">\n\t\t\t\t\t<div class=\"elementor-column elementor-col-100 elementor-top-column elementor-element elementor-element-e594d87\" data-id=\"e594d87\" data-element_type=\"column\" data-e-type=\"column\">\n\t\t\t<div class=\"elementor-widget-wrap elementor-element-populated\">\n\t\t\t\t\t\t<div class=\"elementor-element elementor-element-226b773 elementor-widget elementor-widget-image\" data-id=\"226b773\" data-element_type=\"widget\" data-e-type=\"widget\" data-widget_type=\"image.default\">\n\t\t\t\t<div class=\"elementor-widget-container\">\n\t\t\t\t\t\t\t\t\t\t\t\t\t\t\t<img fetchpriority=\"high\" decoding=\"async\" width=\"750\" height=\"450\" src=\"https:\/\/www.erboristeriasalute.com\/news\/wp-content\/uploads\/2023\/12\/crisi-climatica-alimenti.jpg\" class=\"attachment-large size-large wp-image-8126\" alt=\"crisi climatica alimenti meno nutrienti\" srcset=\"https:\/\/www.erboristeriasalute.com\/news\/wp-content\/uploads\/2023\/12\/crisi-climatica-alimenti.jpg 750w, https:\/\/www.erboristeriasalute.com\/news\/wp-content\/uploads\/2023\/12\/crisi-climatica-alimenti-300x180.jpg 300w\" sizes=\"(max-width: 750px) 100vw, 750px\" \/>\t\t\t\t\t\t\t\t\t\t\t\t\t\t\t<\/div>\n\t\t\t\t<\/div>\n\t\t\t\t\t<\/div>\n\t\t<\/div>\n\t\t\t\t\t<\/div>\n\t\t<\/section>\n\t\t\t\t<section class=\"elementor-section elementor-top-section elementor-element elementor-element-be720b1 elementor-section-boxed elementor-section-height-default elementor-section-height-default\" data-id=\"be720b1\" data-element_type=\"section\" data-e-type=\"section\">\n\t\t\t\t\t\t<div class=\"elementor-container elementor-column-gap-default\">\n\t\t\t\t\t<div class=\"elementor-column elementor-col-100 elementor-top-column elementor-element elementor-element-61d305e\" data-id=\"61d305e\" data-element_type=\"column\" data-e-type=\"column\">\n\t\t\t<div class=\"elementor-widget-wrap elementor-element-populated\">\n\t\t\t\t\t\t<div class=\"elementor-element elementor-element-6f9d47a elementor-widget elementor-widget-text-editor\" data-id=\"6f9d47a\" data-element_type=\"widget\" data-e-type=\"widget\" data-widget_type=\"text-editor.default\">\n\t\t\t\t<div class=\"elementor-widget-container\">\n\t\t\t\t\t\t\t\t\t<h2>Non solo crisi climatica: altri fattori che riducono le qualit\u00e0 nutrizionali degli alimenti<\/h2><p>Negli ultimi decenni stiamo assistendo a un generalizzato calo di qualit\u00e0 dei cibi di origine vegetale. Oltre alla crisi climatica ci sono <strong>altri fattori che concorrono a rendere gli alimenti meno nutrienti<\/strong>. Secondo gli esperti, uno dei principali \u00e8 la <strong>selezione di<\/strong> <strong>variet\u00e0 pi\u00f9 redditizie<\/strong>. Gli agronomi si sono sempre concentrati sull\u2019aumentare la resa delle colture, la loro resistenza alle malattie e ai parassiti, la facilit\u00e0 di raccolta e di lavorazione, la conservabilit\u00e0, eccetera, ma non si sono mai preoccupati delle propriet\u00e0 nutritive: anzi, in questo modo spesso hanno inavvertitamente selezionato <strong>variet\u00e0 meno nutrienti<\/strong>.<\/p><p>Come abbiamo visto, infatti, una pianta che cresce pi\u00f9 rapidamente o raggiunge dimensioni maggiori spesso non riesce ad assorbire una maggior quantit\u00e0 di sostanze nutritive dal suolo, e quindi i nutrienti risultano diluiti. Oppure un vegetale pu\u00f2 essere meno gradito agli erbivori o agli insetti proprio perch\u00e9 \u00e8 meno nutriente (anche per gli esseri umani). Un altro esempio \u00e8 quello del mais, le cui proteine sono praticamente prive degli aminoacidi lisina e triptofano, il che ne abbassa la qualit\u00e0. Variet\u00e0 che ne contengono di pi\u00f9, e che quindi sono migliori dal punto di vista nutrizionale, hanno semi pi\u00f9 morbidi che facilmente durante la raccolta si danneggiano, e inoltre sono maggiormente soggette a malattie e hanno una resa inferiore, e quindi dal punto di vista economico non sono interessanti.<\/p><p>Anche alcune <strong>pratiche tipiche dell\u2019agricoltura intensiva e industrializzata<\/strong> contribuiscono a ridurre la qualit\u00e0 nutrizionale delle colture. Ad esempio \u00e8 stato osservato che l\u2019uso dei fertilizzanti chimici riduce il contenuto di vitamina C di molti frutti e ortaggi, e diminuisce il valore biologico delle proteine dei cereali. Arature eccessive, una semplificazione esagerata delle rotazioni colturali o l\u2019abbandono dei concimi organici favoriscono l\u2019erosione e l\u2019impoverimento del suolo, che inevitabilmente si traduce in una ridotta concentrazione di minerali e oligoelementi nelle colture.<\/p><p>Non dimentichiamo poi che i frutti e gli ortaggi che arrivano sui banchi dei supermercati vengono spesso <strong>raccolti ancora acerbi e conservati a lungo<\/strong>: entrambe pratiche che li impoveriscono di vitamine.<\/p><p>Il risultato \u00e8 che <strong>la qualit\u00e0 della nostra alimentazione<\/strong> (e in particolare dei cibi di origine vegetale, che sono la base di un\u2019alimentazione sana) <strong>diminuisce sempre di pi\u00f9<\/strong>. \u00c8 vero, possiamo acquistare frutta e verdura biologiche e a chilometri zero, o magari coltivarle nel nostro orto, ma l\u2019effetto sugli alimenti di alcuni fattori come la crisi climatica non \u00e8 eliminabile.<\/p><p>\u00c8 vero che le malattie dovute a gravi carenze alimentari (scorbuto, pellagra, ecc.) qui da noi non esistono praticamente pi\u00f9, ma questo non significa che assumiamo una quantit\u00e0 ottimale di micronutrienti. Oltre alle carenze conclamate, infatti, esistono quelle che vengono chiamate <strong>carenze marginali<\/strong>: non cos\u00ec gravi da portare a malattie acute, ma <strong>sufficienti affinch\u00e9 l\u2019organismo non funzioni al suo meglio<\/strong>. Nel tempo le carenze marginali di vitamine e minerali possono alterare il buon funzionamento di tutti gli organi e apparati, accelerando il processo di invecchiamento e favorendo le patologie croniche.<\/p><p>E allora, <strong>cosa possiamo fare per assicurare al nostro organismo un sufficiente apporto di tutti i micronutrienti di cui ha bisogno?<\/strong><\/p>\t\t\t\t\t\t\t\t<\/div>\n\t\t\t\t<\/div>\n\t\t\t\t\t<\/div>\n\t\t<\/div>\n\t\t\t\t\t<\/div>\n\t\t<\/section>\n\t\t\t\t<section class=\"elementor-section elementor-top-section elementor-element elementor-element-13c40f70 elementor-section-boxed elementor-section-height-default elementor-section-height-default\" data-id=\"13c40f70\" data-element_type=\"section\" data-e-type=\"section\">\n\t\t\t\t\t\t<div class=\"elementor-container elementor-column-gap-default\">\n\t\t\t\t\t<div class=\"elementor-column elementor-col-100 elementor-top-column elementor-element elementor-element-3aa71f41\" data-id=\"3aa71f41\" data-element_type=\"column\" data-e-type=\"column\">\n\t\t\t<div class=\"elementor-widget-wrap elementor-element-populated\">\n\t\t\t\t\t\t<div class=\"elementor-element elementor-element-34973dd9 elementor-widget elementor-widget-text-editor\" data-id=\"34973dd9\" data-element_type=\"widget\" data-e-type=\"widget\" data-widget_type=\"text-editor.default\">\n\t\t\t\t<div class=\"elementor-widget-container\">\n\t\t\t\t\t\t\t\t\t<h2 style=\"text-align: center;\">La risposta NutraLabs si chiama<br \/>DAILY FOOD NUTRIBILANCIATO<\/h2><p><a href=\"https:\/\/www.erboristeriasalute.com\/prodotto\/daily-food-nutribilanciato\/\" target=\"_blank\" rel=\"noopener\"><strong>DAILY FOOD NUTRIBILANCIATO <\/strong><\/a>contiene una straordinaria fonte 100% naturale e bilanciata di proteine, vitamine e minerali: la Spirulina.<\/p><p>Non solo: grazie alla presenza di Melograno (formidabile antiossidante) e Aloe vera (che sfiamma e supporta il benessere dell\u2019intestino) <a href=\"https:\/\/www.erboristeriasalute.com\/prodotto\/daily-food-nutribilanciato\/\" target=\"_blank\" rel=\"noopener\"><strong>DAILY FOOD NUTRIBILANCIATO<\/strong><\/a> ti aiuta giorno per giorno a combattere gli altri due grandi nemici della salute dei giorni nostri: lo stress ossidativo e l\u2019infiammazione intestinale.<\/p><p><strong>Non troverai questa combinazione in nessun altro integratore!<\/strong><\/p><p><a href=\"https:\/\/www.erboristeriasalute.com\/prodotto\/daily-food-nutribilanciato\/\" target=\"_blank\" rel=\"noopener\"><strong>DAILY FOOD NUTRIBILANCIATO<\/strong><\/a> \u00e8 pensato per colmare le carenze dello stile di vita moderno, \u00e8 quindi consigliata una sua regolare assunzione per lunghissimo tempo.<\/p><p><strong><em>DAILY FOOD NUTRIBILANCIATO, la buona abitudine quotidiana che ti aiuta a restare in salute<\/em><\/strong>. <em><strong>Vitalit\u00e0, serenit\u00e0 e benessere!<\/strong><\/em><\/p><p>Acquistalo sul nostro sito a un <strong>PREZZO ECCEZIONALE<\/strong>!<\/p>\t\t\t\t\t\t\t\t<\/div>\n\t\t\t\t<\/div>\n\t\t\t\t\t<\/div>\n\t\t<\/div>\n\t\t\t\t\t<\/div>\n\t\t<\/section>\n\t\t\t\t<section class=\"elementor-section elementor-top-section elementor-element elementor-element-2e5d8713 elementor-section-boxed elementor-section-height-default elementor-section-height-default\" data-id=\"2e5d8713\" data-element_type=\"section\" data-e-type=\"section\">\n\t\t\t\t\t\t<div class=\"elementor-container elementor-column-gap-default\">\n\t\t\t\t\t<div class=\"elementor-column elementor-col-100 elementor-top-column elementor-element elementor-element-1c373357\" data-id=\"1c373357\" data-element_type=\"column\" data-e-type=\"column\">\n\t\t\t<div class=\"elementor-widget-wrap elementor-element-populated\">\n\t\t\t\t\t\t<div class=\"elementor-element elementor-element-3e727d81 elementor-widget elementor-widget-image\" data-id=\"3e727d81\" data-element_type=\"widget\" data-e-type=\"widget\" data-widget_type=\"image.default\">\n\t\t\t\t<div class=\"elementor-widget-container\">\n\t\t\t\t\t\t\t\t\t\t\t\t\t\t\t\t<a href=\"https:\/\/www.erboristeriasalute.com\/prodotto\/daily-food-nutribilanciato\/\" target=\"_blank\">\n\t\t\t\t\t\t\t<img decoding=\"async\" width=\"300\" height=\"225\" src=\"https:\/\/www.erboristeriasalute.com\/news\/wp-content\/uploads\/2023\/11\/DailyFood-300x225.jpg\" class=\"attachment-medium size-medium wp-image-8069\" alt=\"Daily Food Nutribilanciato NutraLabs\" srcset=\"https:\/\/www.erboristeriasalute.com\/news\/wp-content\/uploads\/2023\/11\/DailyFood-300x225.jpg 300w, https:\/\/www.erboristeriasalute.com\/news\/wp-content\/uploads\/2023\/11\/DailyFood-100x75.jpg 100w, https:\/\/www.erboristeriasalute.com\/news\/wp-content\/uploads\/2023\/11\/DailyFood.jpg 640w\" sizes=\"(max-width: 300px) 100vw, 300px\" \/>\t\t\t\t\t\t\t\t<\/a>\n\t\t\t\t\t\t\t\t\t\t\t\t\t\t\t<\/div>\n\t\t\t\t<\/div>\n\t\t\t\t\t<\/div>\n\t\t<\/div>\n\t\t\t\t\t<\/div>\n\t\t<\/section>\n\t\t\t\t<section class=\"elementor-section elementor-top-section elementor-element elementor-element-18562030 elementor-section-boxed elementor-section-height-default elementor-section-height-default\" data-id=\"18562030\" data-element_type=\"section\" data-e-type=\"section\">\n\t\t\t\t\t\t<div class=\"elementor-container elementor-column-gap-default\">\n\t\t\t\t\t<div class=\"elementor-column elementor-col-100 elementor-top-column elementor-element elementor-element-7d5c030d\" data-id=\"7d5c030d\" data-element_type=\"column\" data-e-type=\"column\">\n\t\t\t<div class=\"elementor-widget-wrap elementor-element-populated\">\n\t\t\t\t\t\t<div class=\"elementor-element elementor-element-7f1b5d2d elementor-widget elementor-widget-text-editor\" data-id=\"7f1b5d2d\" data-element_type=\"widget\" data-e-type=\"widget\" data-widget_type=\"text-editor.default\">\n\t\t\t\t<div class=\"elementor-widget-container\">\n\t\t\t\t\t\t\t\t\t<p><span style=\"color: #0000ff;\"><strong><em>Ti \u00e8 piaciuto questo articolo? Allora fallo leggere anche ai tuoi amici!<br \/>Condividilo sui social e metti un \u201cmi piace\u201d al nostro profilo!<\/em><\/strong><\/span><\/p>\t\t\t\t\t\t\t\t<\/div>\n\t\t\t\t<\/div>\n\t\t\t\t\t<\/div>\n\t\t<\/div>\n\t\t\t\t\t<\/div>\n\t\t<\/section>\n\t\t\t\t<\/div>\n\t\t","protected":false},"excerpt":{"rendered":"<p>Scioglimento dei ghiacciai, aumento del livello degli oceani, fenomeni meteorologici estremi. Ma la crisi climatica ha un\u2019altra conseguenza, di cui pochi sono a conoscenza: sta riducendo sempre pi\u00f9 il profilo nutrizionale degli alimenti vegetali. Il<\/p>\n","protected":false},"author":3,"featured_media":8126,"comment_status":"closed","ping_status":"closed","sticky":false,"template":"","format":"standard","meta":{"footnotes":""},"categories":[22,338],"tags":[279,479,390,206,262,419],"class_list":["post-8124","post","type-post","status-publish","format-standard","has-post-thumbnail","hentry","category-alimentazione","category-scienza-ambiente","tag-cambiamenti-climatici","tag-daily-food-nutribilanciato","tag-proteine","tag-sali-minerali","tag-vitamine","tag-zuccheri"],"_links":{"self":[{"href":"https:\/\/www.erboristeriasalute.com\/news\/wp-json\/wp\/v2\/posts\/8124","targetHints":{"allow":["GET"]}}],"collection":[{"href":"https:\/\/www.erboristeriasalute.com\/news\/wp-json\/wp\/v2\/posts"}],"about":[{"href":"https:\/\/www.erboristeriasalute.com\/news\/wp-json\/wp\/v2\/types\/post"}],"author":[{"embeddable":true,"href":"https:\/\/www.erboristeriasalute.com\/news\/wp-json\/wp\/v2\/users\/3"}],"replies":[{"embeddable":true,"href":"https:\/\/www.erboristeriasalute.com\/news\/wp-json\/wp\/v2\/comments?post=8124"}],"version-history":[{"count":0,"href":"https:\/\/www.erboristeriasalute.com\/news\/wp-json\/wp\/v2\/posts\/8124\/revisions"}],"wp:featuredmedia":[{"embeddable":true,"href":"https:\/\/www.erboristeriasalute.com\/news\/wp-json\/wp\/v2\/media\/8126"}],"wp:attachment":[{"href":"https:\/\/www.erboristeriasalute.com\/news\/wp-json\/wp\/v2\/media?parent=8124"}],"wp:term":[{"taxonomy":"category","embeddable":true,"href":"https:\/\/www.erboristeriasalute.com\/news\/wp-json\/wp\/v2\/categories?post=8124"},{"taxonomy":"post_tag","embeddable":true,"href":"https:\/\/www.erboristeriasalute.com\/news\/wp-json\/wp\/v2\/tags?post=8124"}],"curies":[{"name":"wp","href":"https:\/\/api.w.org\/{rel}","templated":true}]}}