{"id":9505,"date":"2025-01-29T09:24:00","date_gmt":"2025-01-29T08:24:00","guid":{"rendered":"https:\/\/www.erboristeriasalute.com\/news\/?p=9505"},"modified":"2025-01-29T09:24:01","modified_gmt":"2025-01-29T08:24:01","slug":"infezioni-respiratorie-probiotici-asse-intestino-polmoni","status":"publish","type":"post","link":"https:\/\/www.erboristeriasalute.com\/news\/infezioni-respiratorie-probiotici-asse-intestino-polmoni\/","title":{"rendered":"INFEZIONI RESPIRATORIE, PROBIOTICI E L\u2019ASSE INTESTINO-POLMONI"},"content":{"rendered":"\t\t<div data-elementor-type=\"wp-post\" data-elementor-id=\"9505\" class=\"elementor elementor-9505\">\n\t\t\t\t\t\t<section class=\"elementor-section elementor-top-section elementor-element elementor-element-a1870b4 elementor-section-boxed elementor-section-height-default elementor-section-height-default\" data-id=\"a1870b4\" data-element_type=\"section\" data-e-type=\"section\">\n\t\t\t\t\t\t<div class=\"elementor-container elementor-column-gap-default\">\n\t\t\t\t\t<div class=\"elementor-column elementor-col-100 elementor-top-column elementor-element elementor-element-95b742b\" data-id=\"95b742b\" data-element_type=\"column\" data-e-type=\"column\">\n\t\t\t<div class=\"elementor-widget-wrap elementor-element-populated\">\n\t\t\t\t\t\t<div class=\"elementor-element elementor-element-7b962a8 elementor-widget elementor-widget-text-editor\" data-id=\"7b962a8\" data-element_type=\"widget\" data-e-type=\"widget\" data-widget_type=\"text-editor.default\">\n\t\t\t\t<div class=\"elementor-widget-container\">\n\t\t\t\t\t\t\t\t\t<p><em>Pu\u00f2 sembrare sorprendente, ma \u00e8 scientificamente provato: il microbiota intestinale influenza la salute delle vie respiratorie. Ed \u00e8 proprio per questo che i probiotici aiutano a prevenire e contrastare le infezioni respiratorie virali tipiche della stagione invernale, come raffreddori e influenza.<\/em><\/p><p>Hai mai sentito parlare di asse intestino-polmoni?<\/p><p>\u00c8 il termine che gli scienziati usano per indicare la <strong>comunicazione bidirezionale<\/strong> tra questi due organi. <strong>L\u2019intestino influenza i polmoni<\/strong> (o, per meglio dire, l\u2019intero sistema respiratorio), <strong>i polmoni influenzano l\u2019intestino<\/strong>.<\/p><p>E un attore essenziale in questa comunicazione \u00e8 il <strong>microbiota intestinale<\/strong>, ossia i miliardi e miliardi di batteri che popolano il nostro intestino. Il che spiega, tra l\u2019altro, un fatto a prima vista sorprendente, ma scientificamente provato: <strong>i probiotici aiutano a contrastare le infezioni respiratorie<\/strong>.<\/p><p>Se ti sembra strano che i batteri intestinali possano far sentire la loro influenza fino ai polmoni, in questo articolo ti spieghiamo come \u00e8 possibile.<\/p><h2>L\u2019asse intestino-polmoni: dall\u2019intestino ai polmoni\u2026<\/h2><p>I dati scientifici non lasciano dubbi: <strong>il microbiota intestinale <a href=\"https:\/\/www.erboristeriasalute.com\/news\/a-cosa-serve-il-microbiota-intestinale\/\" target=\"_blank\" rel=\"noopener\">\u00e8 uno dei fattori chiave<\/a> che guidano lo sviluppo e la regolazione del sistema immunitario<\/strong>. Non solo a livello intestinale, ma in tutte le altre parti dell\u2019organismo, tra cui le vie respiratorie.<\/p><p>\u00c8 anche per via dei segnali provenienti dall\u2019intestino, infatti, che siamo pi\u00f9 o meno soggetti a sviluppare allergie, o che siamo pi\u00f9 o meno in grado di combattere le infezioni. Lo dimostrano con molta chiarezza gli studi su <strong>topi nati e allevati in condizioni sterili, in modo che siano privi di microbiota intestinale<\/strong>, oppure con un microbiota pesantemente alterato dalla somministrazione di antibiotici: quando entrano in contatto con un virus respiratorio, questi animali mostrano una <strong>risposta immunitaria pi\u00f9 debole<\/strong> rispetto ai compagni con un microbiota intestinale normale, e si ammalano pi\u00f9 spesso e pi\u00f9 gravemente.<\/p><p>I <strong>meccanismi attraverso cui il microbiota intestinale influenza le difese immunitarie delle vie respiratorie<\/strong> sono numerosi. Uno dei pi\u00f9 importanti coinvolge gli <strong>interferoni<\/strong>, che rappresentano un fattore chiave delle nostre difese contro i virus. Quando una cellula viene infettata da un virus rilascia interferoni come segnale di allerta, per avvisare le cellule vicine della presenza del virus. Le cellule che ricevono il segnale degli interferoni attivano meccanismi che ne aumentano la resistenza al virus, oppure, se si tratta di cellule immunitarie, reagiscono attivandosi per combattere l\u2019infezione.<\/p><p>Ebbene, si \u00e8 visto che <strong>alcune sostanze prodotte dal microbiota intestinale<\/strong> passano nel sangue, raggiungono i polmoni e qui <strong>potenziano l\u2019azione degli interferoni<\/strong>, migliorando le nostre difese antivirali. Si tratta degli <strong>acidi grassi a catena corta<\/strong>, prodotti finali del metabolismo delle fibre, e della <strong>desaminotirosina<\/strong>, metabolita dei flavonoidi. Perch\u00e9 ne vengano prodotte buone quantit\u00e0 occorre che il microbiota abbia a disposizione i giusti substrati: <strong>fibre e flavonoidi<\/strong>, appunto, che sono entrambi abbondanti negli alimenti vegetali. <strong>Mangiare tanta frutta e verdura<\/strong> ci aiuta a contrastare influenza e raffreddori.<\/p>\t\t\t\t\t\t\t\t<\/div>\n\t\t\t\t<\/div>\n\t\t\t\t\t<\/div>\n\t\t<\/div>\n\t\t\t\t\t<\/div>\n\t\t<\/section>\n\t\t\t\t<section class=\"elementor-section elementor-top-section elementor-element elementor-element-ee1e13d elementor-section-boxed elementor-section-height-default elementor-section-height-default\" data-id=\"ee1e13d\" data-element_type=\"section\" data-e-type=\"section\">\n\t\t\t\t\t\t<div class=\"elementor-container elementor-column-gap-default\">\n\t\t\t\t\t<div class=\"elementor-column elementor-col-100 elementor-top-column elementor-element elementor-element-a92c5c7\" data-id=\"a92c5c7\" data-element_type=\"column\" data-e-type=\"column\">\n\t\t\t<div class=\"elementor-widget-wrap elementor-element-populated\">\n\t\t\t\t\t\t<div class=\"elementor-element elementor-element-5bc8c76 elementor-widget elementor-widget-image\" data-id=\"5bc8c76\" data-element_type=\"widget\" data-e-type=\"widget\" data-widget_type=\"image.default\">\n\t\t\t\t<div class=\"elementor-widget-container\">\n\t\t\t\t\t\t\t\t\t\t\t\t\t\t\t<img fetchpriority=\"high\" decoding=\"async\" width=\"750\" height=\"450\" src=\"https:\/\/www.erboristeriasalute.com\/news\/wp-content\/uploads\/2025\/01\/probiotici-infezioni-respiratorie-asse-intestino-cervello.jpg\" class=\"attachment-large size-large wp-image-9507\" alt=\"probiotici infezioni respiratorie asse intestino cervello\" srcset=\"https:\/\/www.erboristeriasalute.com\/news\/wp-content\/uploads\/2025\/01\/probiotici-infezioni-respiratorie-asse-intestino-cervello.jpg 750w, https:\/\/www.erboristeriasalute.com\/news\/wp-content\/uploads\/2025\/01\/probiotici-infezioni-respiratorie-asse-intestino-cervello-300x180.jpg 300w\" sizes=\"(max-width: 750px) 100vw, 750px\" \/>\t\t\t\t\t\t\t\t\t\t\t\t\t\t\t<\/div>\n\t\t\t\t<\/div>\n\t\t\t\t\t<\/div>\n\t\t<\/div>\n\t\t\t\t\t<\/div>\n\t\t<\/section>\n\t\t\t\t<section class=\"elementor-section elementor-top-section elementor-element elementor-element-1e6bcd6 elementor-section-boxed elementor-section-height-default elementor-section-height-default\" data-id=\"1e6bcd6\" data-element_type=\"section\" data-e-type=\"section\">\n\t\t\t\t\t\t<div class=\"elementor-container elementor-column-gap-default\">\n\t\t\t\t\t<div class=\"elementor-column elementor-col-100 elementor-top-column elementor-element elementor-element-e435701\" data-id=\"e435701\" data-element_type=\"column\" data-e-type=\"column\">\n\t\t\t<div class=\"elementor-widget-wrap elementor-element-populated\">\n\t\t\t\t\t\t<div class=\"elementor-element elementor-element-00b121a elementor-widget elementor-widget-text-editor\" data-id=\"00b121a\" data-element_type=\"widget\" data-e-type=\"widget\" data-widget_type=\"text-editor.default\">\n\t\t\t\t<div class=\"elementor-widget-container\">\n\t\t\t\t\t\t\t\t\t<p>Gli <strong>acidi grassi a catena corta<\/strong> (e quindi una dieta ricca di fibre) hanno altre due azioni importanti, stando agli studi condotti sui topi. <strong>Stimolano l\u2019attivit\u00e0 dei linfociti T citotossici<\/strong>, un tipo di globuli bianchi capaci di uccidere le cellule infettate da virus. Allo stesso tempo danno precise istruzioni ai macrofagi polmonari, che sono tra le prime cellule immunitarie a riconoscere e rispondere ai virus respiratori, affinch\u00e9 <strong>non scatenino un\u2019infiammazione eccessiva<\/strong>, che potrebbe danneggiare seriamente i polmoni, pi\u00f9 del virus stesso.<\/p><p>Dunque nel complesso i prodotti metabolici di un <a href=\"https:\/\/www.erboristeriasalute.com\/news\/composizione-microbiota-intestinale-eubiosi-disbiosi\/\" target=\"_blank\" rel=\"noopener\"><strong>microbiota intestinale sano<\/strong><\/a> promuovono una <strong>risposta immunitaria equilibrata<\/strong>, che contrasta i virus respiratori senza causare eccessive reazioni infiammatorie.<\/p><p>Di contro, <strong>possiamo supporre che la risposta immunitaria nelle vie respiratorie sia danneggiata da qualsiasi alterazione del microbiota intestinale<\/strong>, come nel caso di un\u2019alimentazione scorretta, assunzione di antibiotici, o disbiosi associata all\u2019obesit\u00e0 o all\u2019invecchiamento. Le conseguenze potrebbero essere una <strong>maggiore suscettibilit\u00e0<\/strong> <strong>alle infezioni respiratorie<\/strong>, ma anche alle <strong>complicanze infiammatorie<\/strong> delle infezioni stesse, cio\u00e8 a sviluppare forme severe di infezione caratterizzate da una reazione infiammatoria esagerata e disregolata.<\/p><h2>\u2026 E dai polmoni all\u2019intestino<\/h2><p>Questo per quanto concerne l\u2019influenza del microbiota intestinale sull\u2019apparato respiratorio. Ma l\u2019asse intestino-polmoni funziona anche nel verso opposto, quello cio\u00e8 della comunicazione <strong>dalle vie respiratorie verso l\u2019intestino<\/strong>.<\/p><p>Restando sul tema delle infezioni virali, sappiamo bene che possono creare anche sintomi gastrointestinali come dolore addominale, diarrea, nausea e vomito. In alcuni casi il virus responsabile aggredisce sia il sistema respiratorio che quello gastrointestinale, ma in altri no, resta confinato alle vie respiratorie.<\/p><p>Alcuni studi su topi, ad esempio, hanno mostrato che <strong>durante l\u2019influenza si verifica una <a href=\"https:\/\/www.erboristeriasalute.com\/news\/composizione-microbiota-intestinale-eubiosi-disbiosi\/\" target=\"_blank\" rel=\"noopener\">disbiosi intestinale<\/a><\/strong> e la produzione di acidi grassi a catena corta diminuisce, anche se nei tessuti del colon non si trova traccia del virus influenzale. Il motivo non \u00e8 ancora chiaro, ma gli studiosi ipotizzano che la causa potrebbe risiedere negli interferoni secreti in risposta all\u2019infezione respiratoria, e che fanno sentire il loro effetto su tutto il corpo.<\/p><p>Ad ogni modo la disbiosi potrebbe da un lato essere responsabile dei sintomi gastrointestinali dell\u2019influenza, e dall\u2019altro impattare negativamente le difese immunitarie e quindi <strong>peggiorare l\u2019infezione stessa<\/strong>.<\/p><h2>Probiotici contro le infezioni respiratorie<\/h2><p>Se i batteri intestinali influenzano le difese contro le infezioni respiratorie, e queste dal canto loro alterano il microbiota, possiamo supporre che <strong>ripristinare o mantenere l\u2019eubiosi intestinale<\/strong> <strong>sia un utile strumento per<\/strong> <strong>contrastare le infezioni respiratorie<\/strong>.<\/p><p>E qui <strong>ci vengono in aiuto i probiotici<\/strong>.<\/p><p>Sono stati condotti diversi studi clinici per verificare l\u2019utilit\u00e0 dei probiotici in questo campo. E la risposta \u00e8 s\u00ec: <strong>l\u2019assunzione di probiotici riduce l\u2019incidenza e la severit\u00e0 delle infezioni respiratorie<\/strong>, come conclude tra le altre anche una revisione, particolarmente rigorosa, pubblicata nel 2022.<\/p><p>Il modo in cui i probiotici esercitano questa azione benefica non \u00e8 ancora del tutto chiaro. L\u2019ipotesi pi\u00f9 accreditata \u00e8 che, tramite l\u2019asse intestino-polmoni, <strong>i probiotici influenzino le reazioni immunitarie delle vie aeree<\/strong> nel modo che abbiamo visto essere tipico di un microbiota intestinale sano: cio\u00e8 da un lato stimolando i meccanismi di difesa, e dall\u2019altro evitando un\u2019infiammazione eccessiva.<\/p><p>Non solo salute intestinale, dunque: assumere probiotici pu\u00f2 aiutarci anche a trascorrere un inverno libero (o almeno pi\u00f9 libero) da influenze e raffreddori.<\/p><p><em>Sullo stesso argomento leggi anche: <a href=\"https:\/\/www.erboristeriasalute.com\/news\/malanni-invernali-previenili-con-i-probiotici\/\" target=\"_blank\" rel=\"noopener\">Malanni invernali? Previenili con i probiotici<\/a>\u00a0<\/em><\/p>\t\t\t\t\t\t\t\t<\/div>\n\t\t\t\t<\/div>\n\t\t\t\t\t<\/div>\n\t\t<\/div>\n\t\t\t\t\t<\/div>\n\t\t<\/section>\n\t\t\t\t<section class=\"elementor-section elementor-top-section elementor-element elementor-element-5bab9a60 elementor-section-boxed elementor-section-height-default elementor-section-height-default\" data-id=\"5bab9a60\" data-element_type=\"section\" data-e-type=\"section\">\n\t\t\t\t\t\t<div class=\"elementor-container elementor-column-gap-default\">\n\t\t\t\t\t<div class=\"elementor-column elementor-col-100 elementor-top-column elementor-element elementor-element-51a96e85\" data-id=\"51a96e85\" data-element_type=\"column\" data-e-type=\"column\">\n\t\t\t<div class=\"elementor-widget-wrap elementor-element-populated\">\n\t\t\t\t\t\t<section class=\"elementor-section elementor-inner-section elementor-element elementor-element-5f24e187 elementor-section-boxed elementor-section-height-default elementor-section-height-default\" data-id=\"5f24e187\" data-element_type=\"section\" data-e-type=\"section\">\n\t\t\t\t\t\t<div class=\"elementor-container elementor-column-gap-default\">\n\t\t\t\t\t<div class=\"elementor-column elementor-col-100 elementor-inner-column elementor-element elementor-element-74dc552d\" data-id=\"74dc552d\" data-element_type=\"column\" data-e-type=\"column\">\n\t\t\t<div class=\"elementor-widget-wrap elementor-element-populated\">\n\t\t\t\t\t\t<div class=\"elementor-element elementor-element-25ddc89d elementor-widget elementor-widget-text-editor\" data-id=\"25ddc89d\" data-element_type=\"widget\" data-e-type=\"widget\" data-widget_type=\"text-editor.default\">\n\t\t\t\t<div class=\"elementor-widget-container\">\n\t\t\t\t\t\t\t\t\t<h2 style=\"text-align: center;\"><span style=\"color: #333399;\">Stai cercando un Probiotico di Alta Qualit\u00e0?<\/span><\/h2><h2 style=\"text-align: center;\"><span style=\"color: #333399;\">NutraLabs ti propone<br \/><a href=\"https:\/\/www.erboristeriasalute.com\/prodotto\/naturaflora-plus-60\/\" target=\"_blank\" rel=\"noopener\">NATURAFLORA PLUS<\/a>!<\/span><\/h2>\t\t\t\t\t\t\t\t<\/div>\n\t\t\t\t<\/div>\n\t\t\t\t\t<\/div>\n\t\t<\/div>\n\t\t\t\t\t<\/div>\n\t\t<\/section>\n\t\t\t\t<div class=\"elementor-element elementor-element-44a3ea45 elementor-widget elementor-widget-image\" data-id=\"44a3ea45\" data-element_type=\"widget\" data-e-type=\"widget\" data-widget_type=\"image.default\">\n\t\t\t\t<div class=\"elementor-widget-container\">\n\t\t\t\t\t\t\t\t\t\t\t\t\t\t\t\t<a href=\"https:\/\/www.erboristeriasalute.com\/prodotto\/naturaflora-plus-60\/\" target=\"_blank\">\n\t\t\t\t\t\t\t<img decoding=\"async\" width=\"750\" height=\"347\" src=\"https:\/\/www.erboristeriasalute.com\/news\/wp-content\/uploads\/2021\/12\/naturaflora-plus-lactosegluten-free-1024x474.jpg\" class=\"attachment-large size-large wp-image-8273\" alt=\"Naturaflora plus NutraLabs 30 e 60 capsule\" srcset=\"https:\/\/www.erboristeriasalute.com\/news\/wp-content\/uploads\/2021\/12\/naturaflora-plus-lactosegluten-free-1024x474.jpg 1024w, https:\/\/www.erboristeriasalute.com\/news\/wp-content\/uploads\/2021\/12\/naturaflora-plus-lactosegluten-free-300x139.jpg 300w, https:\/\/www.erboristeriasalute.com\/news\/wp-content\/uploads\/2021\/12\/naturaflora-plus-lactosegluten-free-768x356.jpg 768w, https:\/\/www.erboristeriasalute.com\/news\/wp-content\/uploads\/2021\/12\/naturaflora-plus-lactosegluten-free.jpg 1123w\" sizes=\"(max-width: 750px) 100vw, 750px\" \/>\t\t\t\t\t\t\t\t<\/a>\n\t\t\t\t\t\t\t\t\t\t\t\t\t\t\t<\/div>\n\t\t\t\t<\/div>\n\t\t\t\t<div class=\"elementor-element elementor-element-386571b6 elementor-widget elementor-widget-text-editor\" data-id=\"386571b6\" data-element_type=\"widget\" data-e-type=\"widget\" data-widget_type=\"text-editor.default\">\n\t\t\t\t<div class=\"elementor-widget-container\">\n\t\t\t\t\t\t\t\t\t<p><a href=\"https:\/\/www.erboristeriasalute.com\/prodotto\/naturaflora-plus-60\/\" target=\"_blank\" rel=\"noopener\"><strong>NATURAFLORA\u00a0PLUS<\/strong><\/a> \u00e8 il <strong>probiotico di nuova generazione<\/strong> con i ceppi di microrganismi ad oggi ritenuti pi\u00f9 importanti per ripristinare e mantenere il benessere intestinale.<br \/><em><strong>L&#8217;unico formulato e testato da un Naturopata con 20 anni di esperienza nell&#8217;integrazione per le problematiche intestinali!\u00a0<\/strong><\/em>(chi \u00e8 <a href=\"https:\/\/www.erboristeriasalute.com\/milo-manfredini\/\" target=\"_blank\" rel=\"noopener\">Milo Manfredini<\/a>?)<\/p><p>Una sola capsula di <a href=\"https:\/\/www.erboristeriasalute.com\/prodotto\/naturaflora-plus-60\/\" target=\"_blank\" rel=\"noopener\"><strong>NATURAFLORA\u00a0PLUS<\/strong><\/a> contiene:<\/p><ul><li>4 miliardi di <em>Saccharomyces boulardii<\/em><\/li><li>2 miliardi di <em>Lactobacillus plantarum<\/em><\/li><li>2 miliardi di <em>Bifidobacterium longum<\/em><\/li><li>2 miliardi di <em>Lactobacillus acidophilus<\/em><\/li><li>2 miliardi di <em>Lactobacillus rhamnosus<\/em><\/li><\/ul><p><strong><a href=\"https:\/\/www.erboristeriasalute.com\/prodotto\/naturaflora-plus-60\/\" target=\"_blank\" rel=\"noopener\">NATURAFLORA\u00a0PLUS<\/a> \u00e8 davvero benefico per l\u2019intestino, e questo effetto si ripercuote positivamente su tutto l\u2019organismo!<\/strong><\/p><p>Disponibile nel formato da 30 o da 60 <strong>capsule vegetali<\/strong>.<br \/><em>Completamente privo di lattosio e di glutine<\/em>.<\/p><p>Cosa aspetti?<br \/>Puoi acquistare <a href=\"https:\/\/www.erboristeriasalute.com\/prodotto\/naturaflora-plus-60\/\" target=\"_blank\" rel=\"noopener\"><strong>NATURAFLORA\u00a0PLUS<\/strong><\/a> in tutte le farmacie, oppure nel nostro sito in esclusiva a un <strong>PREZZO ECCEZIONALE<\/strong>!<\/p>\t\t\t\t\t\t\t\t<\/div>\n\t\t\t\t<\/div>\n\t\t\t\t\t<\/div>\n\t\t<\/div>\n\t\t\t\t\t<\/div>\n\t\t<\/section>\n\t\t\t\t<section class=\"elementor-section elementor-top-section elementor-element elementor-element-b81586b elementor-section-boxed elementor-section-height-default elementor-section-height-default\" data-id=\"b81586b\" data-element_type=\"section\" data-e-type=\"section\">\n\t\t\t\t\t\t<div class=\"elementor-container elementor-column-gap-default\">\n\t\t\t\t\t<div class=\"elementor-column elementor-col-100 elementor-top-column elementor-element elementor-element-40f6da3\" data-id=\"40f6da3\" data-element_type=\"column\" data-e-type=\"column\">\n\t\t\t<div class=\"elementor-widget-wrap elementor-element-populated\">\n\t\t\t\t\t\t<div class=\"elementor-element elementor-element-56bae99 elementor-widget elementor-widget-text-editor\" data-id=\"56bae99\" data-element_type=\"widget\" data-e-type=\"widget\" data-widget_type=\"text-editor.default\">\n\t\t\t\t<div class=\"elementor-widget-container\">\n\t\t\t\t\t\t\t\t\t<p>Fonti scientifiche<\/p><p>Sencio, V., Machado, M. G., &amp; Trottein, F. (2021). The lung\u2013gut axis during viral respiratory infections: the impact of gut dysbiosis on secondary disease outcomes.\u00a0<em>Mucosal Immunology<\/em>,\u00a0<em>14<\/em>(2), 296-304. <a href=\"https:\/\/doi.org\/10.1038\/s41385-020-00361-8\" target=\"_blank\" rel=\"noopener\">https:\/\/doi.org\/10.1038\/s41385-020-00361-8<\/a><\/p><p>Zhao, Y., Dong, B. R., &amp; Hao, Q. (2022). Probiotics for preventing acute upper respiratory tract infections.\u00a0<em>Cochrane database of systematic reviews<\/em>, (8). <a href=\"https:\/\/doi.org\/10.1002\/14651858.CD006895.pub4\" target=\"_blank\" rel=\"noopener\">https:\/\/doi.org\/10.1002\/14651858.CD006895.pub4<\/a><\/p><p>Debnath, N., Kumar, A., &amp; Yadav, A. K. (2022). Probiotics as a biotherapeutics for the management and prevention of respiratory tract diseases.\u00a0<em>Microbiology and Immunology<\/em>,\u00a0<em>66<\/em>(6), 277-291. <a href=\"https:\/\/doi.org\/10.1111\/1348-0421.12980\" target=\"_blank\" rel=\"noopener\">https:\/\/doi.org\/10.1111\/1348-0421.12980<\/a> <\/p>\t\t\t\t\t\t\t\t<\/div>\n\t\t\t\t<\/div>\n\t\t\t\t\t<\/div>\n\t\t<\/div>\n\t\t\t\t\t<\/div>\n\t\t<\/section>\n\t\t\t\t<\/div>\n\t\t","protected":false},"excerpt":{"rendered":"<p>Pu\u00f2 sembrare sorprendente, ma \u00e8 scientificamente provato: il microbiota intestinale influenza la salute delle vie respiratorie. Ed \u00e8 proprio per questo che i probiotici aiutano a prevenire e contrastare le infezioni respiratorie virali tipiche della<\/p>\n","protected":false},"author":3,"featured_media":9507,"comment_status":"closed","ping_status":"closed","sticky":false,"template":"","format":"standard","meta":{"footnotes":""},"categories":[1],"tags":[8,327,314,45,236,5,333,37,51,6,357],"class_list":["post-9505","post","type-post","status-publish","format-standard","has-post-thumbnail","hentry","category-salute","tag-influenza","tag-inverno","tag-malanni","tag-malanni-di-stagione","tag-malanni-invernali","tag-malanni-stagionali","tag-microbiota","tag-naturaflora-plus","tag-probiotici","tag-raffreddore","tag-virus"],"_links":{"self":[{"href":"https:\/\/www.erboristeriasalute.com\/news\/wp-json\/wp\/v2\/posts\/9505","targetHints":{"allow":["GET"]}}],"collection":[{"href":"https:\/\/www.erboristeriasalute.com\/news\/wp-json\/wp\/v2\/posts"}],"about":[{"href":"https:\/\/www.erboristeriasalute.com\/news\/wp-json\/wp\/v2\/types\/post"}],"author":[{"embeddable":true,"href":"https:\/\/www.erboristeriasalute.com\/news\/wp-json\/wp\/v2\/users\/3"}],"replies":[{"embeddable":true,"href":"https:\/\/www.erboristeriasalute.com\/news\/wp-json\/wp\/v2\/comments?post=9505"}],"version-history":[{"count":4,"href":"https:\/\/www.erboristeriasalute.com\/news\/wp-json\/wp\/v2\/posts\/9505\/revisions"}],"predecessor-version":[{"id":9510,"href":"https:\/\/www.erboristeriasalute.com\/news\/wp-json\/wp\/v2\/posts\/9505\/revisions\/9510"}],"wp:featuredmedia":[{"embeddable":true,"href":"https:\/\/www.erboristeriasalute.com\/news\/wp-json\/wp\/v2\/media\/9507"}],"wp:attachment":[{"href":"https:\/\/www.erboristeriasalute.com\/news\/wp-json\/wp\/v2\/media?parent=9505"}],"wp:term":[{"taxonomy":"category","embeddable":true,"href":"https:\/\/www.erboristeriasalute.com\/news\/wp-json\/wp\/v2\/categories?post=9505"},{"taxonomy":"post_tag","embeddable":true,"href":"https:\/\/www.erboristeriasalute.com\/news\/wp-json\/wp\/v2\/tags?post=9505"}],"curies":[{"name":"wp","href":"https:\/\/api.w.org\/{rel}","templated":true}]}}