{"id":9807,"date":"2025-06-16T10:36:40","date_gmt":"2025-06-16T08:36:40","guid":{"rendered":"https:\/\/www.erboristeriasalute.com\/news\/?p=9807"},"modified":"2025-06-16T10:52:34","modified_gmt":"2025-06-16T08:52:34","slug":"fibromi-uterini-utile-vitamina-d","status":"publish","type":"post","link":"https:\/\/www.erboristeriasalute.com\/news\/fibromi-uterini-utile-vitamina-d\/","title":{"rendered":"FIBROMI UTERINI, UTILE LA VITAMINA D"},"content":{"rendered":"\t\t<div data-elementor-type=\"wp-post\" data-elementor-id=\"9807\" class=\"elementor elementor-9807\">\n\t\t\t\t\t\t<section class=\"elementor-section elementor-top-section elementor-element elementor-element-7396213 elementor-section-boxed elementor-section-height-default elementor-section-height-default\" data-id=\"7396213\" data-element_type=\"section\" data-e-type=\"section\">\n\t\t\t\t\t\t<div class=\"elementor-container elementor-column-gap-default\">\n\t\t\t\t\t<div class=\"elementor-column elementor-col-100 elementor-top-column elementor-element elementor-element-1da12f2\" data-id=\"1da12f2\" data-element_type=\"column\" data-e-type=\"column\">\n\t\t\t<div class=\"elementor-widget-wrap elementor-element-populated\">\n\t\t\t\t\t\t<div class=\"elementor-element elementor-element-0c3341d elementor-widget elementor-widget-text-editor\" data-id=\"0c3341d\" data-element_type=\"widget\" data-e-type=\"widget\" data-widget_type=\"text-editor.default\">\n\t\t\t\t<div class=\"elementor-widget-container\">\n\t\t\t\t\t\t\t\t\t<p><em>La vitamina D \u00e8 in grado di rallentare la crescita dei fibromi uterini o addirittura di ridurne le dimensioni.<\/em><\/p><p>I fibromi uterini sono <strong>tumori benigni<\/strong> che originano dalle cellule muscolari dell\u2019utero. Spesso sono asintomatici, e vengono scoperti casualmente durante un\u2019ecografia effettuata per altri motivi; per circa un terzo o un quarto delle donne che ne soffrono, per\u00f2, <strong>possono causare problemi significativi<\/strong>, tra cui i pi\u00f9 comuni sono <a href=\"https:\/\/www.erboristeriasalute.com\/news\/mestruazioni-quando-sono-troppo-abbondanti\/\" target=\"_blank\" rel=\"noopener\">sanguinamenti mestruali abbondanti<\/a> e prolungati, anemia, dolore o pressione pelvica, stitichezza, incontinenza o al contrario ritenzione urinaria e, in alcuni casi, infertilit\u00e0 o <a href=\"https:\/\/www.erboristeriasalute.com\/news\/aborto-spontaneo-cause\/\" target=\"_blank\" rel=\"noopener\">aborti spontanei<\/a>, anche ripetuti.<\/p><p>I fibromi sono una patologia molto comune nelle donne in et\u00e0 fertile e tendono a crescere o persistere nel tempo: <strong>difficilmente regrediscono da soli<\/strong>, se non quando la donna entra in <a href=\"https:\/\/www.erboristeriasalute.com\/news\/integratori-naturali-menopausa-psyche-libera-vamp\/\" target=\"_blank\" rel=\"noopener\">menopausa<\/a>. Sono infatti gli <strong>ormoni femminili<\/strong> (estrogeni e progesterone) a <strong>stimolare la loro crescita<\/strong>, e dopo la menopausa, quando i livelli ormonali diminuiscono, i fibromi possono ridursi o addirittura scomparire. Anche se, in caso di fibromi particolarmente grandi, alcuni sintomi come dolore pelvico e disturbi urinari o intestinali possono persistere anche dopo la menopausa.<\/p><p>Tradizionalmente il trattamento principale per i fibromi sintomatici \u00e8 la <strong>rimozione chirurgica<\/strong>, che pu\u00f2 interessare solo il fibroma oppure in casi pi\u00f9 difficili l\u2019intero utero. Tuttavia molte donne desiderano preservare la loro fertilit\u00e0 o evitare interventi invasivi, e inoltre anche dopo la chirurgia i fibromi possono ricomparire. Per questo motivo c\u2019\u00e8 un forte interesse nello sviluppare <strong>trattamenti meno invasivi, pi\u00f9 sicuri e a lungo termine<\/strong>.<\/p><p><strong>\u00c8 qui che entra in gioco la vitamina D<\/strong>, un ormone steroideo con potenti effetti sul corpo umano, che vanno ben oltre la semplice <a href=\"https:\/\/www.erboristeriasalute.com\/news\/vitamina-d-osteoporosi\/\" target=\"_blank\" rel=\"noopener\">salute delle ossa<\/a>.<\/p>\t\t\t\t\t\t\t\t<\/div>\n\t\t\t\t<\/div>\n\t\t\t\t\t<\/div>\n\t\t<\/div>\n\t\t\t\t\t<\/div>\n\t\t<\/section>\n\t\t\t\t<section class=\"elementor-section elementor-top-section elementor-element elementor-element-c12d16a elementor-section-boxed elementor-section-height-default elementor-section-height-default\" data-id=\"c12d16a\" data-element_type=\"section\" data-e-type=\"section\">\n\t\t\t\t\t\t<div class=\"elementor-container elementor-column-gap-default\">\n\t\t\t\t\t<div class=\"elementor-column elementor-col-100 elementor-top-column elementor-element elementor-element-f8da394\" data-id=\"f8da394\" data-element_type=\"column\" data-e-type=\"column\">\n\t\t\t<div class=\"elementor-widget-wrap elementor-element-populated\">\n\t\t\t\t\t\t<div class=\"elementor-element elementor-element-ae5dd1c elementor-widget elementor-widget-image\" data-id=\"ae5dd1c\" data-element_type=\"widget\" data-e-type=\"widget\" data-widget_type=\"image.default\">\n\t\t\t\t<div class=\"elementor-widget-container\">\n\t\t\t\t\t\t\t\t\t\t\t\t\t\t\t<img fetchpriority=\"high\" decoding=\"async\" width=\"750\" height=\"450\" src=\"https:\/\/www.erboristeriasalute.com\/news\/wp-content\/uploads\/2025\/06\/fibromi-uterini-vitamina-d.jpg\" class=\"attachment-large size-large wp-image-9809\" alt=\"fibromi uterini e vitamina d\" srcset=\"https:\/\/www.erboristeriasalute.com\/news\/wp-content\/uploads\/2025\/06\/fibromi-uterini-vitamina-d.jpg 750w, https:\/\/www.erboristeriasalute.com\/news\/wp-content\/uploads\/2025\/06\/fibromi-uterini-vitamina-d-300x180.jpg 300w\" sizes=\"(max-width: 750px) 100vw, 750px\" \/>\t\t\t\t\t\t\t\t\t\t\t\t\t\t\t<\/div>\n\t\t\t\t<\/div>\n\t\t\t\t\t<\/div>\n\t\t<\/div>\n\t\t\t\t\t<\/div>\n\t\t<\/section>\n\t\t\t\t<section class=\"elementor-section elementor-top-section elementor-element elementor-element-2ae1479 elementor-section-boxed elementor-section-height-default elementor-section-height-default\" data-id=\"2ae1479\" data-element_type=\"section\" data-e-type=\"section\">\n\t\t\t\t\t\t<div class=\"elementor-container elementor-column-gap-default\">\n\t\t\t\t\t<div class=\"elementor-column elementor-col-100 elementor-top-column elementor-element elementor-element-8f2831d\" data-id=\"8f2831d\" data-element_type=\"column\" data-e-type=\"column\">\n\t\t\t<div class=\"elementor-widget-wrap elementor-element-populated\">\n\t\t\t\t\t\t<div class=\"elementor-element elementor-element-3bdccba elementor-widget elementor-widget-text-editor\" data-id=\"3bdccba\" data-element_type=\"widget\" data-e-type=\"widget\" data-widget_type=\"text-editor.default\">\n\t\t\t\t<div class=\"elementor-widget-container\">\n\t\t\t\t\t\t\t\t\t<h2>Quale ruolo ha la vitamina D nella biologia dei fibromi uterini?<\/h2><p>La vitamina D esercita le proprie funzioni legandosi a uno specifico recettore presente nelle cellule di quasi tutti gli organi e tessuti, tra cui anche il miometrio (la muscolatura dell\u2019utero) e i fibromi uterini stessi. Quando la vitamina D attiva il suo recettore pu\u00f2 accendere o spegnere molti geni, <strong>modulando cos\u00ec diversi processi cellulari<\/strong>: ad esempio proliferazione, apoptosi (cio\u00e8 morte programmata), riparazione del DNA danneggiato, deposizione della matrice extracellulare (ovvero quella rete tridimensionale di macromolecole che circonda le cellule e, insieme ad esse, forma i tessuti), comunicazione tra una cellula e l\u2019altra.<\/p><p>Negli ultimi anni diversi studi hanno evidenziato una <strong>forte correlazione tra carenza di vitamina D e fibromi uterini<\/strong>. In genere le donne con fibromi hanno livelli di vitamina D pi\u00f9 bassi delle altre, e la carenza di vitamina D aumenta di circa il 30% la probabilit\u00e0 di avere fibromi.<\/p><p>Questo perch\u00e9 <strong>la vitamina D contrasta la formazione dei fibromi uterini in diversi modi<\/strong>:<\/p><ul><li><strong>Inibisce la moltiplicazione delle cellule dei fibromi<\/strong>. Lo fa riducendo l\u2019attivit\u00e0 di alcune molecole che promuovono la proliferazione cellulare, e stimolando i meccanismi che portano alla morte programmata delle cellule (apoptosi).<br \/><br \/><\/li><li><strong>Riduce la formazione di tessuto fibroso<\/strong>. I fibromi, come suggerisce il loro nome, sono formazioni fibrose, caratterizzate da un eccesso di alcune proteine come collagene di tipo 1 e fibronectina nella matrice extracellulare. La vitamina D \u00e8 in grado di rimodellare la matrice extracellulare, rendendola meno fibrosa.<br \/><br \/><\/li><li><strong>Modula i recettori ormonali<\/strong>. I fibromi sono sensibili agli ormoni estrogeni e progesterone, che ne stimolano la crescita. La vitamina D ha la capacit\u00e0 di ridurre il numero di recettori per questi ormoni presenti nelle cellule dei fibromi, e quindi di renderli meno sensibili agli effetti stimolanti di estrogeni e progesterone.<br \/><br \/><\/li><li><strong>Contribuisce alla riparazione del DNA.<\/strong> Nelle cellule dei fibromi i meccanismi di riparazione del DNA sono difettosi: questo fa s\u00ec che i geni accumulino danni e mutazioni, ed \u00e8 probabilmente uno dei motivi per cui le cellule cominciano a comportarsi in maniera anomala. La vitamina D aiuta a riparare i danni al DNA nelle cellule dei fibromi.<\/li><\/ul><h2>Vitamina D per trattare i fibromi uterini<\/h2><p>L\u2019effetto dell\u2019integrazione di vitamina D sui fibromi uterini \u00e8 stato indagato da diversi <strong>studi scientifici<\/strong>.<\/p><p>In alcuni casi la vitamina D ha <strong>rallentato o fermato l\u2019ingrossamento dei fibromi<\/strong> che di solito si verifica nel tempo, in altri ne ha addirittura <strong>ridotto le dimensioni della met\u00e0<\/strong>; in altri ancora ha <strong>dimezzato i tassi di recidiva<\/strong> dopo la rimozione chirurgica, riducendo anche il volume dei fibromi recidivanti.<\/p><p>Dal momento che la carenza di vitamina D \u00e8 molto diffusa, <strong>\u00e8 fondamentale che tutte le donne (e a maggior ragione quelle che soffrono di fibromi) controllino i livelli di questa vitamina<\/strong>. E, nel caso emergesse una carenza, ne discutano con il medico e inizino ad assumere un integratore.<\/p>\t\t\t\t\t\t\t\t<\/div>\n\t\t\t\t<\/div>\n\t\t\t\t\t<\/div>\n\t\t<\/div>\n\t\t\t\t\t<\/div>\n\t\t<\/section>\n\t\t\t\t<section class=\"elementor-section elementor-top-section elementor-element elementor-element-59ef8a9d elementor-section-boxed elementor-section-height-default elementor-section-height-default\" data-id=\"59ef8a9d\" data-element_type=\"section\" data-e-type=\"section\">\n\t\t\t\t\t\t<div class=\"elementor-container elementor-column-gap-default\">\n\t\t\t\t\t<div class=\"elementor-column elementor-col-100 elementor-top-column elementor-element elementor-element-63bfa49d\" data-id=\"63bfa49d\" data-element_type=\"column\" data-e-type=\"column\">\n\t\t\t<div class=\"elementor-widget-wrap elementor-element-populated\">\n\t\t\t\t\t\t<div class=\"elementor-element elementor-element-42e8e031 elementor-widget elementor-widget-image\" data-id=\"42e8e031\" data-element_type=\"widget\" data-e-type=\"widget\" data-widget_type=\"image.default\">\n\t\t\t\t<div class=\"elementor-widget-container\">\n\t\t\t\t\t\t\t\t\t\t\t\t\t\t\t\t<a href=\"https:\/\/www.erboristeriasalute.com\/prodotto\/fitod3-softgel\/\" target=\"_blank\">\n\t\t\t\t\t\t\t<img decoding=\"async\" width=\"300\" height=\"225\" src=\"https:\/\/www.erboristeriasalute.com\/news\/wp-content\/uploads\/2022\/09\/FitoD3-300x225.jpg\" class=\"attachment-medium size-medium wp-image-7338\" alt=\"FitoD3 vitamina D vegetale NutraLabs\" srcset=\"https:\/\/www.erboristeriasalute.com\/news\/wp-content\/uploads\/2022\/09\/FitoD3-300x225.jpg 300w, https:\/\/www.erboristeriasalute.com\/news\/wp-content\/uploads\/2022\/09\/FitoD3-100x75.jpg 100w, https:\/\/www.erboristeriasalute.com\/news\/wp-content\/uploads\/2022\/09\/FitoD3.jpg 640w\" sizes=\"(max-width: 300px) 100vw, 300px\" \/>\t\t\t\t\t\t\t\t<\/a>\n\t\t\t\t\t\t\t\t\t\t\t\t\t\t\t<\/div>\n\t\t\t\t<\/div>\n\t\t\t\t<div class=\"elementor-element elementor-element-77fa50d7 elementor-widget elementor-widget-text-editor\" data-id=\"77fa50d7\" data-element_type=\"widget\" data-e-type=\"widget\" data-widget_type=\"text-editor.default\">\n\t\t\t\t<div class=\"elementor-widget-container\">\n\t\t\t\t\t\t\t\t\t<h2 style=\"text-align: center;\">Hai bisogno di un apporto extra di Vitamina D?<\/h2><h2 style=\"text-align: center;\">NutraLabs ti propone FITOD3 SOFTGEL!<\/h2><p><a href=\"https:\/\/www.erboristeriasalute.com\/prodotto\/fitod3-softgel\/\" target=\"_blank\" rel=\"noopener\"><strong>FITOD3 SOFTGEL<\/strong><\/a>\u00a0\u00e8 un integratore di vitamina D3 dalle <strong>caratteristiche straordinarie<\/strong>:<\/p><ul><li>alto dosaggio: 2.000 UI per perla<\/li><li>fonte vegetale: lichene islandico<\/li><li>in olio extravergine di oliva<\/li><li>con tecnologia Vegetal Softgel: gelatina di origine vegetale adatta a vegetariani e vegani<\/li><li>senza glutine<\/li><li>naturalmente privo di lattosio.<\/li><\/ul><p>Prova <a href=\"https:\/\/www.erboristeriasalute.com\/prodotto\/fitod3-softgel\/\" target=\"_blank\" rel=\"noopener\"><strong>FITOD3 SOFTGEL<\/strong><\/a>!<br \/><strong>Lo trovi in esclusiva sul nostro sito, a un PREZZO ECCEZIONALE!<\/strong><\/p>\t\t\t\t\t\t\t\t<\/div>\n\t\t\t\t<\/div>\n\t\t\t\t\t<\/div>\n\t\t<\/div>\n\t\t\t\t\t<\/div>\n\t\t<\/section>\n\t\t\t\t<section class=\"elementor-section elementor-top-section elementor-element elementor-element-64547db8 elementor-section-boxed elementor-section-height-default elementor-section-height-default\" data-id=\"64547db8\" data-element_type=\"section\" data-e-type=\"section\">\n\t\t\t\t\t\t<div class=\"elementor-container elementor-column-gap-default\">\n\t\t\t\t\t<div class=\"elementor-column elementor-col-100 elementor-top-column elementor-element elementor-element-481c56cc\" data-id=\"481c56cc\" data-element_type=\"column\" data-e-type=\"column\">\n\t\t\t<div class=\"elementor-widget-wrap elementor-element-populated\">\n\t\t\t\t\t\t<div class=\"elementor-element elementor-element-1537b9f elementor-widget elementor-widget-text-editor\" data-id=\"1537b9f\" data-element_type=\"widget\" data-e-type=\"widget\" data-widget_type=\"text-editor.default\">\n\t\t\t\t<div class=\"elementor-widget-container\">\n\t\t\t\t\t\t\t\t\t<p>Fonti scientifiche<\/p><p>Alsharif, S. A., Baradwan, S., Alshahrani, M. S., Khadawardi, K., AlSghan, R., Badghish, E., &#8230; &amp; Abu-Zaid, A. (2024). Effect of Oral Consumption of Vitamin D on Uterine Fibroids: A Systematic Review and Meta-Analysis of Randomized Clinical Trials.\u00a0<em>Nutrition and Cancer<\/em>,\u00a0<em>76<\/em>(3), 226-235. <a href=\"https:\/\/doi.org\/10.1080\/01635581.2023.2288716\" target=\"_blank\" rel=\"noopener\">https:\/\/doi.org\/10.1080\/01635581.2023.2288716<\/a><\/p><p>Brakta, S., Diamond, J. S., Al-Hendy, A., Diamond, M. P., &amp; Halder, S. K. (2015). Role of vitamin D in uterine fibroid biology.\u00a0<em>Fertility and sterility<\/em>,\u00a0<em>104<\/em>(3), 698-706. <a href=\"https:\/\/doi.org\/10.1016\/j.fertnstert.2015.05.031\" target=\"_blank\" rel=\"noopener\">https:\/\/doi.org\/10.1016\/j.fertnstert.2015.05.031<\/a><\/p><p>Ciebiera, M., W\u0142odarczyk, M., Ciebiera, M., Zar\u0119ba, K., \u0141ukaszuk, K., &amp; Jakiel, G. (2018). Vitamin D and uterine fibroids\u2014review of the literature and novel concepts.\u00a0<em>International journal of molecular sciences<\/em>,\u00a0<em>19<\/em>(7), 2051. <a href=\"https:\/\/www.mdpi.com\/1422-0067\/19\/7\/2051#\" target=\"_blank\" rel=\"noopener\">https:\/\/www.mdpi.com\/1422-0067\/19\/7\/2051#<\/a><\/p><p>Vergara, D., Catherino, W. H., Trojano, G., &amp; Tinelli, A. (2021). Vitamin D: mechanism of action and biological effects in uterine fibroids.\u00a0<em>Nutrients<\/em>,\u00a0<em>13<\/em>(2), 597. <a href=\"https:\/\/www.mdpi.com\/2072-6643\/13\/2\/597#\" target=\"_blank\" rel=\"noopener\">https:\/\/www.mdpi.com\/2072-6643\/13\/2\/597#<\/a><\/p><p>Arjeh, S., Darsareh, F., Asl, Z. A., &amp; Kutenaei, M. A. (2020). Effect of oral consumption of vitamin D on uterine fibroids: A randomized clinical trial.\u00a0<em>Complementary therapies in clinical practice<\/em>,\u00a0<em>39<\/em>, 101159. <a href=\"https:\/\/doi.org\/10.1016\/j.ctcp.2020.101159\" target=\"_blank\" rel=\"noopener\">https:\/\/doi.org\/10.1016\/j.ctcp.2020.101159<\/a><\/p><p>Vahdat, M., Allahqoli, L., Mirzaei, H., Giovannucci, E., Salehiniya, H., Mansouri, G., &amp; Alkatout, I. (2022). The effect of vitamin D on recurrence of uterine fibroids: a randomized, double-blind, placebo-controlled pilot study.\u00a0<em>Complementary Therapies in Clinical Practice<\/em>,\u00a0<em>46<\/em>, 101536. <a href=\"https:\/\/doi.org\/10.1016\/j.ctcp.2022.101536\" target=\"_blank\" rel=\"noopener\">https:\/\/doi.org\/10.1016\/j.ctcp.2022.101536<\/a><\/p><p>Orive, A., Corach\u00e1n, A., Escrig, J., Monle\u00f3n, J., Pellicer, A., Cervell\u00f3, I., &amp; Ferrero, H. (2023). P-332 Standard-dose Vitamin D supplementation as an effective and safe non-hormonal treatment for the prevention of uterine fibroid growth in reproductive-age women: A pilot study.\u00a0<em>Human Reproduction<\/em>,\u00a0<em>38<\/em>(Supplement_1), dead093-690. <a href=\"https:\/\/doi.org\/10.1093\/humrep\/dead093.690\" target=\"_blank\" rel=\"noopener\">https:\/\/doi.org\/10.1093\/humrep\/dead093.690<\/a><\/p>\t\t\t\t\t\t\t\t<\/div>\n\t\t\t\t<\/div>\n\t\t\t\t\t<\/div>\n\t\t<\/div>\n\t\t\t\t\t<\/div>\n\t\t<\/section>\n\t\t\t\t<section class=\"elementor-section elementor-top-section elementor-element elementor-element-6b6f8a5f elementor-section-boxed elementor-section-height-default elementor-section-height-default\" data-id=\"6b6f8a5f\" data-element_type=\"section\" data-e-type=\"section\">\n\t\t\t\t\t\t<div class=\"elementor-container elementor-column-gap-default\">\n\t\t\t\t\t<div class=\"elementor-column elementor-col-100 elementor-top-column elementor-element elementor-element-53b91046\" data-id=\"53b91046\" data-element_type=\"column\" data-e-type=\"column\">\n\t\t\t<div class=\"elementor-widget-wrap elementor-element-populated\">\n\t\t\t\t\t\t<div class=\"elementor-element elementor-element-6d05f0fe elementor-widget elementor-widget-text-editor\" data-id=\"6d05f0fe\" data-element_type=\"widget\" data-e-type=\"widget\" data-widget_type=\"text-editor.default\">\n\t\t\t\t<div class=\"elementor-widget-container\">\n\t\t\t\t\t\t\t\t\t<p><span style=\"color: #0000ff;\"><strong><em>Ti \u00e8 piaciuto questo articolo? Allora fallo leggere anche ai tuoi amici!<br \/>Condividilo sui social e metti un \u201cmi piace\u201d al nostro profilo!<\/em><\/strong><\/span><\/p>\t\t\t\t\t\t\t\t<\/div>\n\t\t\t\t<\/div>\n\t\t\t\t\t<\/div>\n\t\t<\/div>\n\t\t\t\t\t<\/div>\n\t\t<\/section>\n\t\t\t\t<\/div>\n\t\t","protected":false},"excerpt":{"rendered":"<p>La vitamina D \u00e8 in grado di rallentare la crescita dei fibromi uterini o addirittura di ridurne le dimensioni. I fibromi uterini sono tumori benigni che originano dalle cellule muscolari dell\u2019utero. Spesso sono asintomatici, e<\/p>\n","protected":false},"author":3,"featured_media":9809,"comment_status":"closed","ping_status":"closed","sticky":false,"template":"","format":"standard","meta":{"footnotes":""},"categories":[1],"tags":[305,15,505,474,300,389],"class_list":["post-9807","post","type-post","status-publish","format-standard","has-post-thumbnail","hentry","category-salute","tag-benessere-donna","tag-benessere-femminile","tag-fibromi-uterini","tag-fitod3","tag-salute-donna","tag-vitamina-d"],"_links":{"self":[{"href":"https:\/\/www.erboristeriasalute.com\/news\/wp-json\/wp\/v2\/posts\/9807","targetHints":{"allow":["GET"]}}],"collection":[{"href":"https:\/\/www.erboristeriasalute.com\/news\/wp-json\/wp\/v2\/posts"}],"about":[{"href":"https:\/\/www.erboristeriasalute.com\/news\/wp-json\/wp\/v2\/types\/post"}],"author":[{"embeddable":true,"href":"https:\/\/www.erboristeriasalute.com\/news\/wp-json\/wp\/v2\/users\/3"}],"replies":[{"embeddable":true,"href":"https:\/\/www.erboristeriasalute.com\/news\/wp-json\/wp\/v2\/comments?post=9807"}],"version-history":[{"count":8,"href":"https:\/\/www.erboristeriasalute.com\/news\/wp-json\/wp\/v2\/posts\/9807\/revisions"}],"predecessor-version":[{"id":9828,"href":"https:\/\/www.erboristeriasalute.com\/news\/wp-json\/wp\/v2\/posts\/9807\/revisions\/9828"}],"wp:featuredmedia":[{"embeddable":true,"href":"https:\/\/www.erboristeriasalute.com\/news\/wp-json\/wp\/v2\/media\/9809"}],"wp:attachment":[{"href":"https:\/\/www.erboristeriasalute.com\/news\/wp-json\/wp\/v2\/media?parent=9807"}],"wp:term":[{"taxonomy":"category","embeddable":true,"href":"https:\/\/www.erboristeriasalute.com\/news\/wp-json\/wp\/v2\/categories?post=9807"},{"taxonomy":"post_tag","embeddable":true,"href":"https:\/\/www.erboristeriasalute.com\/news\/wp-json\/wp\/v2\/tags?post=9807"}],"curies":[{"name":"wp","href":"https:\/\/api.w.org\/{rel}","templated":true}]}}